{"id":15277,"date":"2023-03-16T21:14:53","date_gmt":"2023-03-16T20:14:53","guid":{"rendered":"https:\/\/www.czechcyclingfederation.com\/?p=15277"},"modified":"2023-03-16T21:14:55","modified_gmt":"2023-03-16T20:14:55","slug":"cesi-se-do-desitky-na-drahovem-nations-cupu-nedostali","status":"publish","type":"post","link":"https:\/\/www.czechcyclingfederation.com\/en\/cesi-se-do-desitky-na-drahovem-nations-cupu-nedostali\/","title":{"rendered":"\u010ce\u0161i se do des\u00edtky na dr\u00e1hov\u00e9m Nations Cupu nedostali"},"content":{"rendered":"\n<p>Druh\u00fd den seri\u00e1lu z\u00e1vod\u016f Nations Cup v dr\u00e1hov\u00fdch discipl\u00edn\u00e1ch \u010desk\u00fdm barv\u00e1m v egyptsk\u00e9 K\u00e1hi\u0159e um\u00edst\u011bn\u00ed v prvn\u00ed des\u00edtce nep\u0159inesl. Nejbl\u00ed\u017ee tomu byly ob\u011b tria v t\u00fdmov\u00e9m sprintu &#8211; Mat\u011bj Bohusl\u00e1vek, Dominik Topinka a Martin \u010cechman stejn\u011b jako Nat\u00e1lie Mik\u0161an\u00edkov\u00e1, Veronka Jaborn\u00edkov\u00e1 a Anna Jaborn\u00edkov\u00e1 skon\u010dila na dvan\u00e1ct\u00e9m m\u00edst\u011b.<\/p>\n\n\n\n<p>\u010ctrn\u00e1ctou pozici obsadily Petra \u0160ev\u010d\u00edkov\u00e1 s Barborou N\u011bmcovou v madisonu, \u0161estn\u00e1ct\u00fd byl v omniu klasifikov\u00e1n Milan Kadlec.<\/p>\n\n\n\n<p>V\u00fdsledky:<\/p>\n\n\n\n<p>Mu\u017ei:<\/p>\n\n\n\n<p>St\u00edhac\u00ed z\u00e1vod dru\u017estev:<\/p>\n\n\n\n<p>Fin\u00e1le: D\u00e1nsko (Hansen, Pedersen, Bevort, Skivild) 3:52,312 &#8211; Francie 3:53,229, o 3. m\u00edsto: N\u011bmecko 3:58,087 &#8211; Nov\u00fd Z\u00e9land 3:58,627.<\/p>\n\n\n\n<p>T\u00fdmov\u00fd sprint:<\/p>\n\n\n\n<p>Fin\u00e1le: Nizozemsko (Hoogland, Lavreysen, van den Berg) 42,641 &#8211; Francie 43,887, o 3. m\u00edsto: Japonsko 43,361 &#8211; \u010c\u00edna 44,152, &#8230;12. \u010cR (Bohusl\u00e1vek, Topinka, \u010cechman) 45,065.<\/p>\n\n\n\n<p>Keirin:<\/p>\n\n\n\n<p>1. Nakano (Jap.), 2. Sahrom (Mal.), 3. Ota, 4. Terasaki (oba Jap.), 6. Tjon en Fa (Sur.), 6. Vigier (Fr.), &#8230;27. \u010cechman, 44. Bohusl\u00e1vek (oba \u010cR).<\/p>\n\n\n\n<p>Omnium:<\/p>\n\n\n\n<p>1. Boudat (Fr.) 139, 2. Viviani (It.) 119, 3. Kluge (N\u011bm.) 117, 4. Dorenbos (Niz.) 115, 5. Mora Vedri (\u0160p.) 103, 6. van den Bossche (Belg.) 103, &#8230;16. Kadlec (\u010cR) 39.<\/p>\n\n\n\n<p>\u017deny:<\/p>\n\n\n\n<p>St\u00edhac\u00ed z\u00e1vod dru\u017estev:<\/p>\n\n\n\n<p>Fin\u00e1le: Francie (Copponiov\u00e1, Fortinov\u00e1, Borrasov\u00e1, le Netov\u00e1) 4:13,820 &#8211; Nov\u00fd Z\u00e9land 4:15,000, o 3. m\u00edsto: N\u011bmecko 4:18,324 &#8211; Irsko 4:23,238.<\/p>\n\n\n\n<p>T\u00fdmov\u00fd sprint:<\/p>\n\n\n\n<p>Fin\u00e1le: \u010c\u00edna (Pao \u0160an-\u0165\u00fc, Kuo J\u00fc-fang, J\u00fcan Li-jing) 47,676 &#8211; N\u011bmecko 47,912, o 3. m\u00edsto: Francie 47,999 &#8211; Brit\u00e1nie 48,027, &#8230;12. \u010cR (Mik\u0161an\u00edkov\u00e1, V. Jaborn\u00edkov\u00e1, A. Jaborn\u00edkov\u00e1) 50,672.<\/p>\n\n\n\n<p>Madison:<\/p>\n\n\n\n<p>1. Copponiov\u00e1, Fortinov\u00e1 (Fr.) 35, 2. Dideriksenov\u00e1, Lehtov\u00e1 (D\u00e1n.) 34, 3. Bpthaov\u00e1, Wollastonov\u00e1 (N. Z\u00e9l.) 24, 4. Leechov\u00e1, Lewisov\u00e1 (Brit.) 12, 5. Raaijmakersov\u00e1, van der Duinov\u00e1 (Niz.) 10, 6. Teutenbergov\u00e1, Brausseov\u00e1 (N\u011bm.) 9, &#8230;14. \u0160ev\u010d\u00edkov\u00e1, N\u011bmcov\u00e1 (\u010cR) -20.<\/p>\n\n\n\n<p>Sprint:<\/p>\n\n\n\n<p>Fin\u00e1le: Finucaneov\u00e1 &#8211; Capewellov\u00e1 (ob\u011b Brit.) 2:0, o 3. m\u00edsto: Hinzeov\u00e1 (N\u011bm.) &#8211; Veceov\u00e1 (It.) 2:0, &#8230;27. V. Jaborn\u00edkov\u00e1 (\u010cR).<\/p>\n\n\n\n<figure class=\"wp-block-image size-large\"><img loading=\"lazy\" decoding=\"async\" width=\"1024\" height=\"735\" src=\"http:\/\/www.czechcyclingfederation.com\/wp-content\/uploads\/2023\/03\/Jabornikova-v.-EMN_7133-1024x735.jpg\" alt=\"\" class=\"wp-image-15279\" srcset=\"https:\/\/www.czechcyclingfederation.com\/wp-content\/uploads\/2023\/03\/Jabornikova-v.-EMN_7133-1024x735.jpg 1024w, https:\/\/www.czechcyclingfederation.com\/wp-content\/uploads\/2023\/03\/Jabornikova-v.-EMN_7133-279x200.jpg 279w, https:\/\/www.czechcyclingfederation.com\/wp-content\/uploads\/2023\/03\/Jabornikova-v.-EMN_7133-768x551.jpg 768w, https:\/\/www.czechcyclingfederation.com\/wp-content\/uploads\/2023\/03\/Jabornikova-v.-EMN_7133-1536x1102.jpg 1536w, https:\/\/www.czechcyclingfederation.com\/wp-content\/uploads\/2023\/03\/Jabornikova-v.-EMN_7133-2048x1469.jpg 2048w, https:\/\/www.czechcyclingfederation.com\/wp-content\/uploads\/2023\/03\/Jabornikova-v.-EMN_7133-1320x947.jpg 1320w\" sizes=\"auto, (max-width: 1024px) 100vw, 1024px\" \/><\/figure>\n","protected":false},"excerpt":{"rendered":"<p>Druh\u00fd den seri\u00e1lu z\u00e1vod\u016f Nations Cup v dr\u00e1hov\u00fdch discipl\u00edn\u00e1ch \u010desk\u00fdm barv\u00e1m v egyptsk\u00e9 K\u00e1hi\u0159e um\u00edst\u011bn\u00ed v prvn\u00ed des\u00edtce nep\u0159inesl. Nejbl\u00ed\u017ee tomu byly ob\u011b tria v t\u00fdmov\u00e9m sprintu &#8211; Mat\u011bj Bohusl\u00e1vek, Dominik Topinka a Martin \u010cechman stejn\u011b jako Nat\u00e1lie Mik\u0161an\u00edkov\u00e1, Veronka Jaborn\u00edkov\u00e1 a Anna Jaborn\u00edkov\u00e1 skon\u010dila na dvan\u00e1ct\u00e9m m\u00edst\u011b. \u010ctrn\u00e1ctou pozici obsadily Petra \u0160ev\u010d\u00edkov\u00e1 s Barborou [&hellip;]<\/p>\n","protected":false},"author":8,"featured_media":15278,"comment_status":"closed","ping_status":"open","sticky":false,"template":"","format":"standard","meta":{"footnotes":""},"categories":[54,2],"tags":[9],"class_list":["post-15277","post","type-post","status-publish","format-standard","has-post-thumbnail","hentry","category-draha","category-novinky","tag-draha"],"_links":{"self":[{"href":"https:\/\/www.czechcyclingfederation.com\/en\/wp-json\/wp\/v2\/posts\/15277","targetHints":{"allow":["GET"]}}],"collection":[{"href":"https:\/\/www.czechcyclingfederation.com\/en\/wp-json\/wp\/v2\/posts"}],"about":[{"href":"https:\/\/www.czechcyclingfederation.com\/en\/wp-json\/wp\/v2\/types\/post"}],"author":[{"embeddable":true,"href":"https:\/\/www.czechcyclingfederation.com\/en\/wp-json\/wp\/v2\/users\/8"}],"replies":[{"embeddable":true,"href":"https:\/\/www.czechcyclingfederation.com\/en\/wp-json\/wp\/v2\/comments?post=15277"}],"version-history":[{"count":1,"href":"https:\/\/www.czechcyclingfederation.com\/en\/wp-json\/wp\/v2\/posts\/15277\/revisions"}],"predecessor-version":[{"id":15280,"href":"https:\/\/www.czechcyclingfederation.com\/en\/wp-json\/wp\/v2\/posts\/15277\/revisions\/15280"}],"wp:featuredmedia":[{"embeddable":true,"href":"https:\/\/www.czechcyclingfederation.com\/en\/wp-json\/wp\/v2\/media\/15278"}],"wp:attachment":[{"href":"https:\/\/www.czechcyclingfederation.com\/en\/wp-json\/wp\/v2\/media?parent=15277"}],"wp:term":[{"taxonomy":"category","embeddable":true,"href":"https:\/\/www.czechcyclingfederation.com\/en\/wp-json\/wp\/v2\/categories?post=15277"},{"taxonomy":"post_tag","embeddable":true,"href":"https:\/\/www.czechcyclingfederation.com\/en\/wp-json\/wp\/v2\/tags?post=15277"}],"curies":[{"name":"wp","href":"https:\/\/api.w.org\/{rel}","templated":true}]}}