{"id":15262,"date":"2023-03-16T10:15:53","date_gmt":"2023-03-16T09:15:53","guid":{"rendered":"https:\/\/www.czechcyclingfederation.com\/?p=15262"},"modified":"2023-03-16T10:15:55","modified_gmt":"2023-03-16T09:15:55","slug":"vones-skoncil-na-sp-v-kahire-paty-ve-vylucovacce","status":"publish","type":"post","link":"https:\/\/www.czechcyclingfederation.com\/en\/vones-skoncil-na-sp-v-kahire-paty-ve-vylucovacce\/","title":{"rendered":"Vone\u0161 skon\u010dil na SP v K\u00e1hi\u0159e p\u00e1t\u00fd ve vylu\u010dova\u010dce"},"content":{"rendered":"\n<p>V\u00fdborn\u00e9 p\u00e1t\u00e9 m\u00edsto vybojoval Jan Vone\u0161 ve vylu\u010dovac\u00edm z\u00e1vodu v \u00favodn\u00ed den druh\u00e9ho d\u00edlu seri\u00e1lu Nations Cup na dr\u00e1ze, kter\u00fd se jede v egyptsk\u00e9 K\u00e1hi\u0159e. Ve druh\u00e9m z\u00e1vod\u011b dne, kter\u00fdm byla stejn\u00e1 discipl\u00edna \u017een, skon\u010dila lo\u0148sk\u00e1 sv\u011btov\u00e1 \u0161ampionka mezi juniorkami p\u0159i premi\u00e9\u0159e elite Barbora N\u011bmcov\u00e1, dvan\u00e1ct\u00e1.<\/p>\n\n\n\n<p>Mu\u017e\u016fm v\u00e9vodil Brit William Tidball, mezi \u017eenami vystoupila na nejvy\u0161\u0161\u00ed stupe\u0148 &nbsp;Jennifer Valenteov\u00e1 z USA.<\/p>\n\n\n\n<p>V\u00fdsledky:<\/p>\n\n\n\n<p>Mu\u017ei:<\/p>\n\n\n\n<p>Vylu\u010dovac\u00ed z\u00e1vod:<\/p>\n\n\n\n<p>1. Tidball (Brit.), 2. Havik (Niz.), 3. Scartezzini (It.), 4. Deronbos (Niz.), 5. Vone\u0161 (\u010cR), 6. Kuboki (Jap.).<\/p>\n\n\n\n<p>\u017deny:<\/p>\n\n\n\n<p>Vylu\u010dovac\u00ed z\u00e1uvod:<\/p>\n\n\n\n<p>1. Valenteov\u00e1 (USA), 2. Berteauov\u00e1 (Fr.), 3. Lewisov\u00e1 (Brit.), 4. Stenbergov\u00e1 (Nor.), 5. Raaijmakersov\u00e1 (Niz.), 6. Rodriguezov\u00e1 (\u0160p.), &#8230;12. N\u011bmcov\u00e1 (\u010cR).<\/p>\n\n\n\n<p>FOTO Jan Brychta<\/p>\n\n\n\n<figure class=\"wp-block-image size-large\"><img loading=\"lazy\" decoding=\"async\" width=\"657\" height=\"431\" src=\"http:\/\/www.czechcyclingfederation.com\/wp-content\/uploads\/2023\/03\/Nemcova-Barbora-32632-Cetkovsky.jpg\" alt=\"\" class=\"wp-image-15263\" srcset=\"https:\/\/www.czechcyclingfederation.com\/wp-content\/uploads\/2023\/03\/Nemcova-Barbora-32632-Cetkovsky.jpg 657w, https:\/\/www.czechcyclingfederation.com\/wp-content\/uploads\/2023\/03\/Nemcova-Barbora-32632-Cetkovsky-300x197.jpg 300w\" sizes=\"auto, (max-width: 657px) 100vw, 657px\" \/><\/figure>\n","protected":false},"excerpt":{"rendered":"<p>V\u00fdborn\u00e9 p\u00e1t\u00e9 m\u00edsto vybojoval Jan Vone\u0161 ve vylu\u010dovac\u00edm z\u00e1vodu v \u00favodn\u00ed den druh\u00e9ho d\u00edlu seri\u00e1lu Nations Cup na dr\u00e1ze, kter\u00fd se jede v egyptsk\u00e9 K\u00e1hi\u0159e. Ve druh\u00e9m z\u00e1vod\u011b dne, kter\u00fdm byla stejn\u00e1 discipl\u00edna \u017een, skon\u010dila lo\u0148sk\u00e1 sv\u011btov\u00e1 \u0161ampionka mezi juniorkami p\u0159i premi\u00e9\u0159e elite Barbora N\u011bmcov\u00e1, dvan\u00e1ct\u00e1. Mu\u017e\u016fm v\u00e9vodil Brit William Tidball, mezi \u017eenami vystoupila na [&hellip;]<\/p>\n","protected":false},"author":8,"featured_media":15265,"comment_status":"closed","ping_status":"open","sticky":false,"template":"","format":"standard","meta":{"footnotes":""},"categories":[54,2],"tags":[9],"class_list":["post-15262","post","type-post","status-publish","format-standard","has-post-thumbnail","hentry","category-draha","category-novinky","tag-draha"],"_links":{"self":[{"href":"https:\/\/www.czechcyclingfederation.com\/en\/wp-json\/wp\/v2\/posts\/15262","targetHints":{"allow":["GET"]}}],"collection":[{"href":"https:\/\/www.czechcyclingfederation.com\/en\/wp-json\/wp\/v2\/posts"}],"about":[{"href":"https:\/\/www.czechcyclingfederation.com\/en\/wp-json\/wp\/v2\/types\/post"}],"author":[{"embeddable":true,"href":"https:\/\/www.czechcyclingfederation.com\/en\/wp-json\/wp\/v2\/users\/8"}],"replies":[{"embeddable":true,"href":"https:\/\/www.czechcyclingfederation.com\/en\/wp-json\/wp\/v2\/comments?post=15262"}],"version-history":[{"count":1,"href":"https:\/\/www.czechcyclingfederation.com\/en\/wp-json\/wp\/v2\/posts\/15262\/revisions"}],"predecessor-version":[{"id":15266,"href":"https:\/\/www.czechcyclingfederation.com\/en\/wp-json\/wp\/v2\/posts\/15262\/revisions\/15266"}],"wp:featuredmedia":[{"embeddable":true,"href":"https:\/\/www.czechcyclingfederation.com\/en\/wp-json\/wp\/v2\/media\/15265"}],"wp:attachment":[{"href":"https:\/\/www.czechcyclingfederation.com\/en\/wp-json\/wp\/v2\/media?parent=15262"}],"wp:term":[{"taxonomy":"category","embeddable":true,"href":"https:\/\/www.czechcyclingfederation.com\/en\/wp-json\/wp\/v2\/categories?post=15262"},{"taxonomy":"post_tag","embeddable":true,"href":"https:\/\/www.czechcyclingfederation.com\/en\/wp-json\/wp\/v2\/tags?post=15262"}],"curies":[{"name":"wp","href":"https:\/\/api.w.org\/{rel}","templated":true}]}}