{"id":1525,"date":"2020-07-24T19:04:23","date_gmt":"2020-07-24T17:04:23","guid":{"rendered":"http:\/\/www.czechcyclingfederation.com\/?p=1525"},"modified":"2020-07-28T12:38:03","modified_gmt":"2020-07-28T10:38:03","slug":"mladi-cesi-po-dvou-letech-opet-na-tour-de-lavenir","status":"publish","type":"post","link":"https:\/\/www.czechcyclingfederation.com\/en\/mladi-cesi-po-dvou-letech-opet-na-tour-de-lavenir\/","title":{"rendered":"Mlad\u00ed \u010ce\u0161i po dvou letech op\u011bt na Tour de l\u00b4Avenir"},"content":{"rendered":"\n<p>To, co pro kategorii Elite znamen\u00e1 Tour de France, to je pro nad\u011bjn\u00e9 jezdce kategorie U23 Tour de l\u00b4Avenir. A po dvoulet\u00e9 p\u0159est\u00e1vce se ve startovn\u00edm poli op\u011bt objev\u00ed v 57. ro\u010dn\u00edku tohoto nejv\u00fdznamn\u011bj\u0161\u00edho z\u00e1vodu pro kategorii U23 i \u010desk\u00e1 reprezentace veden\u00e1 tren\u00e9rem Tom\u00e1\u0161em Kone\u010dn\u00fdm.<\/p>\n\n\n\n<p>Po\u0159adatelem z\u00e1vodu je spole\u010dnost A.S.O., kter\u00e1 organizuje rovn\u011b\u017e nezn\u00e1m\u011bj\u0161\u00ed cyklistick\u00fd etapov\u00fd z\u00e1vod sv\u011bta Tour de France. Ji\u017e tento fakt je z\u00e1rukou kvality z\u00e1vodu. Spole\u010dn\u00fdch prvk\u016f t\u011bchto dvou etapov\u00fdch z\u00e1vod\u016f je v\u00edce. Vedle velmi n\u00e1ro\u010dn\u00fdch etap, vedouc\u00edch letos z&nbsp;m\u011bsta Chateau-Thierry na severu Francie do c\u00edlov\u00e9ho horsk\u00e9ho m\u011bste\u010dka Bourg st. Maurice, sev\u0159en\u00e9ho alpsk\u00fdmi \u0161t\u00edty Savojsk\u00fdch Alp, a perfektn\u00ed organizace akce, maj\u00ed oba z\u00e1vody toto\u017en\u00e9ho hlavn\u00edho partnera a to spole\u010dnost \u0160KODA AUTO, kter\u00e1 je rovn\u011b\u017e gener\u00e1ln\u00edm partnerem \u010cesk\u00e9ho svazu cyklistiky.<\/p>\n\n\n\n<p>\u0160esti etapov\u00fd podnik se pojede 14. &#8211; 19. srpna a v sezon\u011b poznamenan\u00e9 koronavirovou pandemi\u00ed je to prvn\u00ed z\u00e1vod N\u00b4Cupu, nejv\u00fdznam\u011bj\u0161\u00edho seri\u00e1lu pro jezdce do 23 let.<\/p>\n\n\n\n<p><em>&#8220;Posledn\u00ed dva roky jsme na startu nebyli, p\u0159edt\u00edm dva roky ano. Je to jasn\u011b nejv\u00fdznamn\u011bj\u0161\u00ed akce U23, takov\u00e9 mal\u00e9 Tour de France. Ceny p\u0159ed\u00e1v\u00e1 Bernard Hinault a pro ka\u017ed\u00e9ho jezdce na startu je to obrovsk\u00e1 \u0161ance se prosadit. Cel\u00fd cyklistick\u00fd sv\u011bt to vn\u00edm\u00e1 tak, \u017ee tam se buduje kari\u00e9ra. Kdo usp\u011bje na Tour de l\u00b4Avenir, tak tomu se otev\u00edraj\u00ed dve\u0159e d\u00e1le do velk\u00e9 cyklistiky, do st\u00e1j\u00ed WorldTour<\/em>,&#8221; \u0159\u00edk\u00e1 Tom\u00e1\u0161 Kone\u010dn\u00fd.<\/p>\n\n\n\n<p>Rozhodnut\u00ed zda nab\u00eddku ke startu p\u0159ijmout v\u0161ak zva\u017eoval. &#8220;<em>Na jednu stranu je to pro n\u00e1s skv\u011bl\u00e1 zpr\u00e1va, \u017ee tam jako \u010desk\u00e9 reprezenta\u010dn\u00ed dru\u017estvo m\u016f\u017eeme startovat. Kluci jsou stra\u0161n\u011b namotivovan\u00ed a cenn\u00ed si toho. Na druhou stranu nebylo jednoduch\u00e9 pozv\u00e1n\u00ed ihned p\u0159ijmout. \u0158e\u0161ili jsme to deset dn\u016f, proto\u017ee v&nbsp;tak nabit\u00e9 ale kr\u00e1tk\u00e9 sez\u00f3n\u011b jsme museli zv\u00e1\u017eit v\u0161echny mo\u017enosti a varianty a nakonec jsme ve st\u0159edu \u00fa\u010dast potvrdili. V dob\u011b Tour de l\u00b4Aveniru se toti\u017e &nbsp;jede mistrovstv\u00ed \u010cR a hned po n\u011bm navazuje Evropsk\u00fd \u0161ampion\u00e1t. V\u011b\u0159\u00edm, \u017ee jsme se rozhodli dob\u0159e a kluci n\u011bco p\u0159edvedou,&#8221;<\/em> pokra\u010doval reprezenta\u010dn\u00ed tren\u00e9r.<\/p>\n\n\n\n<p>Ti cyklist\u00e9, kte\u0159\u00ed Tour d\u00b4Avenir absolvuj\u00ed, tak p\u0159ijdou o spole\u010dn\u00fd \u0161ampion\u00e1t se slovensk\u00fdmi jezdci U23 v z\u00e1vodu s hromadn\u00fdm startem, kter\u00fd se jede 16. srpna v B\u00e1novc\u00edch nad Bebravou a nestihnou ani \u010dasovku na dom\u00e1c\u00edm \u0161ampion\u00e1tu 20. srpna v Mlad\u00e9 Boleslavi.<\/p>\n\n\n\n<p>O nominaci na Tour de l\u00b4Avenir je podle Kone\u010dn\u00e9ho p\u0159ed\u010dasn\u011b mluvit, proto\u017ee do startu z\u00e1vodu zb\u00fdv\u00e1 je\u0161t\u011b t\u00e9m\u011b\u0159 m\u011bs\u00edc. <em>&#8220;Ka\u017edop\u00e1dn\u011b je letos v kategorii U23 z \u010deho vyb\u00edrat. Je to extr\u00e9mn\u011b t\u011b\u017ek\u00fd z\u00e1vod v kopc\u00edch s \u010dasovkou do vrchu a k tomu je nutn\u00e9 p\u0159ihl\u00ed\u017eet. Jezdce s p\u0159edpoklady usp\u011bt m\u00e1me. Kluky pravideln\u011b sleduji, uvid\u00edm je v dal\u0161\u00edch z\u00e1vodech kde budou m\u00edt mo\u017enost uk\u00e1zat svoji formu,<\/em>&#8221; pokra\u010doval Kone\u010dn\u00fd.\u00a8<\/p>\n\n\n\n<p>Jen p\u0159\u00edkladem, v dobr\u00e9m sv\u011btle se v posledn\u00ed dob\u011b p\u0159edvedl v Polsku Petr Kelemen. Vojt\u011bch Sedl\u00e1\u010dek zase jel skv\u011bl\u00fd z\u00e1vod \u0160koda Cupu v Z\u00e1bo\u0159\u00ed, kde skon\u010dil druh\u00fd. V\u00fdborn\u00fdm vrcha\u0159em je Karel Vacek, a je tady tak\u00e9 Jakub Otruba. &#8220;<em>Ale potencion\u00e1ln\u00edch z\u00e1vodn\u00edk\u016f, kter\u00e9 m\u00e1m v&nbsp;hled\u00e1\u010dku, je v\u00edce<\/em>,&#8221; dodal Kone\u010dn\u00fd.<\/p>\n\n\n\n<figure class=\"wp-block-image size-large\"><img loading=\"lazy\" decoding=\"async\" width=\"240\" height=\"187\" src=\"https:\/\/www.czechcyclingfederation.com\/wp-content\/uploads\/2020\/07\/tour-de-l-avenir.png\" alt=\"\" class=\"wp-image-1526\"\/><\/figure>\n","protected":false},"excerpt":{"rendered":"<p>To, co pro kategorii Elite znamen\u00e1 Tour de France, to je pro nad\u011bjn\u00e9 jezdce kategorie U23 Tour de l\u00b4Avenir. A po dvoulet\u00e9 p\u0159est\u00e1vce se ve startovn\u00edm poli op\u011bt objev\u00ed v 57. ro\u010dn\u00edku tohoto nejv\u00fdznamn\u011bj\u0161\u00edho z\u00e1vodu pro kategorii U23 i \u010desk\u00e1 reprezentace veden\u00e1 tren\u00e9rem Tom\u00e1\u0161em Kone\u010dn\u00fdm. Po\u0159adatelem z\u00e1vodu je spole\u010dnost A.S.O., kter\u00e1 organizuje rovn\u011b\u017e nezn\u00e1m\u011bj\u0161\u00ed cyklistick\u00fd [&hellip;]<\/p>\n","protected":false},"author":3,"featured_media":1459,"comment_status":"closed","ping_status":"open","sticky":false,"template":"","format":"standard","meta":{"footnotes":""},"categories":[2,18],"tags":[11],"class_list":["post-1525","post","type-post","status-publish","format-standard","has-post-thumbnail","hentry","category-novinky","category-silnice","tag-silnice"],"_links":{"self":[{"href":"https:\/\/www.czechcyclingfederation.com\/en\/wp-json\/wp\/v2\/posts\/1525","targetHints":{"allow":["GET"]}}],"collection":[{"href":"https:\/\/www.czechcyclingfederation.com\/en\/wp-json\/wp\/v2\/posts"}],"about":[{"href":"https:\/\/www.czechcyclingfederation.com\/en\/wp-json\/wp\/v2\/types\/post"}],"author":[{"embeddable":true,"href":"https:\/\/www.czechcyclingfederation.com\/en\/wp-json\/wp\/v2\/users\/3"}],"replies":[{"embeddable":true,"href":"https:\/\/www.czechcyclingfederation.com\/en\/wp-json\/wp\/v2\/comments?post=1525"}],"version-history":[{"count":2,"href":"https:\/\/www.czechcyclingfederation.com\/en\/wp-json\/wp\/v2\/posts\/1525\/revisions"}],"predecessor-version":[{"id":1543,"href":"https:\/\/www.czechcyclingfederation.com\/en\/wp-json\/wp\/v2\/posts\/1525\/revisions\/1543"}],"wp:featuredmedia":[{"embeddable":true,"href":"https:\/\/www.czechcyclingfederation.com\/en\/wp-json\/wp\/v2\/media\/1459"}],"wp:attachment":[{"href":"https:\/\/www.czechcyclingfederation.com\/en\/wp-json\/wp\/v2\/media?parent=1525"}],"wp:term":[{"taxonomy":"category","embeddable":true,"href":"https:\/\/www.czechcyclingfederation.com\/en\/wp-json\/wp\/v2\/categories?post=1525"},{"taxonomy":"post_tag","embeddable":true,"href":"https:\/\/www.czechcyclingfederation.com\/en\/wp-json\/wp\/v2\/tags?post=1525"}],"curies":[{"name":"wp","href":"https:\/\/api.w.org\/{rel}","templated":true}]}}