{"id":15237,"date":"2023-03-13T09:44:47","date_gmt":"2023-03-13T08:44:47","guid":{"rendered":"https:\/\/www.czechcyclingfederation.com\/?p=15237"},"modified":"2023-03-13T09:45:34","modified_gmt":"2023-03-13T08:45:34","slug":"hlasujte-v-ankete-diky-trenere","status":"publish","type":"post","link":"https:\/\/www.czechcyclingfederation.com\/en\/hlasujte-v-ankete-diky-trenere\/","title":{"rendered":"Hlasujte v anket\u011b D\u00edky, tren\u00e9re"},"content":{"rendered":"\n<p><strong>Za\u010d\u00edn\u00e1 8. ro\u010dn\u00edk akce D\u00edky, tren\u00e9re. D\u011bti i rodi\u010de mohou znovu pod\u011bkovat kou\u010d\u016fm ml\u00e1de\u017ee<\/strong>.<\/p>\n\n\n\n<p><strong>Tren\u00e9\u0159i ml\u00e1de\u017ee se \u010dasto v\u011bnuj\u00ed d\u011btem ve sv\u00e9m voln\u00e9m \u010dasem, a n\u011bkte\u0159\u00ed dokonce zcela zadarmo. P\u0159esto jsou nezbytn\u011b d\u016fle\u017eit\u00ed, aby si d\u011bti vytvo\u0159ili pozitivn\u00ed vztah k\u00a0pohybu a\u00a0zdrav\u00e9mu \u017eivotn\u00edmu stylu. Akce D\u00edky, tren\u00e9re m\u00e1 proto za c\u00edl vyzvednout jejich nasazen\u00ed a podpo\u0159it je v\u00a0jejich \u010dinnosti. Ode dne\u0161ka mohou mlad\u00ed sportovci i jejich rodi\u010de nominovat sv\u00e9 obl\u00edben\u00e9 kou\u010de a vyj\u00e1d\u0159it jim t\u00edm pod\u011bkov\u00e1n\u00ed. Akce na podzim vyvrchol\u00ed sout\u011b\u017e\u00ed o titul Tren\u00e9r ml\u00e1de\u017ee 2023 a\u00a0finan\u010dn\u00ed p\u0159\u00edsp\u011bvky na dal\u0161\u00ed rozvoj klubu i tren\u00e9rsk\u00fdch dovednost\u00ed v\u00a0celkov\u00e9 v\u00fd\u0161i 200 000 K\u010d.<\/strong><\/p>\n\n\n\n<p>Akce D\u00edky, tren\u00e9re m\u00e1 za c\u00edl podporovat ty, kte\u0159\u00ed p\u0159iv\u00e1d\u011bj\u00ed ke sportu a zdrav\u00ed co nejv\u00edce d\u011bt\u00ed. Za 7 ro\u010dn\u00edk\u016f ji\u017e ocenila t\u00e9m\u011b\u0159 jeden a p\u016fl tis\u00edce kou\u010d\u016f ml\u00e1de\u017ee.&nbsp;<\/p>\n\n\n\n<p><em>\u201eNa d\u016fle\u017eitost tren\u00e9r\u016f, kte\u0159\u00ed v\u011bnuj\u00ed d\u011btem des\u00edtky hodin m\u011bs\u00ed\u010dn\u011b, je bohu\u017eel snadn\u00e9 zapomenout. Na\u0161e akce m\u00e1 proto za c\u00edl d\u00e1t d\u011btem i jejich rodi\u010d\u016fm mo\u017enost vyj\u00e1d\u0159it sv\u00fdm tren\u00e9r\u016fm pod\u011bkov\u00e1n\u00ed, pro kter\u00e9 jinak nen\u00ed vhodn\u00e1 p\u0159\u00edle\u017eitost. Pod\u011bkov\u00e1n\u00ed za to, \u017ee se tr\u00e9nov\u00e1n\u00ed v\u011bnuj\u00ed ve voln\u00e9m \u010dase, m\u00edsto na chatu jedou o v\u00edkendu na sout\u011b\u017e, dovolen\u00e9 tr\u00e1v\u00ed m\u00edsto s&nbsp;rodinou na soust\u0159ed\u011bn\u00ed s klubem,\u201c<\/em>&nbsp;vysv\u011btluje smysl akce jej\u00ed zakladatel Petr Rydl z&nbsp;agentury Konektor.<\/p>\n\n\n\n<p>P\u0159ihl\u00e1sit sv\u00e9ho obl\u00edben\u00e9ho tren\u00e9ra \u010di tren\u00e9rku do ankety m\u016f\u017ee kdokoli na str\u00e1nk\u00e1ch akce&nbsp;<a href=\"https:\/\/www.dikytrenere.cz\/\">D\u00edky, tren\u00e9re<\/a>, a to a\u017e do 30. dubna. Ka\u017ed\u00fd kou\u010d pak dostane dopis s&nbsp;pod\u011bkov\u00e1n\u00edm od t\u011bch, kte\u0159\u00ed jej nominovali. V&nbsp;minul\u00e9m ro\u010dn\u00edku mlad\u00ed sportovci a jejich rodi\u010de vyj\u00e1d\u0159ili d\u00edky t\u00e9m\u011b\u0159 ne\u017e 350 tren\u00e9r\u016fm.<\/p>\n\n\n\n<p>Krom\u011b pod\u011bkov\u00e1n\u00ed maj\u00ed nominovan\u00ed tren\u00e9\u0159i \u0161anci z\u00edskat i finan\u010dn\u00ed podporu pro sv\u016fj klub nebo t\u0159eba na zahrani\u010dn\u00ed st\u00e1\u017e. Porota v&nbsp;\u010dele s&nbsp;Marianem Jel\u00ednkem ze v\u0161ech p\u0159ihl\u00e1\u0161en\u00fdch vybere fin\u00e1lovou osmi\u010dku, kter\u00e1 se potk\u00e1 na podzim na Dni tren\u00e9r\u016f ml\u00e1de\u017ee. Zde p\u0159edvedou spole\u010dn\u011b se sv\u00fdmi sv\u011b\u0159enci nacvi\u010denou sestavu a budou sout\u011b\u017eit o titul Tren\u00e9r ml\u00e1de\u017ee 2023.&nbsp;<\/p>\n\n\n\n<p><em>\u201eKdy\u017e mi p\u0159i\u0161lo pod\u011bkov\u00e1n\u00ed od d\u011bt\u00ed, kter\u00e9 tr\u00e9nuji, byla to pro m\u011b kr\u00e1sn\u00e1 odm\u011bna a d\u016fkaz, \u017ee m\u00e1 moje pr\u00e1ce smysl. Z pozv\u00e1n\u00ed na Den tren\u00e9r\u016f ml\u00e1de\u017ee jsem pak m\u011bla nesm\u00edrnou radost. Potkala jsem tam spoustu skv\u011bl\u00fdch lid\u00ed, se kter\u00fdmi jsme si vym\u011bnili spoustu zku\u0161enost\u00ed a tip\u016f ohledn\u011b tr\u00e9nov\u00e1n\u00ed. Cel\u00e1 akce m\u011b nesm\u00edrn\u011b posunula a v\u011b\u0159\u00edm, \u017ee d\u00edky n\u00ed dok\u00e1\u017eu d\u011btem p\u0159edat je\u0161t\u011b v\u00edce ne\u017e p\u0159edt\u00edm,\u201c<\/em>&nbsp;popisuje Monika Vojtov\u00e1, tren\u00e9rka karate&nbsp;z Fight clubu \u010cesk\u00e9 Bud\u011bjovice a v\u00edt\u011bzka minul\u00e9ho ro\u010dn\u00edku.<\/p>\n\n\n\n<p>V\u00edt\u011bz sout\u011b\u017ee D\u00edky, tren\u00e9re z\u00edsk\u00e1 p\u0159\u00edsp\u011bvek 40&nbsp;000 K\u010d na zahrani\u010dn\u00ed tr\u00e9ninkovou st\u00e1\u017e. Druh\u00fd v&nbsp;celkov\u00e9m po\u0159ad\u00ed z\u00edsk\u00e1 na st\u00e1\u017e 30 tis\u00edc, t\u0159et\u00ed 20 tis\u00edc a \u010dtvrt\u00fd 10 tis\u00edc korun. Ka\u017ed\u00e9mu z&nbsp;nich nav\u00edc po\u0159adatel\u00e9 p\u0159isp\u011bj\u00ed 10&nbsp;000 K\u010d na provoz jejich sportovn\u00edho klubu. Ocen\u011bni budou i ostatn\u00ed tren\u00e9rky a tren\u00e9\u0159i, kte\u0159\u00ed se dostanou mezi 16 semifinalist\u016f.<\/p>\n\n\n\n<p><em>\u201e\u010casto mluv\u00edme o v\u00fdkonech sportovc\u016f nebo o \u00fasp\u011b\u0161\u00edch vrcholov\u00fdch tren\u00e9r\u016f. M\u00e1lokdy si ale dostate\u010dn\u011b vzpomeneme na tren\u00e9ry ml\u00e1de\u017ee. Bez nich by p\u0159itom \u010desk\u00fd sport nemohl existovat. Proto chceme podporovat v\u0161echny, kdo vedou d\u011bti ke sportu a pohybu \u2013 a proto jsme se tak\u00e9 stali partnerem akce D\u00edky, tren\u00e9re,\u201c<\/em>&nbsp;\u0159\u00edk\u00e1 Ond\u0159ej \u0160ebek, p\u0159edseda N\u00e1rodn\u00ed sportovn\u00ed agentury.&nbsp;<\/p>\n\n\n\n<p><em>\u201eMy ve skupin\u011b \u010cSOB si velice v\u00e1\u017e\u00edme aktivit, kter\u00e9 p\u0159isp\u00edvaj\u00ed k rozvoji sportu, vzd\u011bl\u00e1n\u00ed a zdrav\u00e9ho \u017eivotn\u00edho stylu. Tren\u00e9r\u016fm a tren\u00e9rk\u00e1m mezi na\u0161imi zam\u011bstnanci nab\u00edz\u00edme mo\u017enosti placen\u00e9ho i neplacen\u00e9ho volna, aby mohli v\u011bnovat v\u00edce \u010dasu sv\u00fdm sv\u011b\u0159enc\u016fm. Je neuv\u011b\u0159iteln\u00e9, \u017ee v t\u011bchto dnech za\u010d\u00edn\u00e1 ji\u017e 8. ro\u010dn\u00edk akce D\u00edky tren\u00e9re. Osm let trv\u00e1n\u00ed t\u00e9to akce je pro n\u00e1s jasn\u00fdm sign\u00e1lem, \u017ee takov\u00e9 aktivity d\u00e1vaj\u00ed smysl a jsou s velk\u00fdm z\u00e1jmem popt\u00e1v\u00e1ny d\u011btmi i rodi\u010di. V\u0161echny tren\u00e9rky a tren\u00e9\u0159i si zaslou\u017e\u00ed velik\u00e9 pod\u011bkov\u00e1n\u00ed, proto\u017ee pr\u00e1v\u011b oni b\u00fdvaj\u00ed velkou inspirac\u00ed pro d\u011bti a jejich l\u00e1sku ke sportu i v dal\u0161\u00edm rozvoji a sm\u011b\u0159ov\u00e1n\u00ed. Je n\u00e1m ct\u00ed b\u00fdt partnerem D\u00edky tren\u00e9re,\u201c<\/em>&nbsp;sd\u011bluje k nov\u00e9mu ro\u010dn\u00edku Ji\u0159\u00ed V\u00e9voda, \u010dlen p\u0159edstavenstva \u010cSOB.<\/p>\n\n\n\n<p>Partnerem D\u00edky, tren\u00e9re jsou N\u00e1rodn\u00ed sportovn\u00ed agentura, \u010cSOB a Puma, akce prob\u00edh\u00e1 za podpory nadace \u010cEZ a statistick\u00e9 zpracov\u00e1n\u00ed a anal\u00fdzu realizuje v\u00fdzkumn\u00e1 agentura IPSOS.<\/p>\n\n\n\n<p><strong>Kontakt<\/strong><\/p>\n\n\n\n<p>Alfr\u00e9d Schubert<\/p>\n\n\n\n<p><a href=\"mailto:alfred.schubert@knktr.cz\">alfred.schubert@knktr.cz<\/a><\/p>\n\n\n\n<p>+420&nbsp;607&nbsp;443 550<\/p>\n","protected":false},"excerpt":{"rendered":"<p>Za\u010d\u00edn\u00e1 8. ro\u010dn\u00edk akce D\u00edky, tren\u00e9re. D\u011bti i rodi\u010de mohou znovu pod\u011bkovat kou\u010d\u016fm ml\u00e1de\u017ee. Tren\u00e9\u0159i ml\u00e1de\u017ee se \u010dasto v\u011bnuj\u00ed d\u011btem ve sv\u00e9m voln\u00e9m \u010dasem, a n\u011bkte\u0159\u00ed dokonce zcela zadarmo. P\u0159esto jsou nezbytn\u011b d\u016fle\u017eit\u00ed, aby si d\u011bti vytvo\u0159ili pozitivn\u00ed vztah k\u00a0pohybu a\u00a0zdrav\u00e9mu \u017eivotn\u00edmu stylu. Akce D\u00edky, tren\u00e9re m\u00e1 proto za c\u00edl vyzvednout jejich nasazen\u00ed a podpo\u0159it [&hellip;]<\/p>\n","protected":false},"author":1,"featured_media":14559,"comment_status":"closed","ping_status":"open","sticky":false,"template":"","format":"standard","meta":{"footnotes":""},"categories":[28,17,2],"tags":[216],"class_list":["post-15237","post","type-post","status-publish","format-standard","has-post-thumbnail","hentry","category-cesky-svaz-cyklistiky","category-discipliny","category-novinky","tag-trener"],"_links":{"self":[{"href":"https:\/\/www.czechcyclingfederation.com\/en\/wp-json\/wp\/v2\/posts\/15237","targetHints":{"allow":["GET"]}}],"collection":[{"href":"https:\/\/www.czechcyclingfederation.com\/en\/wp-json\/wp\/v2\/posts"}],"about":[{"href":"https:\/\/www.czechcyclingfederation.com\/en\/wp-json\/wp\/v2\/types\/post"}],"author":[{"embeddable":true,"href":"https:\/\/www.czechcyclingfederation.com\/en\/wp-json\/wp\/v2\/users\/1"}],"replies":[{"embeddable":true,"href":"https:\/\/www.czechcyclingfederation.com\/en\/wp-json\/wp\/v2\/comments?post=15237"}],"version-history":[{"count":1,"href":"https:\/\/www.czechcyclingfederation.com\/en\/wp-json\/wp\/v2\/posts\/15237\/revisions"}],"predecessor-version":[{"id":15238,"href":"https:\/\/www.czechcyclingfederation.com\/en\/wp-json\/wp\/v2\/posts\/15237\/revisions\/15238"}],"wp:featuredmedia":[{"embeddable":true,"href":"https:\/\/www.czechcyclingfederation.com\/en\/wp-json\/wp\/v2\/media\/14559"}],"wp:attachment":[{"href":"https:\/\/www.czechcyclingfederation.com\/en\/wp-json\/wp\/v2\/media?parent=15237"}],"wp:term":[{"taxonomy":"category","embeddable":true,"href":"https:\/\/www.czechcyclingfederation.com\/en\/wp-json\/wp\/v2\/categories?post=15237"},{"taxonomy":"post_tag","embeddable":true,"href":"https:\/\/www.czechcyclingfederation.com\/en\/wp-json\/wp\/v2\/tags?post=15237"}],"curies":[{"name":"wp","href":"https:\/\/api.w.org\/{rel}","templated":true}]}}