{"id":1519,"date":"2020-07-24T13:12:21","date_gmt":"2020-07-24T11:12:21","guid":{"rendered":"http:\/\/www.czechcyclingfederation.com\/?p=1519"},"modified":"2020-09-01T14:33:47","modified_gmt":"2020-09-01T12:33:47","slug":"skoda-auto-mistrovstvi-cr-a-sr-v-silnicni-cyklistice","status":"publish","type":"post","link":"https:\/\/www.czechcyclingfederation.com\/en\/skoda-auto-mistrovstvi-cr-a-sr-v-silnicni-cyklistice\/","title":{"rendered":"\u0160koda Auto Mistrovstv\u00ed \u010cR a SR v silni\u010dn\u00ed cyklistice"},"content":{"rendered":"<div class=\"wp-block-file\">\r\n                <a target=\"_blank\" rel=\"noopener\" href=\"https:\/\/www.czechcyclingfederation.com\/wp-content\/uploads\/2020\/08\/Organiza\u010dn\u00ed-pokyn-COVID-19_-M\u010cR-a-MSR-v-silni\u010dn\u00ed-cyklistice-Mlad\u00e1-Boleslav-2020_V2.pdf\" class=\"wp-block-file__button wp-element-button\">\r\n                    <span class=\"wp-block-file__icon\"><\/span>\r\n                    Organiza\u010dn\u00ed-pokyn-COVID-19_-M\u010cR-a-MSR-v-silni\u010dn\u00ed-cyklistice-Mlad\u00e1-Boleslav-2020_V2\r\n                <\/a>\r\n            <\/div>\n\n<div class=\"wp-block-file\">\r\n                <a target=\"_blank\" rel=\"noopener\" href=\"https:\/\/www.czechcyclingfederation.com\/wp-content\/uploads\/2020\/08\/Covid19_dotazn\u00edk-M\u010cR-2020_\u010dasovka_update.pdf\" class=\"wp-block-file__button wp-element-button\">\r\n                    <span class=\"wp-block-file__icon\"><\/span>\r\n                    Covid19_dotazn\u00edk-M\u010cR-2020_\u010dasovka_update\r\n                <\/a>\r\n            <\/div>\n\n<div class=\"wp-block-file\">\r\n                <a target=\"_blank\" rel=\"noopener\" href=\"https:\/\/www.czechcyclingfederation.com\/wp-content\/uploads\/2020\/08\/Covid19_dotazn\u00edk-M\u010cR-2020_silni\u010dn\u00ed-z\u00e1vod_update.pdf\" class=\"wp-block-file__button wp-element-button\">\r\n                    <span class=\"wp-block-file__icon\"><\/span>\r\n                    Covid19_dotazn\u00edk-M\u010cR-2020_silni\u010dn\u00ed-z\u00e1vod_update\r\n                <\/a>\r\n            <\/div>\n\n<div class=\"wp-block-file\">\r\n                <a target=\"_blank\" rel=\"noopener\" href=\"https:\/\/www.czechcyclingfederation.com\/wp-content\/uploads\/2020\/07\/Propozice_MCR_a_MSR_silnice_2020_\u010dasovka_verze_30_7_2020.pdf\" class=\"wp-block-file__button wp-element-button\">\r\n                    <span class=\"wp-block-file__icon\"><\/span>\r\n                    Propozice_MCR_a_MSR_silnice_2020_\u010dasovka_verze_30_7_2020\r\n                <\/a>\r\n            <\/div>\n\n<div class=\"wp-block-file\">\r\n                <a target=\"_blank\" rel=\"noopener\" href=\"https:\/\/www.czechcyclingfederation.com\/wp-content\/uploads\/2020\/08\/Popozice-silnice-20200811.pdf\" class=\"wp-block-file__button wp-element-button\">\r\n                    <span class=\"wp-block-file__icon\"><\/span>\r\n                    Popozice-silnice-20200811\r\n                <\/a>\r\n            <\/div>\n\n<div class=\"wp-block-file\">\r\n                <a target=\"_blank\" rel=\"noopener\" href=\"https:\/\/www.czechcyclingfederation.com\/wp-content\/uploads\/2020\/08\/Objedn\u00e1vka-VIP-vstupenka-1.xlsx\" class=\"wp-block-file__button wp-element-button\">\r\n                    <span class=\"wp-block-file__icon\"><\/span>\r\n                    Objedn\u00e1vka-VIP-vstupenka-1\r\n                <\/a>\r\n            <\/div>\n\n<div class=\"wp-block-file\">\r\n                <a target=\"_blank\" rel=\"noopener\" href=\"https:\/\/www.czechcyclingfederation.com\/wp-content\/uploads\/2020\/08\/plak\u00e1t-M\u010cR-silni\u010dn\u00ed-cyklistika-final-1.str_.1.jpg\" class=\"wp-block-file__button wp-element-button\">\r\n                    <span class=\"wp-block-file__icon\"><\/span>\r\n                    plak\u00e1t-M\u010cR-silni\u010dn\u00ed-cyklistika-final-1.str\r\n                <\/a>\r\n            <\/div>\n\n<div class=\"wp-block-file\">\r\n                <a target=\"_blank\" rel=\"noopener\" href=\"https:\/\/www.czechcyclingfederation.com\/wp-content\/uploads\/2020\/08\/plak\u00e1t-M\u010cR-silni\u010dn\u00ed-cyklistika-final-2.str_.1.jpg\" class=\"wp-block-file__button wp-element-button\">\r\n                    <span class=\"wp-block-file__icon\"><\/span>\r\n                    plak\u00e1t-M\u010cR-silni\u010dn\u00ed-cyklistika-final-2.str\r\n                <\/a>\r\n            <\/div>\n\n\n<div class=\"blue-block\"><p class=\"mx-1 my-1 float-left\">P\u0159ihl\u00e1\u0161ky na z\u00e1vody:<\/p>&nbsp;<a class=\"float-right\" href=\"https:\/\/csc.sportsoft.cz\/\">ZDE<\/a><\/div>\n<div class=\"blue-block\"><p class=\"mx-1 my-1 float-left\">V\u00fdsledky silnice &#8211; Z\u00e1vod s hromadn\u00fdm startem:<\/p>&nbsp;<a class=\"float-right\" href=\"https:\/\/sportsoft.cz\/cs\/zavod\/overview\/5509\">ZDE<\/a><\/div>\n<div class=\"blue-block\"><p class=\"mx-1 my-1 float-left\">V\u00fdsledky silnice &#8211; \u010casovka:<\/p>&nbsp;<a class=\"float-right\" href=\"https:\/\/sportsoft.cz\/cs\/zavod\/overview\/5190\">ZDE<\/a><\/div>\n","protected":false},"excerpt":{"rendered":"<p>P\u0159ihl\u00e1\u0161ky na z\u00e1vody: &nbsp;ZDE V\u00fdsledky silnice &#8211; Z\u00e1vod s hromadn\u00fdm startem: &nbsp;ZDE V\u00fdsledky silnice &#8211; \u010casovka: &nbsp;ZDE<\/p>\n","protected":false},"author":1,"featured_media":1518,"comment_status":"closed","ping_status":"open","sticky":false,"template":"","format":"standard","meta":{"footnotes":""},"categories":[1],"tags":[],"class_list":["post-1519","post","type-post","status-publish","format-standard","has-post-thumbnail","hentry","category-uncategorized-cs"],"_links":{"self":[{"href":"https:\/\/www.czechcyclingfederation.com\/en\/wp-json\/wp\/v2\/posts\/1519","targetHints":{"allow":["GET"]}}],"collection":[{"href":"https:\/\/www.czechcyclingfederation.com\/en\/wp-json\/wp\/v2\/posts"}],"about":[{"href":"https:\/\/www.czechcyclingfederation.com\/en\/wp-json\/wp\/v2\/types\/post"}],"author":[{"embeddable":true,"href":"https:\/\/www.czechcyclingfederation.com\/en\/wp-json\/wp\/v2\/users\/1"}],"replies":[{"embeddable":true,"href":"https:\/\/www.czechcyclingfederation.com\/en\/wp-json\/wp\/v2\/comments?post=1519"}],"version-history":[{"count":12,"href":"https:\/\/www.czechcyclingfederation.com\/en\/wp-json\/wp\/v2\/posts\/1519\/revisions"}],"predecessor-version":[{"id":2136,"href":"https:\/\/www.czechcyclingfederation.com\/en\/wp-json\/wp\/v2\/posts\/1519\/revisions\/2136"}],"wp:featuredmedia":[{"embeddable":true,"href":"https:\/\/www.czechcyclingfederation.com\/en\/wp-json\/wp\/v2\/media\/1518"}],"wp:attachment":[{"href":"https:\/\/www.czechcyclingfederation.com\/en\/wp-json\/wp\/v2\/media?parent=1519"}],"wp:term":[{"taxonomy":"category","embeddable":true,"href":"https:\/\/www.czechcyclingfederation.com\/en\/wp-json\/wp\/v2\/categories?post=1519"},{"taxonomy":"post_tag","embeddable":true,"href":"https:\/\/www.czechcyclingfederation.com\/en\/wp-json\/wp\/v2\/tags?post=1519"}],"curies":[{"name":"wp","href":"https:\/\/api.w.org\/{rel}","templated":true}]}}