{"id":15161,"date":"2023-03-01T09:29:50","date_gmt":"2023-03-01T08:29:50","guid":{"rendered":"https:\/\/www.czechcyclingfederation.com\/?p=15161"},"modified":"2023-03-01T09:29:52","modified_gmt":"2023-03-01T08:29:52","slug":"tym-att-investments-na-startu-sezony-s-velkymi-ambicemi","status":"publish","type":"post","link":"https:\/\/www.czechcyclingfederation.com\/en\/tym-att-investments-na-startu-sezony-s-velkymi-ambicemi\/","title":{"rendered":"T\u00fdm ATT Investments na startu sez\u00f3ny s velk\u00fdmi ambicemi"},"content":{"rendered":"\n<p><strong>Den p\u0159ed ostr\u00fdm startem do nov\u00e9 z\u00e1vodn\u00ed sez\u00f3ny sezval t\u00fdm ATT Investments ve spolupr\u00e1ci s&nbsp;Mercedes-Benz Praha novin\u00e1\u0159e, sponzory a vybran\u00e9 z\u00e1vodn\u00edky, aby ofici\u00e1ln\u011b p\u0159edstavil t\u00fdm, jeho ambice a odtajnil z\u00e1vodn\u00ed program. Ten bude z&nbsp;\u010d\u00e1sti kop\u00edrovat lo\u0148sk\u00fd, ale zm\u011bna k&nbsp;vy\u0161\u0161\u00ed kvantit\u011b, ale hlavn\u011b kvalit\u011b je z\u0159ejm\u00e1. P\u0159edev\u0161\u00edm jde o nav\u00fd\u0161en\u00ed po\u010dtu podnik\u016f UCI kategorie 1 a zvl\u00e1\u0161t\u011b pak jako jedin\u00fd kontinent\u00e1ln\u00ed t\u00fdm stane na startu z\u00e1vodu druh\u00e9 nejvy\u0161\u0161\u00ed kategorie UCI Okolo Ma\u010farska.<\/strong><\/p>\n\n\n\n<p>Jezdci ATT Investments loni z\u00e1vodili jak na dom\u00e1c\u00ed, tak mezin\u00e1rodn\u00ed sc\u00e9n\u011b. V&nbsp;dresu ATT Investments i v&nbsp;dresech n\u00e1rodn\u00edch reprezentac\u00ed \u010ceska, Slovenska a N\u011bmecka. V&nbsp;z\u00e1vodech z&nbsp;kalend\u00e1\u0159e UCI i mimo n\u011bj. A tak\u00e9 krom\u011b silnice i v&nbsp;cyklokrosu v\u010detn\u011b n\u00e1rodn\u00ed reprezentace.<\/p>\n\n\n\n<p>Mezi dom\u00e1c\u00ed z\u00e1vody pat\u0159ilo mistrovstv\u00ed republiky kategorie Elite i kategorii U23, Sazka Tour, Visegrad CZE a Okolo ji\u017en\u00edch \u010cech. Ale tak\u00e9 RBB Tour a z\u00e1vody \u010desk\u00e9ho poh\u00e1ru \u0160KODA CUP.&nbsp;<\/p>\n\n\n\n<p>V\u00edce z\u00e1vodn\u00edch dn\u016f odjezdili ale v&nbsp;zahrani\u010d\u00ed. \u0160lo jak o jednor\u00e1zov\u00e9, tak etapov\u00e9 z\u00e1vody. P\u0159eva\u017eovaly podniky nejni\u017e\u0161\u00ed kategorie UCI, tedy tzv. dvojkov\u00e9, pochopiteln\u011b vy\u0161\u0161\u00ed presti\u017e a konkurenci m\u011bly z\u00e1vody jedni\u010dkov\u00e9. T\u011bch absolvovali celkem p\u011bt: Sazka Tour, Okolo Slovenska, Okolo Rumunska, Okolo Estonska a druh\u00fd rumunsk\u00fd Sibiu Tour.<\/p>\n\n\n\n<p>Projezdili p\u0159itom velk\u00fd kus Evropy, kdy\u017e z\u00e1vodili mimo \u010ceskou republiku celkem ve 13 zem\u00edch. Krom\u011b Polska, Slovenska, Ma\u010farska, Rakouska, Chorvatska, Slovinska, Rumunska, \u0158ecka a Estonska tak\u00e9 v&nbsp;D\u00e1nsku, Nizozemsku, Lucembursku a Belgii.&nbsp;<\/p>\n\n\n\n<p>Celkem si v&nbsp;z\u00e1vodech UCI v&nbsp;pr\u016fb\u011bhu 90 z\u00e1vodn\u00edch dn\u016f p\u0159ipsali dv\u011b prvenstv\u00ed, \u010dty\u0159i 2. a \u0161est 3. m\u00edst v\u010detn\u011b dal\u0161\u00edch um\u00edst\u011bn\u00ed do top ten a d\u00edl\u010d\u00edch \u00fasp\u011bch\u016f v&nbsp;podob\u011b v\u00edt\u011bzstv\u00ed v&nbsp;t\u00fdmov\u00e9 \u010di vrcha\u0159sk\u00e9 sout\u011b\u017ei, jako\u017e i ocen\u011bn\u00ed pro nejaktivn\u011bj\u0161\u00ed jezdce atd.&nbsp;<\/p>\n\n\n\n<p>V&nbsp;sou\u010dtu v\u0161ech v\u00fdsledk\u016f jim to dalo 622 UCI bod\u016f, kter\u00e9 je posunuly na 24. m\u00edsto mezi 180 kontinent\u00e1ln\u00edmi t\u00fdmy sv\u011bta.<\/p>\n\n\n\n<p>Pro leto\u0161ek t\u00fdm opustilo \u0161est z\u00e1vodn\u00edk\u016f, kter\u00e9 nahradila sedmi\u010dka nov\u00fdch tv\u00e1\u0159\u00ed. V\u011bt\u0161ina z&nbsp;nich jsou ale ji\u017e dostate\u010dn\u011b zku\u0161en\u00ed cyklist\u00e9 jak dom\u00e1c\u00ed, tak zahrani\u010dn\u00ed, z&nbsp;nich\u017e \u010d\u00e1st se pasovala do role l\u00eddr\u016f t\u00fdmu. M\u00e1me na mysli Mihkela R\u00e4ima, M\u00e1rtona Dinu, Jakuba Otrubu a Daniela Turka.<\/p>\n\n\n\n<p>Kapit\u00e1nem t\u00fdmu z\u016fst\u00e1v\u00e1 slu\u017eebn\u011b nejstar\u0161\u00ed Ji\u0159\u00ed Petru\u0161. Z&nbsp;cizinc\u016f v&nbsp;t\u00fdmu bude p\u016fsobit i nad\u00e1le Mat\u00fa\u0161 \u0160to\u010dek a nov\u011b Estonec Gert Kivistik. S&nbsp;c\u00edlem prosadit se v hromadn\u00fdch koncovk\u00e1ch p\u0159i\u0161el n\u011bkolikan\u00e1sobn\u00fd olympionik Pavel Kelemen. V&nbsp;t\u00fdmu pokra\u010duj\u00ed Petr Klabouch, Tom\u00e1\u0161 Jakoubek, Michal Schuran a Jan Ka\u0161par. Do kategorie U23 pak pat\u0159\u00ed Karel Camrda, Daniel Sporysch, Mat\u011bj Str\u00e1nsk\u00fd a leto\u0161n\u00ed nov\u00e1\u010dek z&nbsp;juniorsk\u00e9 kategorie Filip Ch\u00fdle, kter\u00fd p\u0159i\u0161el z&nbsp;\u00dasteck\u00e9ho Centra Cyklistiky.<\/p>\n\n\n\n<p>T\u00fdm je vyrovnan\u00fd v\u011bkov\u011b i co se t\u00fd\u010de cyklistick\u00e9 specializace. M\u00e1 zku\u0161en\u00e9ho cyklistu, kter\u00fd o m\u00e1lo p\u0159ekro\u010dil t\u0159ic\u00edtku, stejn\u011b jako lo\u0148sk\u00e9ho juniora. M\u00e1 sprintery, klasik\u00e1\u0159e, vrcha\u0159e i jezdce na celkov\u00e9 po\u0159ad\u00ed v&nbsp;etapov\u00fdch z\u00e1vodech. M\u00e1 d\u011bln\u00edky, lidi do \u00fanik\u016f a pro d\u00edl\u010d\u00ed \u00fasp\u011bchy i l\u00eddry.<\/p>\n\n\n\n<figure class=\"wp-block-image\"><img decoding=\"async\" src=\"blob:https:\/\/www.czechcyclingfederation.com\/87c11528-7b28-4d9b-9b94-4b966f25bcce\" alt=\"\"\/><\/figure>\n\n\n\n<p>Z\u00e1vodn\u00ed program&nbsp;ATT Investments&nbsp;pro leto\u0161n\u00ed sez\u00f3nu je podobn\u00fd tomu lo\u0148sk\u00e9mu.&nbsp;Se 16 z\u00e1vodn\u00edky bude ale jezdit \u010dast\u011bji dvojprogram. Hlavn\u00ed&nbsp;rozd\u00edly tkv\u00ed jak ve v\u011bt\u0161\u00edm po\u010dtu z\u00e1vod\u016f, tak v&nbsp;jejich kvalit\u011b.&nbsp;<\/p>\n\n\n\n<p>P\u0159edev\u0161\u00edm k&nbsp;p\u011bti lo\u0148sk\u00fdm etapov\u00fdm z\u00e1vod\u016fm kategorie 2.1 p\u0159ib\u00fdv\u00e1 \u0161est\u00fd Okolo \u0158ecka. Ale hlavn\u011b se t\u00fdm premi\u00e9rov\u011b z\u00fa\u010dastn\u00ed z\u00e1vodu druh\u00e9 nejvy\u0161\u0161\u00ed kategorie Okolo Ma\u010farska. To je zm\u011bna nejpodstatn\u011bj\u0161\u00ed.<\/p>\n\n\n\n<p>Dal\u0161\u00ed d\u016fle\u017eitou zm\u011bnou je v\u011bt\u0161\u00ed po\u010det z\u00e1vod\u016f na z\u00e1pad od na\u0161ich hranic, kde b\u00fdv\u00e1 konkurence p\u0159eci jen o n\u011bco \u2013 a n\u011bkdy o dost &#8211; vy\u0161\u0161\u00ed ne\u017e v z\u00e1vodech st\u0159edn\u00ed, resp. v\u00fdchodn\u00ed Evropy. K&nbsp;t\u011bm, kter\u00e9 jeli z\u00e1vodn\u00edci ATT Investments ji\u017e loni, p\u0159ibyly p\u0159edev\u0161\u00edm z\u00e1vody jednak v&nbsp;It\u00e1lii, ale hlavn\u011b ve Francii, kde maj\u00ed napl\u00e1nov\u00e1no hned p\u011bt etapov\u00fdch z\u00e1vod\u016f!<\/p>\n\n\n\n<p>Krom\u011b toho se zv\u00fd\u0161il i po\u010det dvojkov\u00fdch z\u00e1vod\u016f ve st\u0159edn\u00ed Evrop\u011b, a\u0165 u\u017e jde nap\u0159. o etap\u00e1ky v&nbsp;Bulharsku, Srbsku \u010di Rakousku.<\/p>\n\n\n\n<p>A ani to nen\u00ed v\u0161echno. ATT Investments projevil z\u00e1jem absolvovat dal\u0161\u00ed dva v\u00fdznamn\u00e9 jedni\u010dkov\u00e9 etap\u00e1ky Okolo Rakouska a Okolo Chorvatska. Dostat se tam je velmi obt\u00ed\u017en\u00e9 p\u0159edev\u0161\u00edm proto, \u017ee existuje zna\u010dn\u00fd z\u00e1jem o \u00fa\u010dast mezi t\u00fdmy nejvy\u0161\u0161\u00ed divize. Nap\u0159\u00edklad loni v&nbsp;Chorvatsku startovalo p\u011bt World t\u00fdm\u016f a dev\u011bt Pro, tedy t\u00fdm\u016f druh\u00e9 divize. Aktu\u00e1ln\u011b tedy t\u00fdm stoj\u00ed ve front\u011b a \u010dek\u00e1, zda mu po\u0159adatel\u00e9 p\u0159id\u011bl\u00ed startovn\u00ed \u010d\u00edsla.<\/p>\n\n\n\n<p>Jedn\u00edm z&nbsp;nejzku\u0161en\u011bj\u0161\u00edch borc\u016f v&nbsp;sestav\u011b ATT Investments je Daniel Turek. \u0160est let str\u00e1ven\u00fdch v&nbsp;t\u00fdm\u016f Israel Cycling Academy, z&nbsp;toho t\u0159i roky v&nbsp;\u00farovni ProTeams, a n\u00e1sledn\u011b dva roky v&nbsp;rakousk\u00e9m kontinent\u00e1ln\u00edm Felbermayr-Simplon Wels, jsou toho dokladem. Jak on vn\u00edm\u00e1 z\u00e1vodn\u00ed program sv\u00e9ho nov\u00e9ho t\u00fdmu?<\/p>\n\n\n\n<p>\u201e<em>Co se t\u00fd\u010de dvojkov\u00fdch z\u00e1vod\u016f, jde rozhodn\u011b o nadstandard jak mno\u017estv\u00edm, tak kvalitou. Ten z\u00e1sadn\u00ed rozd\u00edl tkv\u00ed v&nbsp;po\u010dtu z\u00e1vod\u016f kategorie 1 a hlavn\u011b \u00fa\u010dasti na z\u00e1vodu kategorie Pro. Tohle se podle m\u00e9ho odhadu povede tak p\u011bti kontinent\u00e1ln\u00edm t\u00fdm\u016fm ze v\u0161ech, kter\u00e9 jsou registrov\u00e1ny u UCI a \u017ee jich bude kolem dvou stovek<\/em>.\u201c<\/p>\n\n\n\n<p>M\u016f\u017eete m\u00edt po\u010detn\u00fd t\u00fdm, m\u016f\u017eete m\u00edt kvalitn\u00ed z\u00e1vodn\u00ed program, ale v&nbsp;cyklistice pot\u0159ebujete i kvalitn\u00ed materi\u00e1l.<\/p>\n\n\n\n<p>\u201e<em>Materi\u00e1l nem\u016f\u017eeme m\u00edt lep\u0161\u00ed. Na stejn\u00fdch bicyklech s obdobnou v\u00fdbavou jezd\u00ed World t\u00fdm Groupama-FDJ, co\u017e hovo\u0159\u00ed za v\u0161e. Osobn\u011b si dost slibuji od \u0161pi\u010dkov\u00e9ho materi\u00e1lu i to, \u017ee bude mou v\u00fdhodou p\u0159i mistrovstv\u00ed republiky v&nbsp;\u010dasovce, kter\u00e1 pat\u0159\u00ed v&nbsp;hierarchii m\u00fdch leto\u0161n\u00edch c\u00edl\u016f hodn\u011b vysoko,\u201c&nbsp;<\/em>\u0159ekl Jakub Otruba, s&nbsp;n\u00edm\u017e t\u00fdm po\u010d\u00edt\u00e1 jako s&nbsp;jedn\u00edm z l\u00eddr\u016f do nejv\u00fdznamn\u011bj\u0161\u00edch profilov\u011b n\u00e1ro\u010dn\u011bj\u0161\u00edch etapov\u00fdch z\u00e1vod\u016f.<\/p>\n\n\n\n<p>A jak\u00e9 \u017ee jsou tedy ambice? St\u00e1t se dom\u00e1c\u00ed jedni\u010dkou, prosadit se na mistrovstv\u00ed republiky, nominovat se na reprezenta\u010dn\u00ed starty v\u010detn\u011b mistrovstv\u00ed sv\u011bta, ale hlavn\u011b dostat se mezi absolutn\u00ed sv\u011btovou \u0161pi\u010dku mezi sv\u011btov\u00fdmi kontinent\u00e1ln\u00edmi t\u00fdmy.<\/p>\n\n\n\n<p>\u201e<em>Moje firma obchoduje mezi jin\u00fdm se zlatem. Tak\u017ee \u010d\u00edm v\u00edc budeme m\u00edt zlata ze z\u00e1vod\u016f, t\u00edm l\u00e9pe,\u201c<\/em>\u00a0shrnul stru\u010dn\u011b, s\u00a0lehkou nads\u00e1zkou, ale v\u00fdsti\u017en\u011b ambice tohoto \u010desk\u00e9ho kontinent\u00e1ln\u00edho t\u00fdmu majitel firmy ATT Investments Miroslav Zad\u00e1k.<\/p>\n\n\n\n<p>FOTO: Filip Bezd\u011bk<\/p>\n\n\n\n<p>AUTOR: TZ ATT Investments<\/p>\n","protected":false},"excerpt":{"rendered":"<p>Den p\u0159ed ostr\u00fdm startem do nov\u00e9 z\u00e1vodn\u00ed sez\u00f3ny sezval t\u00fdm ATT Investments ve spolupr\u00e1ci s&nbsp;Mercedes-Benz Praha novin\u00e1\u0159e, sponzory a vybran\u00e9 z\u00e1vodn\u00edky, aby ofici\u00e1ln\u011b p\u0159edstavil t\u00fdm, jeho ambice a odtajnil z\u00e1vodn\u00ed program. Ten bude z&nbsp;\u010d\u00e1sti kop\u00edrovat lo\u0148sk\u00fd, ale zm\u011bna k&nbsp;vy\u0161\u0161\u00ed kvantit\u011b, ale hlavn\u011b kvalit\u011b je z\u0159ejm\u00e1. P\u0159edev\u0161\u00edm jde o nav\u00fd\u0161en\u00ed po\u010dtu podnik\u016f UCI kategorie 1 a [&hellip;]<\/p>\n","protected":false},"author":1,"featured_media":15162,"comment_status":"closed","ping_status":"open","sticky":false,"template":"","format":"standard","meta":{"footnotes":""},"categories":[17,2,18],"tags":[11],"class_list":["post-15161","post","type-post","status-publish","format-standard","has-post-thumbnail","hentry","category-discipliny","category-novinky","category-silnice","tag-silnice"],"_links":{"self":[{"href":"https:\/\/www.czechcyclingfederation.com\/en\/wp-json\/wp\/v2\/posts\/15161","targetHints":{"allow":["GET"]}}],"collection":[{"href":"https:\/\/www.czechcyclingfederation.com\/en\/wp-json\/wp\/v2\/posts"}],"about":[{"href":"https:\/\/www.czechcyclingfederation.com\/en\/wp-json\/wp\/v2\/types\/post"}],"author":[{"embeddable":true,"href":"https:\/\/www.czechcyclingfederation.com\/en\/wp-json\/wp\/v2\/users\/1"}],"replies":[{"embeddable":true,"href":"https:\/\/www.czechcyclingfederation.com\/en\/wp-json\/wp\/v2\/comments?post=15161"}],"version-history":[{"count":1,"href":"https:\/\/www.czechcyclingfederation.com\/en\/wp-json\/wp\/v2\/posts\/15161\/revisions"}],"predecessor-version":[{"id":15163,"href":"https:\/\/www.czechcyclingfederation.com\/en\/wp-json\/wp\/v2\/posts\/15161\/revisions\/15163"}],"wp:featuredmedia":[{"embeddable":true,"href":"https:\/\/www.czechcyclingfederation.com\/en\/wp-json\/wp\/v2\/media\/15162"}],"wp:attachment":[{"href":"https:\/\/www.czechcyclingfederation.com\/en\/wp-json\/wp\/v2\/media?parent=15161"}],"wp:term":[{"taxonomy":"category","embeddable":true,"href":"https:\/\/www.czechcyclingfederation.com\/en\/wp-json\/wp\/v2\/categories?post=15161"},{"taxonomy":"post_tag","embeddable":true,"href":"https:\/\/www.czechcyclingfederation.com\/en\/wp-json\/wp\/v2\/tags?post=15161"}],"curies":[{"name":"wp","href":"https:\/\/api.w.org\/{rel}","templated":true}]}}