{"id":15144,"date":"2023-02-28T07:42:41","date_gmt":"2023-02-28T06:42:41","guid":{"rendered":"https:\/\/www.czechcyclingfederation.com\/?p=15144"},"modified":"2023-03-02T19:57:24","modified_gmt":"2023-03-02T18:57:24","slug":"cesky-pohar-mladeze-a-zen-nove-jako-brilon-cup","status":"publish","type":"post","link":"https:\/\/www.czechcyclingfederation.com\/en\/cesky-pohar-mladeze-a-zen-nove-jako-brilon-cup\/","title":{"rendered":"\u010cesk\u00fd poh\u00e1r ml\u00e1de\u017ee a \u017een nov\u011b jako Brilon Cup"},"content":{"rendered":"\n<p>Po Techniserv Cupu se v\u00a0leto\u0161n\u00ed sezon\u011b \u010cesk\u00fd poh\u00e1r pro ml\u00e1de\u017enick\u00e9 kategorie a \u017eeny pojede pod n\u00e1zvem nov\u00e9ho titul\u00e1rn\u00edho partnera jako Brilon Cup 2023. Jde o celoro\u010dn\u00ed sout\u011b\u017e v silni\u010dn\u00ed cyklistice vypsanou pro kategorie mlad\u0161\u00ed a star\u0161\u00ed \u017e\u00e1ci, mlad\u0161\u00ed a star\u0161\u00ed \u017e\u00e1kyn\u011b, kadeti, kadetky, junio\u0159i, juniorky a \u017eeny.<\/p>\n\n\n\n<p>Sout\u011b\u017e se skl\u00e1d\u00e1 ze \u0161esti silni\u010dn\u00edch z\u00e1vod\u016f. Do celkov\u00e9ho po\u0159ad\u00ed \u010cesk\u00e9ho poh\u00e1ru Brilon Cupu se zapo\u010d\u00edt\u00e1v\u00e1 v\u0161ech \u0161est poh\u00e1rov\u00fdch z\u00e1vod\u016f, a nav\u00edc mistrovstv\u00ed \u010cR, M\u010cR dru\u017estev a vybran\u00e9 etapov\u00e9 z\u00e1vody.<\/p>\n\n\n\n<p>\u201eProfilem jsou z\u00e1vody n\u00e1ro\u010dn\u011bj\u0161\u00ed, hlavn\u011b pro kategorie \u017e\u00e1k\u016f a kadet\u016f. Bude to hodn\u011b spravedliv\u00e9. Bylo dokonce v\u00edce z\u00e1jemc\u016f o po\u0159\u00e1d\u00e1n\u00ed z\u00e1vod\u016f, ale z&nbsp;finan\u010dn\u00edch d\u016fvod\u016f to ne\u0161lo. Jedou se ale i etapov\u00e9 z\u00e1vody a M\u010cR, tak\u017ee z\u00e1vod\u016f bude dostatek a v\u0161e je ud\u011bl\u00e1no tak, aby na\u0161e z\u00e1vody nekolidovaly s bikery ani dr\u00e1hou,\u201c \u0159ekl technick\u00fd deleg\u00e1t seri\u00e1lu Ji\u0159\u00ed Ka\u0148kovsk\u00fd.<\/p>\n\n\n\n<p>\u201eNovinkou, aby se zv\u00fd\u0161ila \u00farove\u0148 a netaktizovalo se, je slou\u010den\u00ed kadetek se star\u0161\u00edmi \u017e\u00e1ky a stejn\u011b tak pojedou pohromad\u011b juniorky, \u017eeny a kadeti. To v\u0161e, pokud nep\u0159ekro\u010d\u00ed startovn\u00ed pole 145 z\u00e1vodn\u00edk\u016f, jinak by se kategorie op\u011bt d\u011blily. \u017densk\u00e1 cyklistika je u n\u00e1s na vzestupu, proto toto rozhodnut\u00ed kvituji,\u201c dodal Ka\u0148kovsk\u00fd.<\/p>\n\n\n\n<p>Mezi \u017eenami skon\u010dila v&nbsp;lo\u0148sk\u00e9 sezon\u011b na t\u0159et\u00edm m\u00edst\u011b Krist\u00fdna Zemanov\u00e1 z&nbsp;t\u00fdmu Brilon Racing MB, kter\u00e1 letos byla hodn\u011b vid\u011bt p\u0159edev\u0161\u00edm v&nbsp;cyklokrosu, co\u017e je jej\u00ed prim\u00e1rn\u00ed discipl\u00edna. \u201eSilnici beru jako zpest\u0159en\u00ed p\u0159\u00edpravy. Do cyklokrosu se silnice skv\u011ble hod\u00ed a kombinace t\u011bchto dvou discipl\u00edn mi vyhovuje. N\u011bkter\u00fdch z\u00e1vodu \u010cP se ur\u010dit\u011b z\u00fa\u010dastn\u00edm i v&nbsp;tomto roce,\u201c \u0159ekla Krist\u00fdna Zemanov\u00e1.<\/p>\n\n\n\n<p>P\u0159ihl\u00e1\u0161ky se prov\u00e1d\u00ed ke ka\u017ed\u00e9mu z\u00e1vodu samostatn\u011b elektronickou formou na internetov\u00fdch str\u00e1nk\u00e1ch&nbsp;<a href=\"https:\/\/cycling.sportsoft.cz\/brilon_cup\/\">https:\/\/cycling.sportsoft.cz\/brilon_cup\/<\/a>. Term\u00edn uz\u00e1v\u011brky p\u0159ihl\u00e1\u0161ek je v\u017edy ve \u010dtvrtek (do 12:00 hodin) p\u0159ed startem p\u0159\u00edslu\u0161n\u00e9ho z\u00e1vodu. Sou\u010d\u00e1st\u00ed p\u0159ihl\u00e1\u0161en\u00ed je \u00fahrada startovn\u00e9ho, p\u0159ihl\u00e1\u0161en\u00ed nab\u00fdv\u00e1 platnosti po \u00fahrad\u011b startovn\u00e9ho. Proveden\u00edm platby se rozum\u00ed p\u0159ips\u00e1n\u00ed finan\u010dn\u00ed \u010d\u00e1stky (startovn\u00e9ho) na \u00fa\u010det po\u0159adatele. Platbu je mo\u017en\u00e9 prov\u00e9st on-line platebn\u00ed kartou.<\/p>\n\n\n\n<figure class=\"wp-block-image size-large\"><img loading=\"lazy\" decoding=\"async\" width=\"724\" height=\"1024\" src=\"https:\/\/www.czechcyclingfederation.com\/wp-content\/uploads\/2023\/02\/CP23_brilon_plakat-1-724x1024.png\" alt=\"\" class=\"wp-image-15145\" srcset=\"https:\/\/www.czechcyclingfederation.com\/wp-content\/uploads\/2023\/02\/CP23_brilon_plakat-1-724x1024.png 724w, https:\/\/www.czechcyclingfederation.com\/wp-content\/uploads\/2023\/02\/CP23_brilon_plakat-1-141x200.png 141w, https:\/\/www.czechcyclingfederation.com\/wp-content\/uploads\/2023\/02\/CP23_brilon_plakat-1-768x1086.png 768w, https:\/\/www.czechcyclingfederation.com\/wp-content\/uploads\/2023\/02\/CP23_brilon_plakat-1-1086x1536.png 1086w, https:\/\/www.czechcyclingfederation.com\/wp-content\/uploads\/2023\/02\/CP23_brilon_plakat-1-1448x2048.png 1448w, https:\/\/www.czechcyclingfederation.com\/wp-content\/uploads\/2023\/02\/CP23_brilon_plakat-1-1320x1867.png 1320w\" sizes=\"auto, (max-width: 724px) 100vw, 724px\" \/><\/figure>\n","protected":false},"excerpt":{"rendered":"<p>Po Techniserv Cupu se v\u00a0leto\u0161n\u00ed sezon\u011b \u010cesk\u00fd poh\u00e1r pro ml\u00e1de\u017enick\u00e9 kategorie a \u017eeny pojede pod n\u00e1zvem nov\u00e9ho titul\u00e1rn\u00edho partnera jako Brilon Cup 2023. Jde o celoro\u010dn\u00ed sout\u011b\u017e v silni\u010dn\u00ed cyklistice vypsanou pro kategorie mlad\u0161\u00ed a star\u0161\u00ed \u017e\u00e1ci, mlad\u0161\u00ed a star\u0161\u00ed \u017e\u00e1kyn\u011b, kadeti, kadetky, junio\u0159i, juniorky a \u017eeny. Sout\u011b\u017e se skl\u00e1d\u00e1 ze \u0161esti silni\u010dn\u00edch z\u00e1vod\u016f. Do [&hellip;]<\/p>\n","protected":false},"author":1,"featured_media":15159,"comment_status":"closed","ping_status":"open","sticky":false,"template":"","format":"standard","meta":{"footnotes":""},"categories":[17,2,18],"tags":[11],"class_list":["post-15144","post","type-post","status-publish","format-standard","has-post-thumbnail","hentry","category-discipliny","category-novinky","category-silnice","tag-silnice"],"_links":{"self":[{"href":"https:\/\/www.czechcyclingfederation.com\/en\/wp-json\/wp\/v2\/posts\/15144","targetHints":{"allow":["GET"]}}],"collection":[{"href":"https:\/\/www.czechcyclingfederation.com\/en\/wp-json\/wp\/v2\/posts"}],"about":[{"href":"https:\/\/www.czechcyclingfederation.com\/en\/wp-json\/wp\/v2\/types\/post"}],"author":[{"embeddable":true,"href":"https:\/\/www.czechcyclingfederation.com\/en\/wp-json\/wp\/v2\/users\/1"}],"replies":[{"embeddable":true,"href":"https:\/\/www.czechcyclingfederation.com\/en\/wp-json\/wp\/v2\/comments?post=15144"}],"version-history":[{"count":5,"href":"https:\/\/www.czechcyclingfederation.com\/en\/wp-json\/wp\/v2\/posts\/15144\/revisions"}],"predecessor-version":[{"id":15175,"href":"https:\/\/www.czechcyclingfederation.com\/en\/wp-json\/wp\/v2\/posts\/15144\/revisions\/15175"}],"wp:featuredmedia":[{"embeddable":true,"href":"https:\/\/www.czechcyclingfederation.com\/en\/wp-json\/wp\/v2\/media\/15159"}],"wp:attachment":[{"href":"https:\/\/www.czechcyclingfederation.com\/en\/wp-json\/wp\/v2\/media?parent=15144"}],"wp:term":[{"taxonomy":"category","embeddable":true,"href":"https:\/\/www.czechcyclingfederation.com\/en\/wp-json\/wp\/v2\/categories?post=15144"},{"taxonomy":"post_tag","embeddable":true,"href":"https:\/\/www.czechcyclingfederation.com\/en\/wp-json\/wp\/v2\/tags?post=15144"}],"curies":[{"name":"wp","href":"https:\/\/api.w.org\/{rel}","templated":true}]}}