{"id":15127,"date":"2023-02-27T14:58:24","date_gmt":"2023-02-27T13:58:24","guid":{"rendered":"https:\/\/www.czechcyclingfederation.com\/?p=15127"},"modified":"2023-02-27T15:09:35","modified_gmt":"2023-02-27T14:09:35","slug":"praha-privita-kongres-evropske-cyklisticke-federace-jiz-tento-vikend","status":"publish","type":"post","link":"https:\/\/www.czechcyclingfederation.com\/en\/praha-privita-kongres-evropske-cyklisticke-federace-jiz-tento-vikend\/","title":{"rendered":"Praha p\u0159iv\u00edt\u00e1 kongres Evropsk\u00e9 cyklistick\u00e9 federace ji\u017e tento v\u00edkend"},"content":{"rendered":"\n<p>Ve dnech 3.3.&nbsp;a\u017e 5.3.2023&nbsp;se v&nbsp;pra\u017esk\u00e9m&nbsp;OREA Hotels Pyramida uskute\u010dn\u00ed kongres Evropsk\u00e9 cyklistick\u00e9&nbsp;unie&nbsp;(UEC), kter\u00fd p\u0159iv\u00edt\u00e1 z\u00e1stupce v\u0161ech evropsk\u00fdch&nbsp;cyklistick\u00fdch federac\u00ed. \u010cesk\u00fd svaz cyklistiky je spolupo\u0159adatelem t\u00e9to akce a jedn\u00e1 se o&nbsp;prvn\u00ed&nbsp;takto&nbsp;v\u00fdznamn\u00fd&nbsp;cyklistick\u00fd kongres na na\u0161em \u00fazem\u00ed.<\/p>\n\n\n\n<p>\u201ePo\u0159\u00e1d\u00e1n\u00ed takov\u00e9 akce je pro n\u00e1s velmi d\u016fle\u017eit\u00e9&nbsp;a jedn\u00e1 se o velk\u00fd diplomatick\u00fd \u00fasp\u011bch \u010desk\u00e9 cyklistiky na&nbsp;evropsk\u00e9 \u00farovni.&nbsp;To,&nbsp;\u017ee&nbsp;v&nbsp;Praze&nbsp;p\u0159iv\u00edt\u00e1me z\u00e1stupce v\u0161ech federac\u00ed s&nbsp;v\u00fdjimkou&nbsp;rusk\u00e9 a b\u011blorusk\u00e9, n\u00e1m pom\u016f\u017ee zv\u00fd\u0161it pov\u011bdom\u00ed na\u0161\u00ed&nbsp;cyklistiky v Evrop\u011b&nbsp;a&nbsp;prosazovat&nbsp;na\u0161e&nbsp;z\u00e1jmy&nbsp;uvnit\u0159&nbsp;UEC,\u201c&nbsp;\u0159ekl Petr Marek, prezident&nbsp;\u010cSC.<\/p>\n\n\n\n<p>Kongres Evropsk\u00e9 cyklistick\u00e9 federace (UEC) je&nbsp;v\u00fdro\u010dn\u00ed&nbsp;sch\u016fz\u00ed v\u0161ech jej\u00edch \u010dlen\u016f a&nbsp;z\u00e1stupc\u016f z&nbsp;jednotliv\u00fdch&nbsp;zem\u00ed.&nbsp;<\/p>\n\n\n\n<p>\u00da\u010dastn\u00ed se ho okolo 150 osob (cca 2-3 z\u00e1stupci z ka\u017ed\u00e9 zem\u011b), mezi hlavn\u00ed body v&nbsp;programu pat\u0159\u00ed&nbsp;v\u00fdro\u010dn\u00ed zpr\u00e1va&nbsp;z roku p\u0159edchoz\u00edho v\u010detn\u011b finan\u010dn\u00ed hospoda\u0159en\u00ed,&nbsp;v\u00fdhled&nbsp;na dal\u0161\u00ed&nbsp;rok(y), schvalov\u00e1n\u00ed rozpo\u010dt\u016f, p\u0159edstaven\u00ed n\u00e1sleduj\u00edc\u00edch \u0161ampion\u00e1t\u016f a mnoh\u00e9 dal\u0161\u00ed&nbsp;dozor\u010d\u00ed a schvalovac\u00ed \u010dinnosti.&nbsp;Kongresu se krom\u011b cel\u00e9ho veden\u00ed&nbsp;UEC&nbsp;v\u010detn\u011b jej\u00edho prezidenta Enrica Della Casa&nbsp;\u00fa\u010dastn\u00ed tak\u00e9&nbsp;prezident mezin\u00e1rodn\u00ed cyklistick\u00e9 unie (UCI) David&nbsp;Lappartient.<\/p>\n\n\n\n<p>Hlavn\u00ed program kongresu se uskute\u010dn\u00ed v\u00a0ned\u011bli,\u00a0p\u0159i\u010dem\u017e v\u00a0sobotu\u00a0mu\u00a0p\u0159edch\u00e1z\u00ed workshop\u00a0Sharing Platform\u00a0po\u0159\u00e1dan\u00fd UCI\u00a0a ve\u010der pak\u00a0spole\u010dn\u00e1 galave\u010de\u0159e.<\/p>\n\n\n\n<p>Partnerem akce je tak\u00e9\u00a0spole\u010dnost\u00a0\u0160KODA AUTO a.s., kter\u00e1 jako\u017eto \u010desk\u00fd v\u00fdrobce automobil\u016f poskytne shuttle servis pro v\u0161echny deleg\u00e1ty.<\/p>\n\n\n\n<figure class=\"wp-block-image size-large\"><img loading=\"lazy\" decoding=\"async\" width=\"1024\" height=\"652\" src=\"https:\/\/www.czechcyclingfederation.com\/wp-content\/uploads\/2023\/02\/19009633-1024x652.jpg\" alt=\"\" class=\"wp-image-15128\" srcset=\"https:\/\/www.czechcyclingfederation.com\/wp-content\/uploads\/2023\/02\/19009633-1024x652.jpg 1024w, https:\/\/www.czechcyclingfederation.com\/wp-content\/uploads\/2023\/02\/19009633-300x191.jpg 300w, https:\/\/www.czechcyclingfederation.com\/wp-content\/uploads\/2023\/02\/19009633-768x489.jpg 768w, https:\/\/www.czechcyclingfederation.com\/wp-content\/uploads\/2023\/02\/19009633-1536x977.jpg 1536w, https:\/\/www.czechcyclingfederation.com\/wp-content\/uploads\/2023\/02\/19009633-2048x1303.jpg 2048w, https:\/\/www.czechcyclingfederation.com\/wp-content\/uploads\/2023\/02\/19009633-1320x840.jpg 1320w\" sizes=\"auto, (max-width: 1024px) 100vw, 1024px\" \/><\/figure>\n\n\n\n<p>FOTO: UEC<\/p>\n","protected":false},"excerpt":{"rendered":"<p>Ve dnech 3.3.&nbsp;a\u017e 5.3.2023&nbsp;se v&nbsp;pra\u017esk\u00e9m&nbsp;OREA Hotels Pyramida uskute\u010dn\u00ed kongres Evropsk\u00e9 cyklistick\u00e9&nbsp;unie&nbsp;(UEC), kter\u00fd p\u0159iv\u00edt\u00e1 z\u00e1stupce v\u0161ech evropsk\u00fdch&nbsp;cyklistick\u00fdch federac\u00ed. \u010cesk\u00fd svaz cyklistiky je spolupo\u0159adatelem t\u00e9to akce a jedn\u00e1 se o&nbsp;prvn\u00ed&nbsp;takto&nbsp;v\u00fdznamn\u00fd&nbsp;cyklistick\u00fd kongres na na\u0161em \u00fazem\u00ed. \u201ePo\u0159\u00e1d\u00e1n\u00ed takov\u00e9 akce je pro n\u00e1s velmi d\u016fle\u017eit\u00e9&nbsp;a jedn\u00e1 se o velk\u00fd diplomatick\u00fd \u00fasp\u011bch \u010desk\u00e9 cyklistiky na&nbsp;evropsk\u00e9 \u00farovni.&nbsp;To,&nbsp;\u017ee&nbsp;v&nbsp;Praze&nbsp;p\u0159iv\u00edt\u00e1me z\u00e1stupce v\u0161ech federac\u00ed s&nbsp;v\u00fdjimkou&nbsp;rusk\u00e9 a [&hellip;]<\/p>\n","protected":false},"author":1,"featured_media":15139,"comment_status":"closed","ping_status":"open","sticky":false,"template":"","format":"standard","meta":{"footnotes":""},"categories":[28,17,2],"tags":[213],"class_list":["post-15127","post","type-post","status-publish","format-standard","has-post-thumbnail","hentry","category-cesky-svaz-cyklistiky","category-discipliny","category-novinky","tag-uec"],"_links":{"self":[{"href":"https:\/\/www.czechcyclingfederation.com\/en\/wp-json\/wp\/v2\/posts\/15127","targetHints":{"allow":["GET"]}}],"collection":[{"href":"https:\/\/www.czechcyclingfederation.com\/en\/wp-json\/wp\/v2\/posts"}],"about":[{"href":"https:\/\/www.czechcyclingfederation.com\/en\/wp-json\/wp\/v2\/types\/post"}],"author":[{"embeddable":true,"href":"https:\/\/www.czechcyclingfederation.com\/en\/wp-json\/wp\/v2\/users\/1"}],"replies":[{"embeddable":true,"href":"https:\/\/www.czechcyclingfederation.com\/en\/wp-json\/wp\/v2\/comments?post=15127"}],"version-history":[{"count":3,"href":"https:\/\/www.czechcyclingfederation.com\/en\/wp-json\/wp\/v2\/posts\/15127\/revisions"}],"predecessor-version":[{"id":15134,"href":"https:\/\/www.czechcyclingfederation.com\/en\/wp-json\/wp\/v2\/posts\/15127\/revisions\/15134"}],"wp:featuredmedia":[{"embeddable":true,"href":"https:\/\/www.czechcyclingfederation.com\/en\/wp-json\/wp\/v2\/media\/15139"}],"wp:attachment":[{"href":"https:\/\/www.czechcyclingfederation.com\/en\/wp-json\/wp\/v2\/media?parent=15127"}],"wp:term":[{"taxonomy":"category","embeddable":true,"href":"https:\/\/www.czechcyclingfederation.com\/en\/wp-json\/wp\/v2\/categories?post=15127"},{"taxonomy":"post_tag","embeddable":true,"href":"https:\/\/www.czechcyclingfederation.com\/en\/wp-json\/wp\/v2\/tags?post=15127"}],"curies":[{"name":"wp","href":"https:\/\/api.w.org\/{rel}","templated":true}]}}