{"id":15031,"date":"2023-02-09T21:56:33","date_gmt":"2023-02-09T20:56:33","guid":{"rendered":"https:\/\/www.czechcyclingfederation.com\/?p=15031"},"modified":"2023-02-09T21:56:35","modified_gmt":"2023-02-09T20:56:35","slug":"hytych-desaty-na-me-na-kilometru","status":"publish","type":"post","link":"https:\/\/www.czechcyclingfederation.com\/en\/hytych-desaty-na-me-na-kilometru\/","title":{"rendered":"Hytych des\u00e1t\u00fd na ME na kilometru"},"content":{"rendered":"\n<p>Pouze Mat\u011bj Hytych se dostal ve druh\u00e9m dnu evropsk\u00e9ho dr\u00e1hov\u00e9ho \u0161ampion\u00e1tu ve \u0161v\u00fdcarsk\u00e9m Grenchenu do elitn\u00ed des\u00edtky. Tu uzav\u0159el v z\u00e1vodu na 1 km s pevn\u00fdm startem, Robin Wagner skon\u010dil ve stejn\u00e9 discipl\u00edn\u011b jeden\u00e1ct\u00fd. Adam K\u0159enek byl v bodovac\u00edm z\u00e1vodu sedmn\u00e1ct\u00fd, Barbora N\u011bmcov\u00e1 skon\u010dila ve vylu\u010dovac\u00edm z\u00e1vodu \u010dtrn\u00e1ct\u00e1.<\/p>\n\n\n\n<p>Druh\u00e9 zlato z\u00edskal po t\u00fdmov\u00e9m sprintu Nizozemec Jeffrey Hoogland na kilometru, v bodovac\u00edm z\u00e1vodu slavil zlato Simone Consoni z It\u00e1lie, vylu\u010dovac\u00ed z\u00e1vod \u017een ovl\u00e1dla Lotte Kopeck\u00e1 z Belgie. Italsk\u00e9 kvarteto Filippo Ganna, Francesco Lamon, Jonathan Milan a Manlio Moro bylo nejlep\u0161\u00ed ve st\u00edhac\u00edm z\u00e1vodu dru\u017estev, mezi \u017eenami stejnou discipl\u00ednu vyhr\u00e1ly Britky ve slo\u017een\u00ed Katie Archibaldov\u00e1, Neah Evansov\u00e1, Anna Morrisov\u00e1 a Elinor Barkerov\u00e1.<\/p>\n\n\n\n<p>V\u00fdsledky:<\/p>\n\n\n\n<p>Mu\u017ei:<\/p>\n\n\n\n<p>1 km s pevn\u00fdm startem:<\/p>\n\n\n\n<p>1. Hoogland (Niz.) 58,203, 2. Martinez (\u0160p.) 59,687, 3. Dornbach (N\u011bm.) 59,778, 4. Truman (Brit.) 1:00,291, 5. Bianchi (It.) 1:00,483, 6. Landerneau (Fr.) 1:00,575, &#8230;10. Hytych 1:01,813, 11. Wagner (oba \u010cR) 1:01,864.<\/p>\n\n\n\n<p>Bodovac\u00ed z\u00e1vod:<\/p>\n\n\n\n<p>1. Consoni (It.) 54, 2. Torres (\u0160p.) 51, 3. Grondin (Fr.) 48, 4. Ghys (Belg.) 39, 5. Hansen (D\u00e1n.) 37, 6. Narciso (Port.) 36, &#8230;17. K\u0159enek (\u010cR) -60.<\/p>\n\n\n\n<p>St\u00edhac\u00ed z\u00e1vod dru\u017estev:<\/p>\n\n\n\n<p>Fin\u00e1le: It\u00e1lie (Ganna, Lamon, Milan, Moro) 3:47,667 &#8211; Brit\u00e1nie (Bigham, Tanfield, Vernon, Wood) 3:48,800, o 3. m\u00edsto: Francie (Denis, Ermenault, Lafargue, Thomas) 3:49,837 &#8211; D\u00e1nsko 3:50,007.<\/p>\n\n\n\n<p>\u017deny:<\/p>\n\n\n\n<p>St\u00edhac\u00ed z\u00e1vod dru\u017estev:<\/p>\n\n\n\n<p>Fin\u00e1le: Brit\u00e1nie (Archibaldov\u00e1, Evansov\u00e1, Morrisov\u00e1, Barkerov\u00e1) 4:13,890 &#8211; It\u00e1lie (Alziniov\u00e1, Balsanov\u00e1, Guazziniov\u00e1, Paternosterov\u00e1)<\/p>\n\n\n\n<p>4:16,018, o 3. m\u00edsto: N\u011bmecko (Brausseov\u00e1, Krogerov\u00e1, Kleinov\u00e1, S\u00fcsselmilchov\u00e1) 4:14,402 &#8211; Francie 4:15,557.<\/p>\n\n\n\n<p>Vylu\u010dovac\u00ed z\u00e1vod:<\/p>\n\n\n\n<p>1. Kopeck\u00e1 (Belg.), 2. Fortinov\u00e1 (It.), 3. van der Duinov\u00e1 (Niz.), 4. Barkerov\u00e1 (Brit.), 5. Teutenbergov\u00e1 (N\u011bm.), 6. Lorkowsk\u00e1 (Pol.), &#8230;14. N\u011bmcov\u00e1 (\u010cR).<\/p>\n","protected":false},"excerpt":{"rendered":"<p>Pouze Mat\u011bj Hytych se dostal ve druh\u00e9m dnu evropsk\u00e9ho dr\u00e1hov\u00e9ho \u0161ampion\u00e1tu ve \u0161v\u00fdcarsk\u00e9m Grenchenu do elitn\u00ed des\u00edtky. Tu uzav\u0159el v z\u00e1vodu na 1 km s pevn\u00fdm startem, Robin Wagner skon\u010dil ve stejn\u00e9 discipl\u00edn\u011b jeden\u00e1ct\u00fd. Adam K\u0159enek byl v bodovac\u00edm z\u00e1vodu sedmn\u00e1ct\u00fd, Barbora N\u011bmcov\u00e1 skon\u010dila ve vylu\u010dovac\u00edm z\u00e1vodu \u010dtrn\u00e1ct\u00e1. Druh\u00e9 zlato z\u00edskal po t\u00fdmov\u00e9m sprintu Nizozemec [&hellip;]<\/p>\n","protected":false},"author":8,"featured_media":15032,"comment_status":"closed","ping_status":"open","sticky":false,"template":"","format":"standard","meta":{"footnotes":""},"categories":[54,2],"tags":[9],"class_list":["post-15031","post","type-post","status-publish","format-standard","has-post-thumbnail","hentry","category-draha","category-novinky","tag-draha"],"_links":{"self":[{"href":"https:\/\/www.czechcyclingfederation.com\/en\/wp-json\/wp\/v2\/posts\/15031","targetHints":{"allow":["GET"]}}],"collection":[{"href":"https:\/\/www.czechcyclingfederation.com\/en\/wp-json\/wp\/v2\/posts"}],"about":[{"href":"https:\/\/www.czechcyclingfederation.com\/en\/wp-json\/wp\/v2\/types\/post"}],"author":[{"embeddable":true,"href":"https:\/\/www.czechcyclingfederation.com\/en\/wp-json\/wp\/v2\/users\/8"}],"replies":[{"embeddable":true,"href":"https:\/\/www.czechcyclingfederation.com\/en\/wp-json\/wp\/v2\/comments?post=15031"}],"version-history":[{"count":1,"href":"https:\/\/www.czechcyclingfederation.com\/en\/wp-json\/wp\/v2\/posts\/15031\/revisions"}],"predecessor-version":[{"id":15033,"href":"https:\/\/www.czechcyclingfederation.com\/en\/wp-json\/wp\/v2\/posts\/15031\/revisions\/15033"}],"wp:featuredmedia":[{"embeddable":true,"href":"https:\/\/www.czechcyclingfederation.com\/en\/wp-json\/wp\/v2\/media\/15032"}],"wp:attachment":[{"href":"https:\/\/www.czechcyclingfederation.com\/en\/wp-json\/wp\/v2\/media?parent=15031"}],"wp:term":[{"taxonomy":"category","embeddable":true,"href":"https:\/\/www.czechcyclingfederation.com\/en\/wp-json\/wp\/v2\/categories?post=15031"},{"taxonomy":"post_tag","embeddable":true,"href":"https:\/\/www.czechcyclingfederation.com\/en\/wp-json\/wp\/v2\/tags?post=15031"}],"curies":[{"name":"wp","href":"https:\/\/api.w.org\/{rel}","templated":true}]}}