{"id":1501,"date":"2020-07-22T16:24:50","date_gmt":"2020-07-22T14:24:50","guid":{"rendered":"http:\/\/www.czechcyclingfederation.com\/?p=1501"},"modified":"2020-07-28T12:37:11","modified_gmt":"2020-07-28T10:37:11","slug":"regionem-orlicka-lanskroun-2020-s-maximalnim-obsazenim","status":"publish","type":"post","link":"https:\/\/www.czechcyclingfederation.com\/en\/regionem-orlicka-lanskroun-2020-s-maximalnim-obsazenim\/","title":{"rendered":"Regionem Orlicka Lan\u0161kroun 2020 s maxim\u00e1ln\u00edm obsazen\u00edm"},"content":{"rendered":"\n<p><\/p>\n\n\n\n<p>Jedn\u00edm z m\u00e1la z\u00e1vod\u016f, kter\u00fd se uskute\u010dn\u00ed v pl\u00e1novan\u00e9m term\u00ednu, je etapov\u00fd podnik Regionem Orlicka Lan\u0161kroun 2020 junior\u016f, kter\u00fd se pojede od 31. \u010dervence do 2. srpna ji\u017e po \u010dty\u0159iat\u0159ic\u00e1t\u00e9. Startuj\u00ed v n\u011bm klubov\u00e1 sedmi\u010dlenn\u00e1 dru\u017estva, nebo Mix t\u00fdmy, slo\u017een\u00e9 ze z\u00e1vodn\u00edk\u016f kategorie junior (2002 &#8211; 2003) a dru\u017estvo m\u016f\u017ee b\u00fdt dopln\u011bno z\u00e1vodn\u00edky kategorie kadet\u016f (2004).<\/p>\n\n\n\n<p>Po\u0159adatelem z\u00e1vodu je Sportovn\u00ed klub policie DUHA Lan\u0161kroun, \u0159editelem Petr Buch\u00e1\u010dek. Mezi v\u00edt\u011bzi z minul\u00fdch let lze nal\u00e9zt jm\u00e9na jezdc\u016f, kte\u0159\u00ed toho hodn\u011b n\u00e1sledn\u011b dok\u00e1zali, jen nam\u00e1tkou Daniel Turek, Josef \u010cern\u00fd, Leopold K\u00f6nig, Zden\u011bk Mlyn\u00e1\u0159, Pavel Padrnos, Josef Nazarej, slovensk\u00fd trojn\u00e1sobn\u00fd mistr sv\u011bta jezdec Peter Sagan, Raku\u0161an Peter Luttenberger \u010di N\u011bmec Lennard K\u00e4mma.<\/p>\n\n\n\n<p>P\u016fvodn\u011b m\u011blo b\u00fdt na staru 140 startuj\u00edc\u00edch. &#8220;P\u0159etlak z\u00e1jemc\u016f st\u00e1t na startu byl ale o hodn\u011b vy\u0161\u0161\u00ed. Poda\u0159ilo se n\u00e1m zvednout po\u010det startuj\u00edc\u00edch na 179 rovnom\u011brn\u011b rozlo\u017een\u00fdch do 13 \u010desk\u00fdch a 13 zahrani\u010dn\u00edch t\u00fdm\u016f. Ty p\u0159ijedou z Belgie, N\u011bmecka, Rakouska a Slovenska,&#8221; \u0159\u00edk\u00e1 Petr Buch\u00e1\u010dek.<\/p>\n\n\n\n<p>V posledn\u00edch \u0161esti ro\u010dn\u00edc\u00edch dominovali n\u011bme\u010dt\u00ed cyklist\u00e9, kte\u0159\u00ed p\u011btkr\u00e1t vystoupili na nejvy\u0161\u0161\u00ed stupe\u0148, naposledy loni to byl Tim Oelke z t\u00fdmu Stevens Th\u00fcringen p\u0159ed Pavlem Bittnerem. Mezi n\u011b se dok\u00e1zal vkl\u00ednit \u010desk\u00fd z\u00e1stupce Jakub Otruba pouze v roce 2016.<\/p>\n\n\n\n<p>Tra\u0165 z\u00e1vodu:<\/p>\n\n\n\n<p>31. \u010dervence: 1. etapa &#8211; silni\u010dn\u00ed z\u00e1vod (77 km)<\/p>\n\n\n\n<p>&nbsp;1. srpna: 2. etapa &#8211; \u010dasovka jednotlivc\u016f (9 km<\/p>\n\n\n\n<p>1. srpna: 2. etapa &#8211; silni\u010dn\u00ed z\u00e1vod (71 km)<\/p>\n\n\n\n<p>2. srpna: 4. etapa &#8211; silni\u010dn\u00ed z\u00e1vod (90 k<\/p>\n\n\n\n<p>Celkem: 247 km<\/p>\n\n\n\n<p>V\u00edce informac\u00ed na adrese: https:\/\/www.skpduha.cz\/Portals\/skpduha\/RO2020\/Propozice2020_nahled.<\/p>\n\n\n\n<figure class=\"wp-block-image size-large\"><img loading=\"lazy\" decoding=\"async\" width=\"1024\" height=\"682\" src=\"https:\/\/www.czechcyclingfederation.com\/wp-content\/uploads\/2020\/07\/Orlicko-dva-nejlep\u0161\u00ed-leto\u0161n\u00edho-ro\u010dn\u00edkucelkov\u011b-druh\u00fd-\u010cech-Bittner-a-v\u00edt\u011bzn\u00fd-N\u011bmec-Oelke-1-1024x682.jpg\" alt=\"\" class=\"wp-image-1503\" srcset=\"https:\/\/www.czechcyclingfederation.com\/wp-content\/uploads\/2020\/07\/Orlicko-dva-nejlep\u0161\u00ed-leto\u0161n\u00edho-ro\u010dn\u00edkucelkov\u011b-druh\u00fd-\u010cech-Bittner-a-v\u00edt\u011bzn\u00fd-N\u011bmec-Oelke-1-1024x682.jpg 1024w, https:\/\/www.czechcyclingfederation.com\/wp-content\/uploads\/2020\/07\/Orlicko-dva-nejlep\u0161\u00ed-leto\u0161n\u00edho-ro\u010dn\u00edkucelkov\u011b-druh\u00fd-\u010cech-Bittner-a-v\u00edt\u011bzn\u00fd-N\u011bmec-Oelke-1-300x200.jpg 300w, https:\/\/www.czechcyclingfederation.com\/wp-content\/uploads\/2020\/07\/Orlicko-dva-nejlep\u0161\u00ed-leto\u0161n\u00edho-ro\u010dn\u00edkucelkov\u011b-druh\u00fd-\u010cech-Bittner-a-v\u00edt\u011bzn\u00fd-N\u011bmec-Oelke-1-768x512.jpg 768w, https:\/\/www.czechcyclingfederation.com\/wp-content\/uploads\/2020\/07\/Orlicko-dva-nejlep\u0161\u00ed-leto\u0161n\u00edho-ro\u010dn\u00edkucelkov\u011b-druh\u00fd-\u010cech-Bittner-a-v\u00edt\u011bzn\u00fd-N\u011bmec-Oelke-1-1536x1024.jpg 1536w, https:\/\/www.czechcyclingfederation.com\/wp-content\/uploads\/2020\/07\/Orlicko-dva-nejlep\u0161\u00ed-leto\u0161n\u00edho-ro\u010dn\u00edkucelkov\u011b-druh\u00fd-\u010cech-Bittner-a-v\u00edt\u011bzn\u00fd-N\u011bmec-Oelke-1-1320x880.jpg 1320w, https:\/\/www.czechcyclingfederation.com\/wp-content\/uploads\/2020\/07\/Orlicko-dva-nejlep\u0161\u00ed-leto\u0161n\u00edho-ro\u010dn\u00edkucelkov\u011b-druh\u00fd-\u010cech-Bittner-a-v\u00edt\u011bzn\u00fd-N\u011bmec-Oelke-1.jpg 2000w\" sizes=\"auto, (max-width: 1024px) 100vw, 1024px\" \/><\/figure>\n","protected":false},"excerpt":{"rendered":"<p>Jedn\u00edm z m\u00e1la z\u00e1vod\u016f, kter\u00fd se uskute\u010dn\u00ed v pl\u00e1novan\u00e9m term\u00ednu, je etapov\u00fd podnik Regionem Orlicka Lan\u0161kroun 2020 junior\u016f, kter\u00fd se pojede od 31. \u010dervence do 2. srpna ji\u017e po \u010dty\u0159iat\u0159ic\u00e1t\u00e9. Startuj\u00ed v n\u011bm klubov\u00e1 sedmi\u010dlenn\u00e1 dru\u017estva, nebo Mix t\u00fdmy, slo\u017een\u00e9 ze z\u00e1vodn\u00edk\u016f kategorie junior (2002 &#8211; 2003) a dru\u017estvo m\u016f\u017ee b\u00fdt dopln\u011bno z\u00e1vodn\u00edky kategorie kadet\u016f [&hellip;]<\/p>\n","protected":false},"author":8,"featured_media":1502,"comment_status":"closed","ping_status":"open","sticky":false,"template":"","format":"standard","meta":{"footnotes":""},"categories":[2,18],"tags":[11],"class_list":["post-1501","post","type-post","status-publish","format-standard","has-post-thumbnail","hentry","category-novinky","category-silnice","tag-silnice"],"_links":{"self":[{"href":"https:\/\/www.czechcyclingfederation.com\/en\/wp-json\/wp\/v2\/posts\/1501","targetHints":{"allow":["GET"]}}],"collection":[{"href":"https:\/\/www.czechcyclingfederation.com\/en\/wp-json\/wp\/v2\/posts"}],"about":[{"href":"https:\/\/www.czechcyclingfederation.com\/en\/wp-json\/wp\/v2\/types\/post"}],"author":[{"embeddable":true,"href":"https:\/\/www.czechcyclingfederation.com\/en\/wp-json\/wp\/v2\/users\/8"}],"replies":[{"embeddable":true,"href":"https:\/\/www.czechcyclingfederation.com\/en\/wp-json\/wp\/v2\/comments?post=1501"}],"version-history":[{"count":1,"href":"https:\/\/www.czechcyclingfederation.com\/en\/wp-json\/wp\/v2\/posts\/1501\/revisions"}],"predecessor-version":[{"id":1504,"href":"https:\/\/www.czechcyclingfederation.com\/en\/wp-json\/wp\/v2\/posts\/1501\/revisions\/1504"}],"wp:featuredmedia":[{"embeddable":true,"href":"https:\/\/www.czechcyclingfederation.com\/en\/wp-json\/wp\/v2\/media\/1502"}],"wp:attachment":[{"href":"https:\/\/www.czechcyclingfederation.com\/en\/wp-json\/wp\/v2\/media?parent=1501"}],"wp:term":[{"taxonomy":"category","embeddable":true,"href":"https:\/\/www.czechcyclingfederation.com\/en\/wp-json\/wp\/v2\/categories?post=1501"},{"taxonomy":"post_tag","embeddable":true,"href":"https:\/\/www.czechcyclingfederation.com\/en\/wp-json\/wp\/v2\/tags?post=1501"}],"curies":[{"name":"wp","href":"https:\/\/api.w.org\/{rel}","templated":true}]}}