{"id":14998,"date":"2023-02-06T11:25:13","date_gmt":"2023-02-06T10:25:13","guid":{"rendered":"https:\/\/www.czechcyclingfederation.com\/?p=14998"},"modified":"2023-02-06T11:25:16","modified_gmt":"2023-02-06T10:25:16","slug":"skoleni-ridicu-doprovodnych-vozidel","status":"publish","type":"post","link":"https:\/\/www.czechcyclingfederation.com\/en\/skoleni-ridicu-doprovodnych-vozidel\/","title":{"rendered":"\u0160kolen\u00ed \u0159idi\u010d\u016f doprovodn\u00fdch vozidel"},"content":{"rendered":"\n<p>Z\u00edskejte znalosti pravidel a zku\u0161enosti, jak se bezpe\u010dn\u011b pohybovat v doprovodn\u00e9m konvoji mechanick\u00fdch vozidel.&nbsp;<\/p>\n\n\n\n<p>\u0160kolen\u00ed pod veden\u00edm UCI rozhod\u010d\u00ed Simony Dav\u00eddkov\u00e9 <strong>se uskute\u010dn\u00ed 16. \u00fanora ve 14 hodin v\u00a0s\u00eddle \u010cSC<\/strong> (Nad Hlin\u00edkem 4, Praha 5) <strong>a on-line p\u0159es platformu Teams.<\/strong><\/p>\n\n\n\n<p><strong>N\u00e1pl\u0148 \u0161kolen\u00ed obsahuje:\u00a0<\/strong><\/p>\n\n\n\n<p>&#8211; pravidla UCI\/\u010cSC<\/p>\n\n\n\n<p>&#8211; vozy v jednotliv\u00fdch discipl\u00edn\u00e1ch &#8211; asisten\u010dn\u00ed syst\u00e9my, automatick\u00e9 dobrz\u010fov\u00e1n\u00ed, z\u00e1kaz koule na voz\u00edk, z\u00e1kaz polepu zadn\u00edho okna, v\u00fd\u0161ka (v\u00fdjimky &#8211; dod\u00e1vky &#8211; jejich pozice v konvoji) atd.<\/p>\n\n\n\n<p>&#8211; po\u0159ad\u00ed v konvoji&nbsp;<\/p>\n\n\n\n<p>&#8211; pohyb v konvoji&nbsp;<\/p>\n\n\n\n<p>&#8211; pohyb v konvoji po p\u00e1du, defektu..<\/p>\n\n\n\n<p>&#8211; dotahov\u00e1n\u00ed<\/p>\n\n\n\n<p>&#8211; bar\u00e1\u017ee<\/p>\n\n\n\n<p>&#8211; \u010dasovky<\/p>\n\n\n\n<p>&#8211; hromadn\u00fd z\u00e1vod &#8211; pohyb za vedouc\u00ed skupinou, pr\u016fjezd pevn\u00fdm bufetem, p\u0159ed\u00e1v\u00e1n\u00ed ob\u010derstven\u00ed, vys\u00edla\u010dky, odbo\u010den\u00ed vozidel p\u0159ed c\u00edlem atd.<\/p>\n\n\n\n<p>P\u0159ihl\u00e1\u0161ku za\u0161lete na&nbsp;<a href=\"mailto:edr@ceskysvazcyklistiky.cz\">edr@ceskysvazcyklistiky.cz<\/a>. Uve\u010fte v\u017edy jm\u00e9no, odd\u00edl a p\u0159ilo\u017ete potvrzen\u00ed o platb\u011b.<\/p>\n\n\n\n<p>Cena za absolvov\u00e1n\u00ed \u0161kolen\u00ed je 300,- K\u010d \u2013 platba p\u0159edem na \u00fa\u010det:\u00a0 2236045001\/5500<br><strong>Pozn\u00e1mka k platb\u011b<\/strong>: \u0160kolen\u00ed \u0159idi\u010d\u016f<\/p>\n\n\n\n<p>Absolvov\u00e1n\u00ed \u0161kolen\u00ed je povinn\u00e9 pro \u0159idi\u010de doprovodn\u00fdch voz\u016f na z\u00e1vodech \u010cesk\u00e9ho silni\u010dn\u00edho poh\u00e1ru mu\u017e\u016f (\u0160KODA CUP) a \u010cP ml\u00e1de\u017ee a \u017een (BRILON CUP).&nbsp;<\/p>\n\n\n\n<p>Kontrolu p\u0159ed z\u00e1vody bude v\u017edy prov\u00e1d\u011bt hlavn\u00ed rozhod\u010d\u00ed.&nbsp;<\/p>\n","protected":false},"excerpt":{"rendered":"<p>Z\u00edskejte znalosti pravidel a zku\u0161enosti, jak se bezpe\u010dn\u011b pohybovat v doprovodn\u00e9m konvoji mechanick\u00fdch vozidel.&nbsp; \u0160kolen\u00ed pod veden\u00edm UCI rozhod\u010d\u00ed Simony Dav\u00eddkov\u00e9 se uskute\u010dn\u00ed 16. \u00fanora ve 14 hodin v\u00a0s\u00eddle \u010cSC (Nad Hlin\u00edkem 4, Praha 5) a on-line p\u0159es platformu Teams. N\u00e1pl\u0148 \u0161kolen\u00ed obsahuje:\u00a0 &#8211; pravidla UCI\/\u010cSC &#8211; vozy v jednotliv\u00fdch discipl\u00edn\u00e1ch &#8211; asisten\u010dn\u00ed syst\u00e9my, automatick\u00e9 [&hellip;]<\/p>\n","protected":false},"author":1,"featured_media":14999,"comment_status":"closed","ping_status":"open","sticky":false,"template":"","format":"standard","meta":{"footnotes":""},"categories":[28,17,2,18,173],"tags":[174],"class_list":["post-14998","post","type-post","status-publish","format-standard","has-post-thumbnail","hentry","category-cesky-svaz-cyklistiky","category-discipliny","category-novinky","category-silnice","category-vzdelavani","tag-vzdelavani"],"_links":{"self":[{"href":"https:\/\/www.czechcyclingfederation.com\/en\/wp-json\/wp\/v2\/posts\/14998","targetHints":{"allow":["GET"]}}],"collection":[{"href":"https:\/\/www.czechcyclingfederation.com\/en\/wp-json\/wp\/v2\/posts"}],"about":[{"href":"https:\/\/www.czechcyclingfederation.com\/en\/wp-json\/wp\/v2\/types\/post"}],"author":[{"embeddable":true,"href":"https:\/\/www.czechcyclingfederation.com\/en\/wp-json\/wp\/v2\/users\/1"}],"replies":[{"embeddable":true,"href":"https:\/\/www.czechcyclingfederation.com\/en\/wp-json\/wp\/v2\/comments?post=14998"}],"version-history":[{"count":1,"href":"https:\/\/www.czechcyclingfederation.com\/en\/wp-json\/wp\/v2\/posts\/14998\/revisions"}],"predecessor-version":[{"id":15000,"href":"https:\/\/www.czechcyclingfederation.com\/en\/wp-json\/wp\/v2\/posts\/14998\/revisions\/15000"}],"wp:featuredmedia":[{"embeddable":true,"href":"https:\/\/www.czechcyclingfederation.com\/en\/wp-json\/wp\/v2\/media\/14999"}],"wp:attachment":[{"href":"https:\/\/www.czechcyclingfederation.com\/en\/wp-json\/wp\/v2\/media?parent=14998"}],"wp:term":[{"taxonomy":"category","embeddable":true,"href":"https:\/\/www.czechcyclingfederation.com\/en\/wp-json\/wp\/v2\/categories?post=14998"},{"taxonomy":"post_tag","embeddable":true,"href":"https:\/\/www.czechcyclingfederation.com\/en\/wp-json\/wp\/v2\/tags?post=14998"}],"curies":[{"name":"wp","href":"https:\/\/api.w.org\/{rel}","templated":true}]}}