{"id":14989,"date":"2023-02-05T17:41:51","date_gmt":"2023-02-05T16:41:51","guid":{"rendered":"https:\/\/www.czechcyclingfederation.com\/?p=14989"},"modified":"2023-02-05T17:41:53","modified_gmt":"2023-02-05T16:41:53","slug":"m-van-der-poela-pretlacil-na-ms-cyklokrosaru-van-aerta-az-ve-spourtu","status":"publish","type":"post","link":"https:\/\/www.czechcyclingfederation.com\/en\/m-van-der-poela-pretlacil-na-ms-cyklokrosaru-van-aerta-az-ve-spourtu\/","title":{"rendered":"M. van der Poela p\u0159etla\u010dil na MS cyklokrosa\u0159\u016f van Aerta a\u017e ve spourtu"},"content":{"rendered":"\n<p>\u00da\u017easnou a dramatickou bitvu dvou tit\u00e1n\u016f Mathieu van der Poela a Wouta van Aerta vyvrcholilo cyklokrosov\u00e9 mistrovstv\u00ed sv\u011bta v Hoogerheide v\u00a0Nizozem\u00ed. Rozhodl a\u017e strhuj\u00edc\u00ed fini\u0161 na dom\u00e1c\u00ed trati pro M. van der Poela, bronz vybojoval dal\u0161\u00ed Belgi\u010dan Eli Iserbyt, n\u00e1\u0161 Michael Boro\u0161 skon\u010dil jedenadvac\u00e1t\u00fd, Jakub \u0158\u00edman dojel na 29. m\u00edst\u011b.<\/p>\n\n\n\n<p>Podle p\u0159edpoklad\u016f hnalo \u0161edes\u00e1t tis\u00edc p\u0159\u00edznivc\u016f oba velik\u00e1ny sv\u00fdmi hlasivkami kup\u0159edu a oba si nedarovali ani metr zadarmo.&nbsp; Hned po startu vyrazil dop\u0159edu M. van der Poel, ale jeho velk\u00fd rival si jeho n\u00e1stup pohl\u00eddal a zav\u011bsil se za jeho zadn\u00ed kolo. A tak to bylo po v\u011bt\u0161inu z\u00e1vodu. N\u011bkolikr\u00e1t se M. van der Poel sna\u017eil nastoupit, nejnad\u011bjn\u011bji to vypadalo v sedm\u00e9m okruhu, kdy se sv\u00e9mu sokovi vzd\u00e1lil asi na deset metr\u016f, ale i van Aert si v\u0161echny pokusy pohl\u00eddal.<\/p>\n\n\n\n<p>Boro\u0161 se pohyboval v po\u010d\u00e1tku v z\u00e1v\u011bru druh\u00e9 des\u00edtky, ale od \u010dtvrt\u00e9ho kola za\u010dal po\u0159ad\u00edm stoupat a p\u0159ed polovinou z\u00e1vodu se dostal na jeden\u00e1ctou pozici. Kdy\u017e se z\u00e1vod l\u00e1mal do druh\u00e9 poloviny vedla nejlep\u0161\u00ed dvojice p\u0159ed Belgi\u010dany Michaelem Vanthourenhoutem a Gerbenem Kuypersem o 34 vte\u0159in, ov\u0161em po\u0159ad\u00ed za nejlep\u0161\u00ed dvojic\u00ed&nbsp; se \u010dasto p\u0159el\u00e9valo. V sedm\u00e9m kole se boj o bronz z\u00fa\u017eil na Eli Iserbyta (Belg.) a Lars van den Haara (Niz.).<\/p>\n\n\n\n<p>Van der Poel a van Aert se spolu udr\u017eeli a\u017e do c\u00edle a rozhodlo se a\u017e ve spurtu. Ten je v Hoogerheide hodn\u011b dlouh\u00fd a nav\u00edc do zna\u010dn\u00e9ho kopce. Na rovinku vjeli oba adepti na zlato bok po boku a vypadalo to, \u017ee nikomu se nechce nastoupit a d\u00e1t soupe\u0159i \u0161anci se za n\u00edm vyv\u00e9zt. Razantn\u00ed nasazen\u00ed ale p\u0159edvedl van der Poel a jeho atak byl doslova smrt\u00edc\u00ed. Van Aert dnes nena\u0161el odpov\u011b\u010f a do h\u00e1ku se van der Poelovi nedostal. Bylo rozhodnuto &#8211; pom\u011br zlat\u00fdch medail\u00ed z MS se zm\u011bnil na 5:3 ve prosp\u011bch dnes v\u00edt\u011bzn\u00e9ho van der Poela, bronz vybojoval Iserbyt s vte\u0159inov\u00fdm n\u00e1skokem p\u0159ed van der Haarem.<\/p>\n\n\n\n<p>Je\u0161t\u011b do z\u00e1v\u011bre\u010dn\u00e9ho kola vj\u00ed\u017ed\u011bl Boro\u0161 na patn\u00e1ct\u00e9m m\u00edst\u011b, ale v n\u011bm se p\u0159es n\u011bj p\u0159ehnalo \u0161est soupe\u0159\u016f, tak\u017ee nakonec z toho bylo a\u017e 21. m\u00edsto. &#8220;Dneska se mi to moc nepoda\u0159ilo, nem\u011bl jsem sv\u016fj den. Nejlep\u0161\u00ed v\u00fdsledky se mi letos poda\u0159ily na suchu, bral jsem to, jak\u00fd to bylo, ale nohy nebyly dobr\u00fd. Chv\u00edli jsem byl bl\u00edzko des\u00edtce, ale nebyl jsem schopen dr\u017eet s nima tempo a musel jsem si zvolnit,&#8221; \u0159ekl Michael Boro\u0161.&#8221;<\/p>\n\n\n\n<p>\u201eS v\u00fdsledkem samoz\u0159ejm\u011b spokojen\u00fd nejsem. Cht\u011bl jsem v\u00edc, ale bylo to tr\u00e1pen\u00ed cel\u00fd den. Sez\u00f3na byla rozhodn\u011b lep\u0161\u00ed, ne\u017e ta minul\u00e1. N\u011bkter\u00e9 v\u00fdsledky se mi poda\u0159ily, \u0161koda jen toho mistrovstv\u00ed sv\u011bta. Asi mi \u00fapln\u011b nevy\u0161lo na\u010dasov\u00e1n\u00ed formy, proto\u017ee jsem zajel lep\u0161\u00ed v\u00fdsledek o t\u00fdden d\u0159\u00edv a trochu jsem \u010dekal, \u017ee to vygraduje dneska. Bohu\u017eel to nevy\u0161lo, tak uvid\u00edme, co s t\u00edm ud\u011bl\u00e1me na p\u0159\u00ed\u0161t\u00ed rok v T\u00e1bo\u0159e,\u201c p\u0159ipomn\u011bl Boro\u0161 vrchol p\u0159\u00ed\u0161t\u00ed sez\u00f3ny, kdy se o sv\u011btov\u00fd titul bude bojovat v ji\u017en\u00edch \u010cech\u00e1ch.<\/p>\n\n\n\n<p>V\u00fdsledky:<\/p>\n\n\n\n<p>Mu\u017ei:<\/p>\n\n\n\n<p>1. M. van der Poerl (Niz.) 1:07:20, 2. van Aert stejn\u00fd \u010das, 3. Iserbyt (oba Belg.) +12, 4. van der Haar (Niz.) +13, 5. M. Vanthourenhout +46, 6. Kuypers (oba Belg.) +54, &#8230;21. Boro\u0161 +1:57, 29. \u0158\u00edman (oba \u010cR) +3:52.<\/p>\n\n\n\n<p>FOTO Jan Brychta<\/p>\n\n\n\n<figure class=\"wp-block-image size-large\"><img loading=\"lazy\" decoding=\"async\" width=\"1024\" height=\"681\" src=\"http:\/\/www.czechcyclingfederation.com\/wp-content\/uploads\/2023\/02\/Boros-BrychtaJan_UCI_MTB_WC_Hoogerheide_20230203_141631_DSC_5545-1024x681.jpg\" alt=\"\" class=\"wp-image-14991\" srcset=\"https:\/\/www.czechcyclingfederation.com\/wp-content\/uploads\/2023\/02\/Boros-BrychtaJan_UCI_MTB_WC_Hoogerheide_20230203_141631_DSC_5545-1024x681.jpg 1024w, https:\/\/www.czechcyclingfederation.com\/wp-content\/uploads\/2023\/02\/Boros-BrychtaJan_UCI_MTB_WC_Hoogerheide_20230203_141631_DSC_5545-300x200.jpg 300w, https:\/\/www.czechcyclingfederation.com\/wp-content\/uploads\/2023\/02\/Boros-BrychtaJan_UCI_MTB_WC_Hoogerheide_20230203_141631_DSC_5545-768x511.jpg 768w, https:\/\/www.czechcyclingfederation.com\/wp-content\/uploads\/2023\/02\/Boros-BrychtaJan_UCI_MTB_WC_Hoogerheide_20230203_141631_DSC_5545-1536x1022.jpg 1536w, https:\/\/www.czechcyclingfederation.com\/wp-content\/uploads\/2023\/02\/Boros-BrychtaJan_UCI_MTB_WC_Hoogerheide_20230203_141631_DSC_5545-1320x878.jpg 1320w, https:\/\/www.czechcyclingfederation.com\/wp-content\/uploads\/2023\/02\/Boros-BrychtaJan_UCI_MTB_WC_Hoogerheide_20230203_141631_DSC_5545.jpg 2000w\" sizes=\"auto, (max-width: 1024px) 100vw, 1024px\" \/><\/figure>\n","protected":false},"excerpt":{"rendered":"<p>\u00da\u017easnou a dramatickou bitvu dvou tit\u00e1n\u016f Mathieu van der Poela a Wouta van Aerta vyvrcholilo cyklokrosov\u00e9 mistrovstv\u00ed sv\u011bta v Hoogerheide v\u00a0Nizozem\u00ed. Rozhodl a\u017e strhuj\u00edc\u00ed fini\u0161 na dom\u00e1c\u00ed trati pro M. van der Poela, bronz vybojoval dal\u0161\u00ed Belgi\u010dan Eli Iserbyt, n\u00e1\u0161 Michael Boro\u0161 skon\u010dil jedenadvac\u00e1t\u00fd, Jakub \u0158\u00edman dojel na 29. m\u00edst\u011b. Podle p\u0159edpoklad\u016f hnalo \u0161edes\u00e1t tis\u00edc [&hellip;]<\/p>\n","protected":false},"author":8,"featured_media":14990,"comment_status":"closed","ping_status":"open","sticky":false,"template":"","format":"standard","meta":{"footnotes":""},"categories":[58,2],"tags":[59],"class_list":["post-14989","post","type-post","status-publish","format-standard","has-post-thumbnail","hentry","category-cyklokros","category-novinky","tag-cyklokros"],"_links":{"self":[{"href":"https:\/\/www.czechcyclingfederation.com\/en\/wp-json\/wp\/v2\/posts\/14989","targetHints":{"allow":["GET"]}}],"collection":[{"href":"https:\/\/www.czechcyclingfederation.com\/en\/wp-json\/wp\/v2\/posts"}],"about":[{"href":"https:\/\/www.czechcyclingfederation.com\/en\/wp-json\/wp\/v2\/types\/post"}],"author":[{"embeddable":true,"href":"https:\/\/www.czechcyclingfederation.com\/en\/wp-json\/wp\/v2\/users\/8"}],"replies":[{"embeddable":true,"href":"https:\/\/www.czechcyclingfederation.com\/en\/wp-json\/wp\/v2\/comments?post=14989"}],"version-history":[{"count":1,"href":"https:\/\/www.czechcyclingfederation.com\/en\/wp-json\/wp\/v2\/posts\/14989\/revisions"}],"predecessor-version":[{"id":14993,"href":"https:\/\/www.czechcyclingfederation.com\/en\/wp-json\/wp\/v2\/posts\/14989\/revisions\/14993"}],"wp:featuredmedia":[{"embeddable":true,"href":"https:\/\/www.czechcyclingfederation.com\/en\/wp-json\/wp\/v2\/media\/14990"}],"wp:attachment":[{"href":"https:\/\/www.czechcyclingfederation.com\/en\/wp-json\/wp\/v2\/media?parent=14989"}],"wp:term":[{"taxonomy":"category","embeddable":true,"href":"https:\/\/www.czechcyclingfederation.com\/en\/wp-json\/wp\/v2\/categories?post=14989"},{"taxonomy":"post_tag","embeddable":true,"href":"https:\/\/www.czechcyclingfederation.com\/en\/wp-json\/wp\/v2\/tags?post=14989"}],"curies":[{"name":"wp","href":"https:\/\/api.w.org\/{rel}","templated":true}]}}