{"id":14919,"date":"2023-01-30T11:26:32","date_gmt":"2023-01-30T10:26:32","guid":{"rendered":"https:\/\/www.czechcyclingfederation.com\/?p=14919"},"modified":"2023-01-30T11:31:13","modified_gmt":"2023-01-30T10:31:13","slug":"kral-cyklistiky-2022-jiz-14-2","status":"publish","type":"post","link":"https:\/\/www.czechcyclingfederation.com\/en\/kral-cyklistiky-2022-jiz-14-2\/","title":{"rendered":"Kr\u00e1l cyklistiky 2022 ji\u017e 14.2."},"content":{"rendered":"\n<p>V \u00fater\u00fd 14. \u00fanora 2023 bude v Kongresov\u00e9m s\u00e1le PVA EXPO PRAHA Let\u0148any od 20:15 hod. v\u00a0p\u0159\u00edm\u00e9m p\u0159enosu na kan\u00e1lu \u010cT Sport vyhl\u00e1\u0161en Kr\u00e1l cyklistiky za rok 2022. Jedn\u00e1 se ji\u017e o 58. ro\u010dn\u00edk presti\u017en\u00ed ankety \u010cesk\u00e9ho svazu cyklistiky.<\/p>\n\n\n\n<p>Kr\u00e1l cyklistiky je anketa o nejlep\u0161\u00edho \u010desk\u00e9ho cyklistu, vyhla\u0161ov\u00e1na \u010cesk\u00fdm svazem cyklistiky ve spolupr\u00e1ci se odbornou ve\u0159ejnost\u00ed zastoupenou p\u0159edev\u0161\u00edm sportovn\u00edmi novin\u00e1\u0159i. Kon\u00e1 se ji\u017e od roku 1965. Cyklist\u00e9 tehdy vyhl\u00e1sili sv\u00e9ho kr\u00e1le jako prvn\u00ed u n\u00e1s, ostatn\u00ed sportovn\u00ed odv\u011btv\u00ed se p\u0159idala a\u017e pozd\u011bji. Historicky prvn\u00edm v\u00edt\u011bzem ankety se stal silni\u010dn\u00ed cyklista a pozd\u011bji \u00fasp\u011b\u0161n\u00fd tren\u00e9r \u010di organiz\u00e1tor z\u00e1vod\u016f Pavel Dole\u017eel, nej\u00fasp\u011b\u0161n\u011bj\u0161\u00edmi cyklisty v historii jsou brat\u0159i Posp\u00ed\u0161ilov\u00e9, kte\u0159\u00ed zv\u00edt\u011bzili osmkr\u00e1t, \u0161estkr\u00e1t dominoval J\u00e1n Svorada a nap\u0159. \u010dty\u0159ikr\u00e1t zv\u00edt\u011bzil hv\u011bzdn\u00fd biker Jaroslav Kulhav\u00fd.<\/p>\n\n\n\n<p>\u010cesk\u00e1 cyklistika z\u00edskala v roce 2022 na mezin\u00e1rodn\u00ed \u00farovni \u0159adu titul\u016f i medail\u00ed, tak\u017ee hlasuj\u00edc\u00ed z\u00a0\u0159ad \u010cSC i z\u00e1stupc\u016f m\u00e9di\u00ed m\u011bli opravdu z\u00a0\u010deho vyb\u00edrat. Iveta Miculy\u010dov\u00e1 se stala mistryn\u00ed Evropy ve Freestyle BMX a na MS obsadila 3. m\u00edsto, Mathias Vacek v kategorii do 23 let na silni\u010dn\u00edm MS i ME vybojoval st\u0159\u00edbro a mlad\u00ed dr\u00e1ha\u0159i dovezli z mezin\u00e1rodn\u00edch \u0161ampion\u00e1t\u016f 20 cenn\u00fdch kov\u016f. A t\u00edm v\u00fd\u010det medail\u00ed zdaleka nekon\u010d\u00ed.<\/p>\n\n\n\n<p>Ve\u010derem budeme prov\u00e1zet osv\u011bd\u010den\u00fd koment\u00e1tor \u010cT Sport Tom\u00e1\u0161 J\u00edlek.<\/p>\n\n\n\n<p>V\u00a0anket\u011b Kr\u00e1l cyklistiky budou vyhl\u00e1\u0161eni v\u00edt\u011bzov\u00e9 za jednotliv\u00e9 discipl\u00edny: silnice, dr\u00e1ha, MTB, BMX, cyklokros, s\u00e1lov\u00e1 cyklistika, d\u00e1le nejlep\u0161\u00ed handicapovan\u00ed cyklist\u00e9, nejlep\u0161\u00ed junio\u0159i a na z\u00e1v\u011br i absolutn\u00ed v\u00edt\u011bz, Kr\u00e1l cyklistiky za rok 2022. Jedna z\u00a0osobnost\u00ed \u010desk\u00e9 cyklistiky bude rovn\u011b\u017e uvedena do S\u00edn\u011b sl\u00e1vy.<\/p>\n\n\n\n<p>Hlavn\u00edmi partnery ve\u010dera jsou spole\u010dnost Sazka a.s. a gener\u00e1ln\u00ed partner \u010cesk\u00e9ho svazu cyklistiky spole\u010dnost \u0160KODA AUTO a.s.<\/p>\n\n\n\n<figure class=\"wp-block-image size-large\"><img loading=\"lazy\" decoding=\"async\" width=\"1024\" height=\"448\" src=\"http:\/\/www.czechcyclingfederation.com\/wp-content\/uploads\/2023\/01\/VOT05360_DxO-kopie-scaled-e1675074646501-1024x448.jpg\" alt=\"\" class=\"wp-image-14923\" srcset=\"https:\/\/www.czechcyclingfederation.com\/wp-content\/uploads\/2023\/01\/VOT05360_DxO-kopie-scaled-e1675074646501-1024x448.jpg 1024w, https:\/\/www.czechcyclingfederation.com\/wp-content\/uploads\/2023\/01\/VOT05360_DxO-kopie-scaled-e1675074646501-300x131.jpg 300w, https:\/\/www.czechcyclingfederation.com\/wp-content\/uploads\/2023\/01\/VOT05360_DxO-kopie-scaled-e1675074646501-768x336.jpg 768w, https:\/\/www.czechcyclingfederation.com\/wp-content\/uploads\/2023\/01\/VOT05360_DxO-kopie-scaled-e1675074646501-1536x672.jpg 1536w, https:\/\/www.czechcyclingfederation.com\/wp-content\/uploads\/2023\/01\/VOT05360_DxO-kopie-scaled-e1675074646501-2048x896.jpg 2048w, https:\/\/www.czechcyclingfederation.com\/wp-content\/uploads\/2023\/01\/VOT05360_DxO-kopie-scaled-e1675074646501-1320x578.jpg 1320w\" sizes=\"auto, (max-width: 1024px) 100vw, 1024px\" \/><\/figure>\n","protected":false},"excerpt":{"rendered":"<p>V \u00fater\u00fd 14. \u00fanora 2023 bude v Kongresov\u00e9m s\u00e1le PVA EXPO PRAHA Let\u0148any od 20:15 hod. v\u00a0p\u0159\u00edm\u00e9m p\u0159enosu na kan\u00e1lu \u010cT Sport vyhl\u00e1\u0161en Kr\u00e1l cyklistiky za rok 2022. Jedn\u00e1 se ji\u017e o 58. ro\u010dn\u00edk presti\u017en\u00ed ankety \u010cesk\u00e9ho svazu cyklistiky. Kr\u00e1l cyklistiky je anketa o nejlep\u0161\u00edho \u010desk\u00e9ho cyklistu, vyhla\u0161ov\u00e1na \u010cesk\u00fdm svazem cyklistiky ve spolupr\u00e1ci se odbornou [&hellip;]<\/p>\n","protected":false},"author":1,"featured_media":14921,"comment_status":"closed","ping_status":"open","sticky":false,"template":"","format":"standard","meta":{"footnotes":""},"categories":[28,17,2],"tags":[119],"class_list":["post-14919","post","type-post","status-publish","format-standard","has-post-thumbnail","hentry","category-cesky-svaz-cyklistiky","category-discipliny","category-novinky","tag-csc"],"_links":{"self":[{"href":"https:\/\/www.czechcyclingfederation.com\/en\/wp-json\/wp\/v2\/posts\/14919","targetHints":{"allow":["GET"]}}],"collection":[{"href":"https:\/\/www.czechcyclingfederation.com\/en\/wp-json\/wp\/v2\/posts"}],"about":[{"href":"https:\/\/www.czechcyclingfederation.com\/en\/wp-json\/wp\/v2\/types\/post"}],"author":[{"embeddable":true,"href":"https:\/\/www.czechcyclingfederation.com\/en\/wp-json\/wp\/v2\/users\/1"}],"replies":[{"embeddable":true,"href":"https:\/\/www.czechcyclingfederation.com\/en\/wp-json\/wp\/v2\/comments?post=14919"}],"version-history":[{"count":2,"href":"https:\/\/www.czechcyclingfederation.com\/en\/wp-json\/wp\/v2\/posts\/14919\/revisions"}],"predecessor-version":[{"id":14925,"href":"https:\/\/www.czechcyclingfederation.com\/en\/wp-json\/wp\/v2\/posts\/14919\/revisions\/14925"}],"wp:featuredmedia":[{"embeddable":true,"href":"https:\/\/www.czechcyclingfederation.com\/en\/wp-json\/wp\/v2\/media\/14921"}],"wp:attachment":[{"href":"https:\/\/www.czechcyclingfederation.com\/en\/wp-json\/wp\/v2\/media?parent=14919"}],"wp:term":[{"taxonomy":"category","embeddable":true,"href":"https:\/\/www.czechcyclingfederation.com\/en\/wp-json\/wp\/v2\/categories?post=14919"},{"taxonomy":"post_tag","embeddable":true,"href":"https:\/\/www.czechcyclingfederation.com\/en\/wp-json\/wp\/v2\/tags?post=14919"}],"curies":[{"name":"wp","href":"https:\/\/api.w.org\/{rel}","templated":true}]}}