{"id":14893,"date":"2023-01-26T13:26:50","date_gmt":"2023-01-26T12:26:50","guid":{"rendered":"https:\/\/www.czechcyclingfederation.com\/?p=14893"},"modified":"2023-01-26T13:26:52","modified_gmt":"2023-01-26T12:26:52","slug":"vyzva-pro-zajemce-o-poradani-silnicniho-mcr-msr-2024","status":"publish","type":"post","link":"https:\/\/www.czechcyclingfederation.com\/en\/vyzva-pro-zajemce-o-poradani-silnicniho-mcr-msr-2024\/","title":{"rendered":"V\u00fdzva pro z\u00e1jemce o po\u0159\u00e1d\u00e1n\u00ed silni\u010dn\u00edho M\u010cR\/MSR 2024"},"content":{"rendered":"\n<p>\u010cSC vypisuje v\u00fdzvu pro z\u00e1jemce o po\u0159\u00e1d\u00e1n\u00ed n\u00e1rodn\u00edho silni\u010dn\u00edho \u0161ampion\u00e1tu v roce 2024. Mistrovstv\u00ed bude op\u011bt spole\u010dn\u00e9 pro \u010cR i SR a je ur\u010deno pro kategorie Junior\u016f, Juniorek, \u017den a Mu\u017e\u016f Elite.<\/p>\n\n\n\n<p>P\u0159\u00edpadn\u00fd z\u00e1jemce za\u0161le na \u010cSC nab\u00eddku, kter\u00e1 bude obsahovat \u2013 destinaci, r\u00e1mcov\u00e9 n\u00e1vrhy trat\u00ed, pokryt\u00ed trat\u00ed TV sign\u00e1lem, \u010dasov\u00fd harmonogram a doprovodn\u00fd program \u0161ampion\u00e1tu. D\u00e1le dolo\u017e\u00ed historii po\u0159\u00e1d\u00e1n\u00ed akc\u00ed s\u00a0podm\u00ednkou uspo\u0159\u00e1d\u00e1n\u00ed minim\u00e1ln\u011b jednoho silni\u010dn\u00edho z\u00e1vodu kategorie UCI nebo \u010cesk\u00e9ho poh\u00e1ru v\u00a0uplynul\u00fdch t\u0159ech letech.<\/p>\n\n\n\n<p>Nab\u00eddka mus\u00ed b\u00fdt zasl\u00e1na nejpozd\u011bji do\u00a0<strong>31.5.2023<\/strong>\u00a0na mail\u00a0<a href=\"mailto:edr@ceskysvazcyklistiky.cz\">edr@ceskysvazcyklistiky.cz<\/a><\/p>\n\n\n\n<p><strong>\u010cSC na akci zaji\u0161\u0165uje:<\/strong><\/p>\n\n\n\n<ul class=\"wp-block-list\"><li>V\u00fdsledkov\u00fd servis (p\u0159ihl\u00e1\u0161ky, startovn\u00e9, v\u00fdsledky)<\/li><li>Vozov\u00fd park od \u0160KODA AUTO v\u010detn\u011b \u0159idi\u010d\u016f<\/li><li>Opl\u016ftky v\u00a0d\u00e9lce 300m<\/li><li>Vys\u00edla\u010dky Motorola v\u00a0po\u010dtu 40ks + 4ks velk\u00fdch vys\u00edla\u010dek do voz\u016f rozhod\u010d\u00edch<\/li><li>Iveco (n\u00e1kladn\u00ed v\u016fz pro rozhod\u010d\u00ed v c\u00edli)<\/li><li>P\u0159\u00edsp\u011bvek na VIP prostor<\/li><li>C\u00edlov\u00e1 br\u00e1na (z hlin\u00edkov\u00fdch modul\u016f)<\/li><li>Z\u00e1znam v\u00a0TV ze z\u00e1vodu Elite<\/li><li>Ubytov\u00e1n\u00ed pro rozhod\u010d\u00ed a \u0159idi\u010de doprovodn\u00fdch voz\u016f<\/li><li>Dal\u0161\u00ed materi\u00e1ln\u00ed pln\u011bn\u00ed ze strany \u010cSC (po domluv\u011b)<\/li><\/ul>\n\n\n\n<p><strong>Po\u0159adatel m\u00e1 mo\u017enost um\u00edst\u011bn\u00ed gener\u00e1ln\u00edho partnera do n\u00e1zvu \u0161ampion\u00e1tu sou\u010dasn\u011b se \u0160KODA AUTO. Rozlo\u017een\u00ed partner\u016f \u0161ampion\u00e1tu je 50\/50 mezi \u010cSC a po\u0159adatelem.<\/strong><\/p>\n","protected":false},"excerpt":{"rendered":"<p>\u010cSC vypisuje v\u00fdzvu pro z\u00e1jemce o po\u0159\u00e1d\u00e1n\u00ed n\u00e1rodn\u00edho silni\u010dn\u00edho \u0161ampion\u00e1tu v roce 2024. Mistrovstv\u00ed bude op\u011bt spole\u010dn\u00e9 pro \u010cR i SR a je ur\u010deno pro kategorie Junior\u016f, Juniorek, \u017den a Mu\u017e\u016f Elite. P\u0159\u00edpadn\u00fd z\u00e1jemce za\u0161le na \u010cSC nab\u00eddku, kter\u00e1 bude obsahovat \u2013 destinaci, r\u00e1mcov\u00e9 n\u00e1vrhy trat\u00ed, pokryt\u00ed trat\u00ed TV sign\u00e1lem, \u010dasov\u00fd harmonogram a doprovodn\u00fd program [&hellip;]<\/p>\n","protected":false},"author":1,"featured_media":14033,"comment_status":"closed","ping_status":"open","sticky":false,"template":"","format":"standard","meta":{"footnotes":""},"categories":[28,17,2,18],"tags":[11],"class_list":["post-14893","post","type-post","status-publish","format-standard","has-post-thumbnail","hentry","category-cesky-svaz-cyklistiky","category-discipliny","category-novinky","category-silnice","tag-silnice"],"_links":{"self":[{"href":"https:\/\/www.czechcyclingfederation.com\/en\/wp-json\/wp\/v2\/posts\/14893","targetHints":{"allow":["GET"]}}],"collection":[{"href":"https:\/\/www.czechcyclingfederation.com\/en\/wp-json\/wp\/v2\/posts"}],"about":[{"href":"https:\/\/www.czechcyclingfederation.com\/en\/wp-json\/wp\/v2\/types\/post"}],"author":[{"embeddable":true,"href":"https:\/\/www.czechcyclingfederation.com\/en\/wp-json\/wp\/v2\/users\/1"}],"replies":[{"embeddable":true,"href":"https:\/\/www.czechcyclingfederation.com\/en\/wp-json\/wp\/v2\/comments?post=14893"}],"version-history":[{"count":1,"href":"https:\/\/www.czechcyclingfederation.com\/en\/wp-json\/wp\/v2\/posts\/14893\/revisions"}],"predecessor-version":[{"id":14894,"href":"https:\/\/www.czechcyclingfederation.com\/en\/wp-json\/wp\/v2\/posts\/14893\/revisions\/14894"}],"wp:featuredmedia":[{"embeddable":true,"href":"https:\/\/www.czechcyclingfederation.com\/en\/wp-json\/wp\/v2\/media\/14033"}],"wp:attachment":[{"href":"https:\/\/www.czechcyclingfederation.com\/en\/wp-json\/wp\/v2\/media?parent=14893"}],"wp:term":[{"taxonomy":"category","embeddable":true,"href":"https:\/\/www.czechcyclingfederation.com\/en\/wp-json\/wp\/v2\/categories?post=14893"},{"taxonomy":"post_tag","embeddable":true,"href":"https:\/\/www.czechcyclingfederation.com\/en\/wp-json\/wp\/v2\/tags?post=14893"}],"curies":[{"name":"wp","href":"https:\/\/api.w.org\/{rel}","templated":true}]}}