{"id":14889,"date":"2023-01-25T20:26:24","date_gmt":"2023-01-25T19:26:24","guid":{"rendered":"https:\/\/www.czechcyclingfederation.com\/?p=14889"},"modified":"2023-01-25T20:28:18","modified_gmt":"2023-01-25T19:28:18","slug":"zemrel-bohumir-fiala","status":"publish","type":"post","link":"https:\/\/www.czechcyclingfederation.com\/en\/zemrel-bohumir-fiala\/","title":{"rendered":"Zem\u0159el Bohum\u00edr Fiala"},"content":{"rendered":"\n<p>Ve v\u011bku 88 let zem\u0159el velk\u00fd cyklistick\u00fd a p\u0159edev\u0161\u00edm cyklokrosov\u00fd nad\u0161enec Bohum\u00edr Fiala. Byl dlouholet\u00fdm \u010dlenem odd\u00edlu cyklistiky TJ Auto \u0160koda Mlad\u00e1 Boleslav. V sedmdes\u00e1t\u00fdch letech byl mas\u00e9rem u juniorsk\u00e9 silni\u010dn\u00ed reprezentace pod veden\u00edm Jaroslava Menharta.<\/p>\n\n\n\n<p>Mas\u00edroval tak\u00e9 u reprezenta\u010dn\u00edho dru\u017estva v cyklokrosu, jeho rukama pro\u0161lo mnoho krosov\u00fdch medailist\u016f a byl tak\u00e9 u nejv\u011bt\u0161\u00edho \u00fasp\u011bchu \u010desk\u00e9ho cyklokrosu v&nbsp;podob\u011b \u0161esti medail\u00ed na sv\u011btov\u00e9m \u0161ampion\u00e1tu v T\u00e1bo\u0159e v roce 2001.<\/p>\n","protected":false},"excerpt":{"rendered":"<p>Ve v\u011bku 88 let zem\u0159el velk\u00fd cyklistick\u00fd a p\u0159edev\u0161\u00edm cyklokrosov\u00fd nad\u0161enec Bohum\u00edr Fiala. Byl dlouholet\u00fdm \u010dlenem odd\u00edlu cyklistiky TJ Auto \u0160koda Mlad\u00e1 Boleslav. V sedmdes\u00e1t\u00fdch letech byl mas\u00e9rem u juniorsk\u00e9 silni\u010dn\u00ed reprezentace pod veden\u00edm Jaroslava Menharta. Mas\u00edroval tak\u00e9 u reprezenta\u010dn\u00edho dru\u017estva v cyklokrosu, jeho rukama pro\u0161lo mnoho krosov\u00fdch medailist\u016f a byl tak\u00e9 u nejv\u011bt\u0161\u00edho \u00fasp\u011bchu [&hellip;]<\/p>\n","protected":false},"author":8,"featured_media":14892,"comment_status":"closed","ping_status":"open","sticky":false,"template":"","format":"standard","meta":{"footnotes":""},"categories":[58,2,65],"tags":[59,169],"class_list":["post-14889","post","type-post","status-publish","format-standard","has-post-thumbnail","hentry","category-cyklokros","category-novinky","category-subdisciplina","tag-cyklokros","tag-ostatni"],"_links":{"self":[{"href":"https:\/\/www.czechcyclingfederation.com\/en\/wp-json\/wp\/v2\/posts\/14889","targetHints":{"allow":["GET"]}}],"collection":[{"href":"https:\/\/www.czechcyclingfederation.com\/en\/wp-json\/wp\/v2\/posts"}],"about":[{"href":"https:\/\/www.czechcyclingfederation.com\/en\/wp-json\/wp\/v2\/types\/post"}],"author":[{"embeddable":true,"href":"https:\/\/www.czechcyclingfederation.com\/en\/wp-json\/wp\/v2\/users\/8"}],"replies":[{"embeddable":true,"href":"https:\/\/www.czechcyclingfederation.com\/en\/wp-json\/wp\/v2\/comments?post=14889"}],"version-history":[{"count":1,"href":"https:\/\/www.czechcyclingfederation.com\/en\/wp-json\/wp\/v2\/posts\/14889\/revisions"}],"predecessor-version":[{"id":14891,"href":"https:\/\/www.czechcyclingfederation.com\/en\/wp-json\/wp\/v2\/posts\/14889\/revisions\/14891"}],"wp:featuredmedia":[{"embeddable":true,"href":"https:\/\/www.czechcyclingfederation.com\/en\/wp-json\/wp\/v2\/media\/14892"}],"wp:attachment":[{"href":"https:\/\/www.czechcyclingfederation.com\/en\/wp-json\/wp\/v2\/media?parent=14889"}],"wp:term":[{"taxonomy":"category","embeddable":true,"href":"https:\/\/www.czechcyclingfederation.com\/en\/wp-json\/wp\/v2\/categories?post=14889"},{"taxonomy":"post_tag","embeddable":true,"href":"https:\/\/www.czechcyclingfederation.com\/en\/wp-json\/wp\/v2\/tags?post=14889"}],"curies":[{"name":"wp","href":"https:\/\/api.w.org\/{rel}","templated":true}]}}