{"id":1487,"date":"2020-07-20T22:14:49","date_gmt":"2020-07-20T20:14:49","guid":{"rendered":"http:\/\/www.czechcyclingfederation.com\/?p=1487"},"modified":"2020-07-25T19:58:42","modified_gmt":"2020-07-25T17:58:42","slug":"smutna-zprava-pro-mlade-sportovce-olympijske-hry-mladeze-v-dakaru-se-posouvaji-az-na-rok-2026","status":"publish","type":"post","link":"https:\/\/www.czechcyclingfederation.com\/en\/smutna-zprava-pro-mlade-sportovce-olympijske-hry-mladeze-v-dakaru-se-posouvaji-az-na-rok-2026\/","title":{"rendered":"Smutn\u00e1 zpr\u00e1va pro mlad\u00e9 sportovce &#8211; Olympijsk\u00e9 hry ml\u00e1de\u017ee v Dakaru se posouvaj\u00ed a\u017e na rok 2026"},"content":{"rendered":"\n<p><em>Zdroj: olympic.cz<\/em><\/p>\n\n\n\n<p>O \u010dty\u0159i roky se vzhledem k aktu\u00e1ln\u00ed situaci posouv\u00e1 kon\u00e1n\u00ed letn\u00edch Olympijsk\u00fdch her ml\u00e1de\u017ee, kter\u00e9 m\u011bly prob\u011bhnout na podzim roku 2022 v senegalsk\u00e9m Dakaru. Na odlo\u017een\u00ed prvn\u00edch olympijsk\u00fdch sout\u011b\u017e\u00ed na africk\u00e9m \u00fazem\u00ed na rok 2026 se dohodl Mezin\u00e1rodn\u00ed olympijsk\u00fd v\u00fdbor se senegalskou vl\u00e1dou. Posunut\u00ed her pro reprezentanty ve v\u011bku 15 a\u017e 18 let souvis\u00ed s dopady pandemie nemoci COVID-19, odlo\u017een\u00edm olympijsk\u00fdch her v Tokiu na rok 2021 a odlo\u017een\u00edm \u0159ady dal\u0161\u00edch sportovn\u00edch akc\u00ed na n\u00e1sleduj\u00edc\u00ed roky.<\/p>\n\n\n\n<p>\u201e<em>Pro sportovce je to velk\u00e1 \u0161koda, proto\u017ee se jedn\u00e1 o juniorskou sout\u011b\u017e, na kter\u00e9 u\u017e \u0161anci znovu nikdy nedostanou. To n\u00e1s samoz\u0159ejm\u011b mrz\u00ed, proto\u017ee Olympijsk\u00e9 hry ml\u00e1de\u017ee jsou z\u00e1rove\u0148 skv\u011blou p\u0159\u00edle\u017eitost\u00ed za\u017e\u00edt atmosf\u00e9ru v \u010desk\u00e9m t\u00fdmu, poznat par\u0165\u00e1ky z jin\u00fdch sport\u016f, vyzkou\u0161et v\u0161echny olympijsk\u00e9 procedury, ale tak\u00e9 se vzd\u011blat v mnoha oblastech t\u00fdkaj\u00edc\u00edch se sportu,<\/em>\u201c \u0159ekl Martin Doktor, sportovn\u00ed \u0159editel \u010cesk\u00e9ho olympijsk\u00e9ho v\u00fdboru.<em> \u201eNa druhou stranu je odlo\u017een\u00ed her v Dakaru pochopiteln\u00fdm vy\u00fast\u011bn\u00edm organiza\u010dn\u00edch a dal\u0161\u00edch probl\u00e9m\u016f souvisej\u00edc\u00edch s posuny ostatn\u00edch akc\u00ed a sou\u010dasn\u00fdm d\u011bn\u00edm.\u201c<\/em><\/p>\n\n\n\n<p>V minulosti p\u0159ivezli mlad\u00ed \u010de\u0161t\u00ed cyklist\u00e9 z Olympijsk\u00fdch her ml\u00e1de\u017ee \u0159adu v\u00fdborn\u00fdch v\u00fdsledk\u016f. Mezi nimi jmenujme zlatou medaili ze sm\u00ed\u0161en\u00e9 \u0161tafety vybojovanou \u010desk\u00fdm t\u00fdmem ve slo\u017een\u00ed Barbora Pr\u016fdkov\u00e1, Nikola Noskov\u00e1, Jan Rajchart a Roman Lehk\u00fd a zisk st\u0159\u00edbrn\u00e9 medaile v sout\u011b\u017ei dvojic \u017een Barborou Pr\u016fdkovou a Nikolou Noskovou na Olympijsk\u00fdch hr\u00e1ch ml\u00e1de\u017ee v \u010d\u00ednsk\u00e9m Nanjingu. <\/p>\n\n\n\n<p>Bohu\u017eel na\u0161e nastupuj\u00edc\u00ed cyklistick\u00e1 generace velmi talentovan\u00fdch mlad\u00fdch z\u00e1vodn\u00edk\u016f nebude m\u00edt mo\u017enost se v Dakaru za dva roky p\u0159edstavit a bojovat o co nejlep\u0161\u00ed v\u00fdsledky. Ale zru\u0161en\u00ed Olympijsk\u00fdch her ml\u00e1de\u017ee YOG Dakar 2022 je jen dal\u0161\u00ed ob\u011bt\u00ed sou\u010dasn\u00e9 doby poznamenan\u00e9 koronavirovou pandemi\u00ed. <\/p>\n\n\n\n<figure class=\"wp-block-image size-large\"><img loading=\"lazy\" decoding=\"async\" width=\"886\" height=\"1024\" src=\"https:\/\/www.czechcyclingfederation.com\/wp-content\/uploads\/2020\/07\/Nanjing-2014-886x1024.jpg\" alt=\"\" class=\"wp-image-1488\" srcset=\"https:\/\/www.czechcyclingfederation.com\/wp-content\/uploads\/2020\/07\/Nanjing-2014-886x1024.jpg 886w, https:\/\/www.czechcyclingfederation.com\/wp-content\/uploads\/2020\/07\/Nanjing-2014-173x200.jpg 173w, https:\/\/www.czechcyclingfederation.com\/wp-content\/uploads\/2020\/07\/Nanjing-2014-768x887.jpg 768w, https:\/\/www.czechcyclingfederation.com\/wp-content\/uploads\/2020\/07\/Nanjing-2014.jpg 1108w\" sizes=\"auto, (max-width: 886px) 100vw, 886px\" \/><\/figure>\n\n\n\n<p><\/p>\n","protected":false},"excerpt":{"rendered":"<p>Zdroj: olympic.cz O \u010dty\u0159i roky se vzhledem k aktu\u00e1ln\u00ed situaci posouv\u00e1 kon\u00e1n\u00ed letn\u00edch Olympijsk\u00fdch her ml\u00e1de\u017ee, kter\u00e9 m\u011bly prob\u011bhnout na podzim roku 2022 v senegalsk\u00e9m Dakaru. Na odlo\u017een\u00ed prvn\u00edch olympijsk\u00fdch sout\u011b\u017e\u00ed na africk\u00e9m \u00fazem\u00ed na rok 2026 se dohodl Mezin\u00e1rodn\u00ed olympijsk\u00fd v\u00fdbor se senegalskou vl\u00e1dou. Posunut\u00ed her pro reprezentanty ve v\u011bku 15 a\u017e 18 let [&hellip;]<\/p>\n","protected":false},"author":3,"featured_media":1492,"comment_status":"closed","ping_status":"open","sticky":false,"template":"","format":"standard","meta":{"footnotes":""},"categories":[28,2],"tags":[119],"class_list":["post-1487","post","type-post","status-publish","format-standard","has-post-thumbnail","hentry","category-cesky-svaz-cyklistiky","category-novinky","tag-csc"],"_links":{"self":[{"href":"https:\/\/www.czechcyclingfederation.com\/en\/wp-json\/wp\/v2\/posts\/1487","targetHints":{"allow":["GET"]}}],"collection":[{"href":"https:\/\/www.czechcyclingfederation.com\/en\/wp-json\/wp\/v2\/posts"}],"about":[{"href":"https:\/\/www.czechcyclingfederation.com\/en\/wp-json\/wp\/v2\/types\/post"}],"author":[{"embeddable":true,"href":"https:\/\/www.czechcyclingfederation.com\/en\/wp-json\/wp\/v2\/users\/3"}],"replies":[{"embeddable":true,"href":"https:\/\/www.czechcyclingfederation.com\/en\/wp-json\/wp\/v2\/comments?post=1487"}],"version-history":[{"count":3,"href":"https:\/\/www.czechcyclingfederation.com\/en\/wp-json\/wp\/v2\/posts\/1487\/revisions"}],"predecessor-version":[{"id":1495,"href":"https:\/\/www.czechcyclingfederation.com\/en\/wp-json\/wp\/v2\/posts\/1487\/revisions\/1495"}],"wp:featuredmedia":[{"embeddable":true,"href":"https:\/\/www.czechcyclingfederation.com\/en\/wp-json\/wp\/v2\/media\/1492"}],"wp:attachment":[{"href":"https:\/\/www.czechcyclingfederation.com\/en\/wp-json\/wp\/v2\/media?parent=1487"}],"wp:term":[{"taxonomy":"category","embeddable":true,"href":"https:\/\/www.czechcyclingfederation.com\/en\/wp-json\/wp\/v2\/categories?post=1487"},{"taxonomy":"post_tag","embeddable":true,"href":"https:\/\/www.czechcyclingfederation.com\/en\/wp-json\/wp\/v2\/tags?post=1487"}],"curies":[{"name":"wp","href":"https:\/\/api.w.org\/{rel}","templated":true}]}}