{"id":14815,"date":"2023-01-16T16:33:36","date_gmt":"2023-01-16T15:33:36","guid":{"rendered":"https:\/\/www.czechcyclingfederation.com\/?p=14815"},"modified":"2023-01-16T17:32:08","modified_gmt":"2023-01-16T16:32:08","slug":"cycling-university-psychologie-ve-sportu-a-mentalni-trenink-tematem-dalsiho-dilu","status":"publish","type":"post","link":"https:\/\/www.czechcyclingfederation.com\/en\/cycling-university-psychologie-ve-sportu-a-mentalni-trenink-tematem-dalsiho-dilu\/","title":{"rendered":"Cycling University &#8211; Psychologie ve sportu a ment\u00e1ln\u00ed tr\u00e9nink t\u00e9matem dal\u0161\u00edho d\u00edlu!"},"content":{"rendered":"\n<p>Vzd\u011bl\u00e1vac\u00ed program \u010cesk\u00e9ho svazu cyklistiky, Cycling University bude pokra\u010dovat dal\u0161\u00edm d\u00edlem v&nbsp;\u00fater\u00fd 7. \u00fanora 2023 od 10:00 hodin v&nbsp;Konferen\u010dn\u00edm s\u00e1le \u010cesk\u00e9 unie sportu v&nbsp;Praze na Strahov\u011b.<\/p>\n\n\n\n<p><strong>Program bude v\u011bnovan\u00fd velmi v\u00fdznamn\u00e9, ale zat\u00edm jenom m\u00e1lo prob\u00e1dan\u00e9 oblasti sportu \u2013 ment\u00e1ln\u00edmu tr\u00e9ninku.<\/strong><\/p>\n\n\n\n<p>Lidsk\u00fd mozek a psychika pat\u0159\u00ed k&nbsp;nejzaj\u00edmav\u011bj\u0161\u00edm, ale i nejm\u00e9n\u011b prob\u00e1dan\u00fdm oblastem v\u011bdy. U\u017e sta\u0159\u00ed \u0158\u00edman\u00e9 ozna\u010dili problematiku lidsk\u00e9 mysli a fungov\u00e1n\u00ed t\u011bla za spojen\u00e9 n\u00e1doby. V&nbsp;sou\u010dasn\u00e9m sv\u011bt\u011b v\u00fdkonnostn\u00edho sportu je psychice p\u0159isuzov\u00e1n vliv a\u017e na 40% v\u00fdkonu sportovce. N\u011bkte\u0159\u00ed jedinci se s&nbsp;darem zvl\u00e1dat stresov\u00e9 situace narod\u00ed a v&nbsp;kombinaci se spr\u00e1vn\u00fdm&nbsp;tr\u00e9ninkem pak mohou m\u00edt leh\u010d\u00ed cestu k&nbsp;v\u00edt\u011bzstv\u00ed.&nbsp;V\u011bt\u0161ina ale m\u00e1 cestu na p\u00f3dium slo\u017eit\u011bj\u0161\u00ed. \u201eSiln\u00e1 hlava\u201c je z\u00e1kladem pro \u00fasp\u011bch ve v\u0161ech oblastech lidsk\u00e9 \u010dinnosti a ve sportu toto plat\u00ed dvojn\u00e1sobn\u011b. &nbsp;<\/p>\n\n\n\n<p>Psychologie vztah\u016f sportovec \u2013 tren\u00e9r \u2013 rodi\u010d, problematika psychiky d\u011bt\u00ed, dosp\u00edvaj\u00edc\u00edch jedinc\u016f, rozd\u00edln\u00fdch p\u0159\u00edstup\u016f ve sportu u \u017een a mu\u017e\u016f, p\u0159edstartovn\u00ed stav, zvl\u00e1dnut\u00ed v\u00fdznamn\u00fdch z\u00e1vod\u016f, opakov\u00e1n\u00ed \u00fasp\u011bchu nebo potla\u010den\u00ed strachu tvo\u0159\u00ed \u0161irok\u00e9 spektrum denn\u011b pokl\u00e1dan\u00fdch ot\u00e1zek. Naj\u00edt cestu k&nbsp;jejich zodpov\u011bzen\u00ed vede k&nbsp;v\u00fdrazn\u00e9mu posunut\u00ed osobn\u00edch limit\u016f. &nbsp;&nbsp;&nbsp;&nbsp;&nbsp;&nbsp;&nbsp;&nbsp;<\/p>\n\n\n\n<p><strong>Hostem Cycling University bude renomovan\u00fd expert na problematiku ment\u00e1ln\u00edho tr\u00e9ninku, Jan M\u00fchlfeit.<\/strong><\/p>\n\n\n\n<p><em>Jan M\u00fchlfeit je p\u0159edn\u00edm odborn\u00edkem na problematiku ment\u00e1ln\u00edho tr\u00e9ninku, je spolupracovn\u00edkem \u010cesk\u00e9ho olympijsk\u00e9ho v\u00fdboru, TOP Teamu \u010cOV a ment\u00e1ln\u00edm kou\u010dem \u0159ady sv\u011btov\u011b \u00fasp\u011b\u0161n\u00fdch sportovc\u016f.&nbsp;<\/em> <em>Z\u00e1rove\u0148 je spolupracovn\u00edkem presti\u017en\u00edch instituc\u00ed, nap\u0159. Harvard, Cambridge, Imperial College, atd. Jan M\u00fchlfeit v minulosti p\u016fsobil jako \u010dlen neju\u017e\u0161\u00edho veden\u00ed spole\u010dnosti Microsoft a byl Prezidentem Microsoft Europe.<\/em><\/p>\n\n\n\n<div class=\"wp-block-image\"><figure class=\"aligncenter size-large is-resized\"><img loading=\"lazy\" decoding=\"async\" src=\"https:\/\/www.czechcyclingfederation.com\/wp-content\/uploads\/2023\/01\/image001-672x1024.jpg\" alt=\"\" class=\"wp-image-14816\" width=\"485\" height=\"739\" srcset=\"https:\/\/www.czechcyclingfederation.com\/wp-content\/uploads\/2023\/01\/image001-672x1024.jpg 672w, https:\/\/www.czechcyclingfederation.com\/wp-content\/uploads\/2023\/01\/image001-131x200.jpg 131w, https:\/\/www.czechcyclingfederation.com\/wp-content\/uploads\/2023\/01\/image001-768x1170.jpg 768w, https:\/\/www.czechcyclingfederation.com\/wp-content\/uploads\/2023\/01\/image001-1008x1536.jpg 1008w, https:\/\/www.czechcyclingfederation.com\/wp-content\/uploads\/2023\/01\/image001.jpg 1173w\" sizes=\"auto, (max-width: 485px) 100vw, 485px\" \/><figcaption><em>Foto: archiv Jana M\u00fchlfeita<\/em><\/figcaption><\/figure><\/div>\n\n\n\n<p>Vzhledem k&nbsp;omezen\u00e9 kapacit\u011b s\u00e1lu a velk\u00e9mu z\u00e1jmu o p\u0159edn\u00e1\u0161ky Cycling University je nutn\u00e9 registrovat se prost\u0159ednictv\u00edm registra\u010dn\u00edho syst\u00e9mu. P\u0159ihl\u00e1\u0161en\u00ed na m\u00edst\u011b nen\u00ed mo\u017en\u00e9.&nbsp;<\/p>\n\n\n\n<p><strong>T\u00e9ma:<\/strong>&nbsp;&nbsp;&nbsp;&nbsp;&nbsp;&nbsp;&nbsp;&nbsp;&nbsp;&nbsp;&nbsp;&nbsp;&nbsp;&nbsp;&nbsp;&nbsp;&nbsp;&nbsp;&nbsp;&nbsp;&nbsp;&nbsp;&nbsp;&nbsp;<em>\u0158e\u0161en\u00ed ment\u00e1ln\u00edch probl\u00e9m\u016f ve sportu, ment\u00e1ln\u00ed p\u0159\u00edprava sportovce, flow<\/em><\/p>\n\n\n\n<p><strong>Registrace:&nbsp; &nbsp;&nbsp;&nbsp;&nbsp;         <a href=\"http:\/\/www.cyclinguniversity.cz\/prihlaska-na-seminar-cu\/\">http:\/\/www.cyclinguniversity.cz\/prihlaska-na-seminar-cu\/<\/a><\/strong><\/p>\n\n\n\n<p><strong>Term\u00edn: &nbsp;&nbsp;&nbsp;&nbsp;&nbsp;&nbsp;&nbsp;&nbsp;&nbsp;&nbsp;&nbsp;&nbsp;&nbsp;&nbsp;&nbsp;&nbsp;&nbsp;&nbsp;&nbsp;&nbsp;<\/strong>\u00fater\u00fd 7. \u00fanora 2023<strong>&nbsp;&nbsp;&nbsp;<\/strong><\/p>\n\n\n\n<p><strong>M\u00edsto: &nbsp;&nbsp;&nbsp;&nbsp;&nbsp;&nbsp;&nbsp;&nbsp;&nbsp;&nbsp;&nbsp;&nbsp;&nbsp;&nbsp;&nbsp;&nbsp;&nbsp;&nbsp;&nbsp;&nbsp;&nbsp;&nbsp;&nbsp;<\/strong>Konferen\u010dn\u00ed s\u00e1l \u010cesk\u00e9 unie sportu, Z\u00e1topkova 100\/2, Praha 6, Strahov, 169 17&nbsp;(2.patro)<\/p>\n\n\n\n<p><strong>\u010casov\u00fd program:<\/strong>&nbsp;&nbsp;&nbsp; &nbsp;&nbsp;&nbsp;&nbsp;&nbsp;&nbsp;&nbsp; &nbsp;&nbsp;9:30 \u2013 &nbsp;&nbsp;9:55 &nbsp;&nbsp;prezentace \u00fa\u010dastn\u00edk\u016f<\/p>\n\n\n\n<p>&nbsp;&nbsp;&nbsp;&nbsp;&nbsp;&nbsp;&nbsp;&nbsp;&nbsp;&nbsp;&nbsp;&nbsp;&nbsp;&nbsp;&nbsp;&nbsp;&nbsp;&nbsp;&nbsp;&nbsp;&nbsp;&nbsp;&nbsp;&nbsp;&nbsp;&nbsp;&nbsp;&nbsp;&nbsp;&nbsp;&nbsp;&nbsp; &nbsp;&nbsp;&nbsp;&nbsp;&nbsp;&nbsp;&nbsp;&nbsp;&nbsp;&nbsp;10:00 \u2013 10:10 &nbsp;p\u0159iv\u00edt\u00e1n\u00ed \u00fa\u010dastn\u00edk\u016f prezidentem \u010cesk\u00e9ho svazu cyklistiky Petrem Markem<\/p>\n\n\n\n<p>&nbsp;&nbsp;&nbsp;&nbsp;&nbsp;&nbsp;&nbsp;&nbsp;&nbsp;&nbsp;&nbsp;&nbsp;&nbsp;&nbsp;&nbsp;&nbsp;&nbsp;&nbsp;&nbsp;&nbsp;&nbsp;&nbsp;&nbsp;&nbsp;&nbsp;&nbsp;&nbsp;&nbsp;&nbsp;&nbsp;&nbsp;&nbsp;&nbsp;&nbsp;&nbsp;&nbsp;&nbsp;&nbsp;&nbsp;&nbsp;&nbsp;&nbsp;&nbsp;10:10 \u2013 12:00 &nbsp;p\u0159edn\u00e1\u0161ka I. \u010d\u00e1st, p\u0159edn\u00e1\u0161ej\u00edc\u00ed: Jan M\u00fchlfeit<\/p>\n\n\n\n<p>&nbsp;&nbsp;&nbsp;&nbsp;&nbsp;&nbsp;&nbsp;&nbsp;&nbsp;&nbsp;&nbsp;&nbsp;&nbsp;&nbsp;&nbsp;&nbsp;&nbsp;&nbsp;&nbsp;&nbsp;&nbsp;&nbsp;&nbsp;&nbsp;&nbsp;&nbsp;&nbsp;&nbsp;&nbsp;&nbsp;&nbsp;&nbsp;&nbsp;&nbsp;&nbsp;&nbsp;&nbsp;&nbsp;&nbsp;&nbsp;&nbsp;&nbsp;&nbsp;12:00 \u2013 12:30 &nbsp;p\u0159est\u00e1vka, ob\u010derstven\u00ed<\/p>\n\n\n\n<p>&nbsp;&nbsp;&nbsp;&nbsp;&nbsp;&nbsp;&nbsp;&nbsp;&nbsp;&nbsp;&nbsp;&nbsp;&nbsp;&nbsp;&nbsp;&nbsp;&nbsp;&nbsp;&nbsp;&nbsp;&nbsp;&nbsp;&nbsp;&nbsp;&nbsp;&nbsp;&nbsp;&nbsp;&nbsp;&nbsp;&nbsp;&nbsp;&nbsp;&nbsp;&nbsp;&nbsp;&nbsp;&nbsp;&nbsp;&nbsp;&nbsp;&nbsp;&nbsp;12:30 \u2013 13:30 &nbsp;p\u0159edn\u00e1\u0161ka II. \u010d\u00e1st, diskuse<\/p>\n\n\n\n<p>&nbsp;&nbsp;&nbsp;&nbsp;&nbsp;&nbsp;&nbsp;&nbsp;&nbsp;&nbsp;&nbsp;&nbsp;&nbsp;&nbsp;&nbsp;&nbsp;&nbsp;&nbsp;&nbsp;&nbsp;&nbsp;&nbsp;&nbsp;&nbsp;&nbsp;&nbsp;&nbsp;&nbsp;&nbsp;&nbsp;&nbsp;&nbsp;&nbsp;&nbsp;&nbsp;&nbsp;&nbsp;&nbsp;&nbsp;&nbsp;&nbsp;&nbsp;&nbsp;13:35 \u2013 14:00 &nbsp;aktuality v&nbsp;cyklistice: Viktor Zapletal<\/p>\n\n\n\n<p>&nbsp;&nbsp;&nbsp;&nbsp;&nbsp;&nbsp;&nbsp;&nbsp;&nbsp;&nbsp;&nbsp;&nbsp;&nbsp;&nbsp;&nbsp;&nbsp;&nbsp;&nbsp;&nbsp;&nbsp;&nbsp;&nbsp;&nbsp;&nbsp;&nbsp;&nbsp;&nbsp;&nbsp;&nbsp;&nbsp;&nbsp;&nbsp;&nbsp;&nbsp;&nbsp;&nbsp;&nbsp;&nbsp;&nbsp;&nbsp;&nbsp;&nbsp;&nbsp;14:00&nbsp;&#8211;&nbsp;&nbsp;z\u00e1v\u011br&nbsp;&nbsp;&nbsp;<\/p>\n\n\n\n<p><strong>Poplatek:&nbsp;<\/strong>&nbsp;&nbsp;&nbsp;&nbsp;&nbsp;&nbsp;&nbsp;&nbsp;&nbsp;&nbsp;&nbsp;&nbsp;&nbsp;&nbsp;&nbsp; dr\u017eitel\u00e9 tren\u00e9rsk\u00e9ho pr\u016fkazu \u010cSC I., II. a III. t\u0159\u00eddy: &nbsp;&nbsp;500,- K\u010d<\/p>\n\n\n\n<p>&nbsp;&nbsp;&nbsp;&nbsp;&nbsp;&nbsp;&nbsp;&nbsp;&nbsp;&nbsp;&nbsp;&nbsp;&nbsp;&nbsp;&nbsp;&nbsp;&nbsp;&nbsp;&nbsp;&nbsp;&nbsp;&nbsp;&nbsp;&nbsp;&nbsp; &nbsp;&nbsp;&nbsp;&nbsp;&nbsp;&nbsp; &nbsp;ostatn\u00ed &nbsp;&nbsp;&nbsp;&nbsp;&nbsp;&nbsp;&nbsp;&nbsp;&nbsp;&nbsp;&nbsp;&nbsp;&nbsp;&nbsp;&nbsp;&nbsp;&nbsp;&nbsp;&nbsp;&nbsp;&nbsp;&nbsp;&nbsp;&nbsp;&nbsp;&nbsp;&nbsp;&nbsp;&nbsp;&nbsp;&nbsp;&nbsp;&nbsp;&nbsp;&nbsp;&nbsp;&nbsp;&nbsp;&nbsp;&nbsp;&nbsp;&nbsp;&nbsp;&nbsp;&nbsp;&nbsp;&nbsp;&nbsp;&nbsp;&nbsp; 800,- K\u010d<\/p>\n\n\n\n<p><strong>Platba:<\/strong>&nbsp;&nbsp;&nbsp;&nbsp;&nbsp;&nbsp;&nbsp;&nbsp;&nbsp;&nbsp;&nbsp;&nbsp;&nbsp;&nbsp;&nbsp;&nbsp;&nbsp;&nbsp;&nbsp;&nbsp;&nbsp;&nbsp;\u00fa\u010dastnick\u00fd poplatek je pot\u0159eba poslat do 3.2.2023 na \u00fa\u010det: &nbsp;<strong>1725000504\/060<\/strong>0, variabiln\u00ed symbol<strong>&nbsp;116<\/strong> (do pozn\u00e1mky pros\u00edm uv\u00e1d\u011bjte<strong>: &nbsp;jm\u00e9no p\u0159ihla\u0161ovan\u00e9 osoby&nbsp;a symbol CU<\/strong>)<\/p>\n\n\n\n<p><strong>Ob\u010derstven\u00ed:<\/strong>&nbsp;&nbsp;&nbsp; &nbsp;&nbsp;&nbsp;&nbsp;&nbsp;&nbsp;&nbsp;&nbsp;sou\u010d\u00e1st\u00ed semin\u00e1\u0159e je ob\u010derstven\u00ed, kter\u00e9 zahrnuje bufetov\u00fd st\u016fl a nealkoholick\u00e9 n\u00e1poje<\/p>\n\n\n\n<p><strong>Parkov\u00e1n\u00ed:<\/strong>&nbsp;&nbsp;&nbsp;&nbsp;&nbsp;&nbsp;&nbsp;&nbsp;&nbsp;&nbsp;&nbsp;&nbsp; &nbsp;&nbsp;&nbsp;v&nbsp;dostate\u010dn\u00e9 kapacit\u011b a zdarma v&nbsp;m\u00edst\u011b po\u0159\u00e1d\u00e1n\u00ed semin\u00e1\u0159e<\/p>\n\n\n\n<p><strong>Ustanoven\u00ed:<\/strong>&nbsp;&nbsp;&nbsp;&nbsp; &nbsp;&nbsp;&nbsp;&nbsp; &nbsp;&nbsp;&nbsp;\u00fa\u010dastn\u00edk\u016fm semin\u00e1\u0159e bude vystaven certifik\u00e1t, kter\u00fd je dokladem pro dr\u017eitele tren\u00e9rsk\u00fdch pr\u016fkaz\u016f \u010cSC o absolvov\u00e1n\u00ed povinn\u00e9ho do\u0161kolovac\u00edho programu \u010cSC <\/p>\n\n\n\n<p><strong>Dal\u0161\u00ed informace:<\/strong>&nbsp;&nbsp;&nbsp;&nbsp;&nbsp;&nbsp;<a href=\"http:\/\/www.cyclinguniversity.cz\">www.cyclinguniversity.cz<\/a><\/p>\n\n\n\n<p><em>V&nbsp;p\u0159\u00edpad\u011b dotaz\u016f pros\u00edm kontaktujte sekret\u00e1\u0159e Cycling University Mgr. Vojt\u011bcha Pavl\u00edka, email:&nbsp;<a href=\"mailto:vojtech.pavlik@caths.cz\">vojtech.pavlik@caths.cz<\/a>&nbsp;, tel: +420&nbsp;604&nbsp;975 981<\/em><em><\/em><\/p>\n","protected":false},"excerpt":{"rendered":"<p>Vzd\u011bl\u00e1vac\u00ed program \u010cesk\u00e9ho svazu cyklistiky, Cycling University bude pokra\u010dovat dal\u0161\u00edm d\u00edlem v&nbsp;\u00fater\u00fd 7. \u00fanora 2023 od 10:00 hodin v&nbsp;Konferen\u010dn\u00edm s\u00e1le \u010cesk\u00e9 unie sportu v&nbsp;Praze na Strahov\u011b. Program bude v\u011bnovan\u00fd velmi v\u00fdznamn\u00e9, ale zat\u00edm jenom m\u00e1lo prob\u00e1dan\u00e9 oblasti sportu \u2013 ment\u00e1ln\u00edmu tr\u00e9ninku. Lidsk\u00fd mozek a psychika pat\u0159\u00ed k&nbsp;nejzaj\u00edmav\u011bj\u0161\u00edm, ale i nejm\u00e9n\u011b prob\u00e1dan\u00fdm oblastem v\u011bdy. U\u017e sta\u0159\u00ed [&hellip;]<\/p>\n","protected":false},"author":1,"featured_media":1051,"comment_status":"closed","ping_status":"open","sticky":false,"template":"","format":"standard","meta":{"footnotes":""},"categories":[28,23,17,2,173],"tags":[174],"class_list":["post-14815","post","type-post","status-publish","format-standard","has-post-thumbnail","hentry","category-cesky-svaz-cyklistiky","category-cycling-university","category-discipliny","category-novinky","category-vzdelavani","tag-vzdelavani"],"_links":{"self":[{"href":"https:\/\/www.czechcyclingfederation.com\/en\/wp-json\/wp\/v2\/posts\/14815","targetHints":{"allow":["GET"]}}],"collection":[{"href":"https:\/\/www.czechcyclingfederation.com\/en\/wp-json\/wp\/v2\/posts"}],"about":[{"href":"https:\/\/www.czechcyclingfederation.com\/en\/wp-json\/wp\/v2\/types\/post"}],"author":[{"embeddable":true,"href":"https:\/\/www.czechcyclingfederation.com\/en\/wp-json\/wp\/v2\/users\/1"}],"replies":[{"embeddable":true,"href":"https:\/\/www.czechcyclingfederation.com\/en\/wp-json\/wp\/v2\/comments?post=14815"}],"version-history":[{"count":5,"href":"https:\/\/www.czechcyclingfederation.com\/en\/wp-json\/wp\/v2\/posts\/14815\/revisions"}],"predecessor-version":[{"id":14826,"href":"https:\/\/www.czechcyclingfederation.com\/en\/wp-json\/wp\/v2\/posts\/14815\/revisions\/14826"}],"wp:featuredmedia":[{"embeddable":true,"href":"https:\/\/www.czechcyclingfederation.com\/en\/wp-json\/wp\/v2\/media\/1051"}],"wp:attachment":[{"href":"https:\/\/www.czechcyclingfederation.com\/en\/wp-json\/wp\/v2\/media?parent=14815"}],"wp:term":[{"taxonomy":"category","embeddable":true,"href":"https:\/\/www.czechcyclingfederation.com\/en\/wp-json\/wp\/v2\/categories?post=14815"},{"taxonomy":"post_tag","embeddable":true,"href":"https:\/\/www.czechcyclingfederation.com\/en\/wp-json\/wp\/v2\/tags?post=14815"}],"curies":[{"name":"wp","href":"https:\/\/api.w.org\/{rel}","templated":true}]}}