{"id":14751,"date":"2022-12-29T10:38:46","date_gmt":"2022-12-29T09:38:46","guid":{"rendered":"https:\/\/www.czechcyclingfederation.com\/?p=14751"},"modified":"2022-12-29T18:18:34","modified_gmt":"2022-12-29T17:18:34","slug":"zemrel-frantisek-jursa","status":"publish","type":"post","link":"https:\/\/www.czechcyclingfederation.com\/en\/zemrel-frantisek-jursa\/","title":{"rendered":"Zem\u0159el Franti\u0161ek Jursa"},"content":{"rendered":"\n<p>Ve v\u011bku 89 let zem\u0159el ve st\u0159edu 28. prosince Franti\u0161ek Jursa. Jedna z \u010desk\u00fdch cyklistick\u00fdch legend. \u00dasp\u011b\u0161n\u00fd z\u00e1vodn\u00edk, tren\u00e9r i funkcion\u00e1\u0159. Jeho nejv\u011bt\u0161\u00edmi sportovn\u00edmi \u00fasp\u011bchy jsou p\u00e1t\u00e9 m\u00edsto ve st\u00edhac\u00edm z\u00e1vod\u011b dru\u017estev na letn\u00edch olympijsk\u00fdch hr\u00e1ch 1956 v Melbourne, n\u011bkolik titul\u016f mistra republiky na dr\u00e1ze, silnici a v roce 1957 i v cyklokrosu.<\/p>\n\n\n\n<p>Roku 1952 z\u00edskal prvn\u00ed silni\u010dn\u00ed titul, kdy\u017e porazil v t\u00e9 dob\u011b fenomen\u00e1ln\u00edho \u010deskoslovensk\u00e9ho jezdce a v\u00edt\u011bze Z\u00e1vodu m\u00edru Jana Vesel\u00e9ho. V roce 1961 se z\u00fa\u010dastnil jako kapit\u00e1n dru\u017estva Z\u00e1vodu m\u00edru, ale ji\u017e \u010dty\u0159i roky p\u0159edt\u00edm, v pouh\u00fdch \u010dty\u0159iadvaceti letech, zalo\u017eil cyklistick\u00fd odd\u00edl Dukla Brno, kde p\u016fsobil jako z\u00e1vodn\u00edk, tren\u00e9r i velitel. V jeho \u010dele byl a\u017e do roku 1987.<\/p>\n\n\n\n<p>Za 38 let tren\u00e9rsk\u00e9 pr\u00e1ce v Dukle Brno vychoval des\u00edtky \u0161pi\u010dkov\u00fdch z\u00e1vodn\u00edk\u016f, nap\u0159. Jana Smol\u00edka, Rudolfa Labuse, Karla V\u00e1vru, Milo\u0161e Hrazd\u00edru, Ji\u0159\u00edho \u0160kodu, Vlastimila Moravce, Pavla Padrnose, Pavla Bur\u00e1n\u011b, Ji\u0159\u00edho Bartol\u0161ice, Michala Klasu, Jozefa Regece, Vladim\u00edra Va\u010dk\u00e1\u0159e s Miroslavem Vymazalem \u010di J\u00e1na Svoradu. \u201e\u0160lo o ohromnou plej\u00e1du jezdc\u016f, se kter\u00fdmi jsem za\u017eil hodn\u011b radosti a \u00fasp\u011bch\u016f i z mezin\u00e1rodn\u00edch z\u00e1vod\u016f. Ti postavili cyklistiku do pozice nej\u00fasp\u011b\u0161n\u011bj\u0161\u00edho brn\u011bnsk\u00e9ho sportu v historii,\u201c \u0159ekl p\u0159ed n\u011bkolika lety Franti\u0161ek Jursa.<\/p>\n\n\n\n<p>U p\u0159\u00edle\u017eitosti 50. v\u00fdro\u010d\u00ed zalo\u017een\u00ed cyklistick\u00e9ho odd\u00edlu Dukla Brno mu ud\u011blila ministryn\u011b obrany Vlasta Parkanov\u00e1 Z\u00e1slu\u017en\u00fd k\u0159\u00ed\u017e III. stupn\u011b.<\/p>\n\n\n\n<p>Posledn\u00ed rozlou\u010den\u00ed se uskute\u010dn\u00ed dne 4. ledna 2023 ve 14:45, Krematorium, Jihlavsk\u00e1 1.<\/p>\n","protected":false},"excerpt":{"rendered":"<p>Ve v\u011bku 89 let zem\u0159el ve st\u0159edu 28. prosince Franti\u0161ek Jursa. Jedna z \u010desk\u00fdch cyklistick\u00fdch legend. \u00dasp\u011b\u0161n\u00fd z\u00e1vodn\u00edk, tren\u00e9r i funkcion\u00e1\u0159. Jeho nejv\u011bt\u0161\u00edmi sportovn\u00edmi \u00fasp\u011bchy jsou p\u00e1t\u00e9 m\u00edsto ve st\u00edhac\u00edm z\u00e1vod\u011b dru\u017estev na letn\u00edch olympijsk\u00fdch hr\u00e1ch 1956 v Melbourne, n\u011bkolik titul\u016f mistra republiky na dr\u00e1ze, silnici a v roce 1957 i v cyklokrosu. Roku 1952 [&hellip;]<\/p>\n","protected":false},"author":8,"featured_media":14752,"comment_status":"closed","ping_status":"open","sticky":false,"template":"","format":"standard","meta":{"footnotes":""},"categories":[58,54,2,18,65],"tags":[59,9,169,11],"class_list":["post-14751","post","type-post","status-publish","format-standard","has-post-thumbnail","hentry","category-cyklokros","category-draha","category-novinky","category-silnice","category-subdisciplina","tag-cyklokros","tag-draha","tag-ostatni","tag-silnice"],"_links":{"self":[{"href":"https:\/\/www.czechcyclingfederation.com\/en\/wp-json\/wp\/v2\/posts\/14751","targetHints":{"allow":["GET"]}}],"collection":[{"href":"https:\/\/www.czechcyclingfederation.com\/en\/wp-json\/wp\/v2\/posts"}],"about":[{"href":"https:\/\/www.czechcyclingfederation.com\/en\/wp-json\/wp\/v2\/types\/post"}],"author":[{"embeddable":true,"href":"https:\/\/www.czechcyclingfederation.com\/en\/wp-json\/wp\/v2\/users\/8"}],"replies":[{"embeddable":true,"href":"https:\/\/www.czechcyclingfederation.com\/en\/wp-json\/wp\/v2\/comments?post=14751"}],"version-history":[{"count":2,"href":"https:\/\/www.czechcyclingfederation.com\/en\/wp-json\/wp\/v2\/posts\/14751\/revisions"}],"predecessor-version":[{"id":14755,"href":"https:\/\/www.czechcyclingfederation.com\/en\/wp-json\/wp\/v2\/posts\/14751\/revisions\/14755"}],"wp:featuredmedia":[{"embeddable":true,"href":"https:\/\/www.czechcyclingfederation.com\/en\/wp-json\/wp\/v2\/media\/14752"}],"wp:attachment":[{"href":"https:\/\/www.czechcyclingfederation.com\/en\/wp-json\/wp\/v2\/media?parent=14751"}],"wp:term":[{"taxonomy":"category","embeddable":true,"href":"https:\/\/www.czechcyclingfederation.com\/en\/wp-json\/wp\/v2\/categories?post=14751"},{"taxonomy":"post_tag","embeddable":true,"href":"https:\/\/www.czechcyclingfederation.com\/en\/wp-json\/wp\/v2\/tags?post=14751"}],"curies":[{"name":"wp","href":"https:\/\/api.w.org\/{rel}","templated":true}]}}