{"id":14723,"date":"2022-12-22T14:38:44","date_gmt":"2022-12-22T13:38:44","guid":{"rendered":"https:\/\/www.czechcyclingfederation.com\/?p=14723"},"modified":"2023-01-12T10:12:55","modified_gmt":"2023-01-12T09:12:55","slug":"prezident-csc-petr-marek-letosni-rok-byl-po-sportovni-strance-mimoradny","status":"publish","type":"post","link":"https:\/\/www.czechcyclingfederation.com\/en\/prezident-csc-petr-marek-letosni-rok-byl-po-sportovni-strance-mimoradny\/","title":{"rendered":"Prezident \u010cSC Petr Marek: Leto\u0161n\u00ed rok byl po sportovn\u00ed str\u00e1nce mimo\u0159\u00e1dn\u00fd"},"content":{"rendered":"\n<p>\u010cesk\u00e1 cyklistika m\u00e1 za sebou hodn\u011b vyda\u0159en\u00fd rok. Z&nbsp;hlediska sportovn\u00edch v\u00fdsledk\u016f jeden z&nbsp;nejlep\u0161\u00edch za posledn\u00ed dobu. \u010ce\u0161t\u00ed reprezentanti byli vid\u011bt na stupn\u00edch v\u00edt\u011bz\u016f v&nbsp;nejr\u016fzn\u011bj\u0161\u00edch discipl\u00edn\u00e1ch v\u010detn\u011b t\u011bch nov\u00fdch jako Freestyle BMX a dal\u0161\u00ed. \u201ePo sportovn\u00ed str\u00e1nce to byl mimo\u0159\u00e1dn\u00fd rok. Ve v\u0161ech discipl\u00edn\u00e1ch jsme z\u00edskali dohromady bezm\u00e1la 40 medail\u00ed. To je skv\u011bl\u00e9,\u201c \u0159\u00edk\u00e1 prezident \u010cesk\u00e9ho svazu cyklistiky Petr Marek.<\/p>\n\n\n\n<p><strong>Kdybyste m\u011bl vyzdvihnout nejv\u011bt\u0161\u00ed \u00fasp\u011bchy \u010desk\u00fdch cyklist\u016f v&nbsp;leto\u0161n\u00edm roce, co by to bylo?<\/strong><\/p>\n\n\n\n<p>Asi Mathiase Vacka, kter\u00fd z\u00edskal dv\u011b st\u0159\u00edbrn\u00e9 medaile v&nbsp;silni\u010dn\u00edm z\u00e1vod\u011b na mistrovstv\u00ed sv\u011bta i Evropy v&nbsp;kategorii U23 a Ivetu Miculy\u010dovou, kter\u00e1 jezd\u00ed BMX Freestyle, a kter\u00e1 je ve sv\u00fdch sedmn\u00e1cti mistryn\u00ed Evropy a bronzov\u00e1 z&nbsp;MS. Takov\u00e9 \u00fasp\u011bchy jsme dlouho nem\u011bli. Hodn\u011b se da\u0159ilo i t\u0159eba mlad\u00fdm dr\u00e1ha\u0159\u016fm na mistrovstv\u00ed sv\u011bta a Evropy, kde jsme z\u00edskali n\u011bkolik titul\u016f. Je pot\u011b\u0161uj\u00edc\u00ed, \u017ee m\u00e1me hodn\u011b nad\u011bjn\u00fdch z\u00e1vodn\u00edk\u016f nap\u0159\u00ed\u010d discipl\u00ednami, kte\u0159\u00ed jsou dost vid\u011bt. V\u017edycky se jim za svaz budeme sna\u017eit vytvo\u0159it ty nejlep\u0161\u00ed podm\u00ednky, aby mohli d\u00e1l v\u00fdkonnostn\u011b r\u016fst.<\/p>\n\n\n\n<p><strong>Kdy\u017e se sportovc\u016fm dan\u00e9 federace da\u0159\u00ed na mezin\u00e1rodn\u00edm poli a z\u00edsk\u00e1vaj\u00ed na vrcholn\u00fdch akc\u00edch medaile, prom\u00edtne se to pozitivn\u011b i do rozpo\u010dtu?<\/strong><\/p>\n\n\n\n<p>To nejsem nyn\u00ed schopen pln\u011b zhodnotit, proto\u017ee krit\u00e9ria pro rozd\u011blov\u00e1n\u00ed dotac\u00ed jsou v&nbsp;posledn\u00edch letech \u010dasto m\u011bn\u011bna.&nbsp;&nbsp;Podle m\u011b by medaile, respektive \u00fasp\u011b\u0161nost dan\u00e9ho sportu, m\u011bla b\u00fdt jedn\u00edm z&nbsp;hlavn\u00edch krit\u00e9ri\u00ed p\u0159i rozd\u011blov\u00e1n\u00ed pen\u011bz. N\u00e1rodn\u00ed sportovn\u00ed agentura, od kter\u00e9 prost\u0159edky na \u010dinnost&nbsp;z\u00edsk\u00e1v\u00e1me, v&nbsp;tomto sm\u011bru v&nbsp;leto\u0161n\u00edm roce bohu\u017eel posuzovala prim\u00e1rn\u011b \u010dlenskou z\u00e1kladnu. D\u0159\u00edv to tak neb\u00fdvalo. Tak\u017ee letos jsme t\u0159eba hospoda\u0159ili s&nbsp;rozpo\u010dtem ni\u017e\u0161\u00edm o 16 procent, co\u017e je opravdu z\u00e1sadn\u00ed pokles, a kdy\u017e k&nbsp;tomu p\u0159ipo\u010dtete je\u0161t\u011b leto\u0161n\u00ed vysokou inflaci okolo 10-15 %, dost\u00e1v\u00e1me se na opravdu z\u00e1sadn\u00ed z\u00e1sahy do rozpo\u010dtu. Nav\u00edc je t\u0159eba si uv\u011bdomit, \u017ee zabezpe\u010dujeme sportovn\u00ed \u010dinnost v sedmi odv\u011btv\u00edch cyklistiky v\u010detn\u011b handicapovan\u00fdch cyklist\u016f a \u0159ada z nich m\u00e1 je\u0161t\u011b dal\u0161\u00ed d\u00edl\u010d\u00ed discipl\u00edny. Do toho podporujeme sportovn\u00ed st\u0159ediska ml\u00e1de\u017ee a tak\u00e9 mus\u00edme obhospoda\u0159ovat sportovi\u0161t\u011b a majetek, jako nap\u0159. velodrom v&nbsp;Motole, automobily, reprezenta\u010dn\u00ed vybaven\u00ed a mnoh\u00e9 dal\u0161\u00ed. Nebylo&nbsp;to po t\u00e9to str\u00e1nce letos v\u016fbec jednoduch\u00e9, museli jsme nap\u0159. omezit n\u011bkter\u00e1 reprezenta\u010dn\u00ed soust\u0159ed\u011bn\u00ed a v\u00fdjezdy na z\u00e1vody, kter\u00e9 by ale hlavn\u011b mlad\u00fdm pomohly dostat se v&nbsp;\u017eeb\u0159\u00ed\u010dku o n\u011bco v\u00fd\u0161. O to v\u00edc si pak v\u00e1\u017e\u00edme na\u0161ich partner\u016f v&nbsp;\u010dele se \u0160KODA AUTO a firmou KALAS Sportswear, kte\u0159\u00ed n\u00e1m dlouhodob\u011b zachov\u00e1vaj\u00ed p\u0159\u00edze\u0148. Bez jejich podpory by to bylo t\u011b\u017ek\u00e9.<\/p>\n\n\n\n<p><strong>Kdy\u017e se za rokem 2022 ohl\u00e9dn\u011bte po str\u00e1nce po\u0159\u00e1dn\u00ed z\u00e1vod\u016f na \u00fazem\u00ed \u010cesk\u00e9 republiky, co se poda\u0159ilo?<\/strong><\/p>\n\n\n\n<p>Udr\u017eeli jsme vysoko nastavenou la\u0165ku a potvrdili, \u017ee um\u00edme zorganizovat skv\u011bl\u00e9 z\u00e1vody na mezin\u00e1rodn\u00ed \u00farovni. Byla jich spousta, jmenoval bych nap\u0159\u00edklad Sv\u011btov\u00fd poh\u00e1r MTB v&nbsp;Nov\u00e9m M\u011bst\u011b na Morav\u011b, v\u00fdznamn\u00e9 silni\u010dn\u00ed z\u00e1vody Sazka Tour, Z\u00e1vod m\u00edru U23, Junior\u016f, cyklokrosov\u00fd Sv\u011btov\u00fd poh\u00e1r v&nbsp;T\u00e1bo\u0159e, mezin\u00e1rodn\u00ed UCI dr\u00e1hov\u00e9 z\u00e1vody jako P\u0159ilba Moravy nebo Memori\u00e1l Otmara Male\u010dka, mistrovstv\u00ed Evropy v&nbsp;maratonu horsk\u00fdch kol v&nbsp;Jablonn\u00e9m v&nbsp;Podje\u0161t\u011bd\u00ed a mnoh\u00e9 dal\u0161\u00ed. Nesm\u00edme zapomenout ani na po\u0159adatele n\u00e1rodn\u00edch poh\u00e1r\u016f, kter\u00e9 jsou pro na\u0161e z\u00e1vodn\u00edky nesm\u00edrn\u011b d\u016fle\u017eit\u00e9. I d\u00edky nim z&nbsp;nich jednou mohou vyr\u016fst borci, kte\u0159\u00ed budou vozit medaile z&nbsp;vrcholn\u00fdch akc\u00ed. Pod\u011bkov\u00e1n\u00ed pat\u0159\u00ed v&nbsp;tomto sm\u011bru i&nbsp;Dukle Praha a Olympu,&nbsp;kte\u0159\u00ed podporuj\u00ed nad\u011bjn\u00e9 cyklisty nap\u0159\u00ed\u010d discipl\u00ednami, i kdy\u017e nejsou jejich kmenov\u00fdmi z\u00e1vodn\u00edky.<\/p>\n\n\n\n<p><strong>Jak se da\u0159ilo \u010desk\u00e9 sportovn\u00ed diplomacii na poli vrcholn\u00fdch cyklistick\u00fdch instituc\u00ed?<\/strong><\/p>\n\n\n\n<p>Na tom po\u0159\u00e1d mus\u00edme pracovat a zkou\u0161et dostal do n\u011bjak\u00fdch struktur Evropsk\u00e9 nebo Mezin\u00e1rodn\u00ed cyklistick\u00e9 unie dal\u0161\u00ed \u010desk\u00e9 z\u00e1stupce. V&nbsp;UCI m\u00e1me jako viceprezidentku Katku Nash, j\u00e1 jsem p\u0159edsedou komise MTB p\u0159i UEC, \u010dlen komise MTB a olympijsk\u00e9 komise v&nbsp;UCI, ale r\u00e1di bychom po\u010det na\u0161ich lid\u00ed roz\u0161\u00ed\u0159ili.&nbsp;<\/p>\n\n\n\n<p><strong>Co pro to ud\u011blat?<\/strong><\/p>\n\n\n\n<p>Prvn\u00edm takov\u00fdm krokem m\u016f\u017ee b\u00fdt t\u0159eba kongres Evropsk\u00e9 cyklistick\u00e9 unie, kter\u00fd se n\u00e1m na p\u0159\u00ed\u0161t\u00ed rok poda\u0159ilo dostat do Prahy. Uskute\u010dn\u00ed se 4. \u2013 5. b\u0159ezna a z\u00fa\u010dastnit by se ho m\u011bli z\u00e1stupci v\u0161ech evropsk\u00fdch federac\u00ed (s&nbsp;v\u00fdjimkou z\u00e1stupc\u016f Ruska a B\u011bloruska). \u00da\u010dast potvrdil i prezident UCI David Lappartient. Je to v\u00fdznamn\u00fd \u00fasp\u011bch na diplomatick\u00e9m poli a tato akce ur\u010dit\u011b m\u016f\u017ee otev\u0159\u00edt cestu dal\u0161\u00edm na\u0161im lidem do n\u011bjak\u00fdch funkc\u00ed. Budu moc r\u00e1d za ka\u017ed\u00e9ho nov\u00e9ho \u010dlov\u011bka.<\/p>\n\n\n\n<p><strong>Jak\u00e9 v\u00fdznamn\u00e9 akce \u010dekaj\u00ed \u010deskou cyklistiku v&nbsp;roce 2023?<\/strong><\/p>\n\n\n\n<p>Na svat\u00e9ho Valent\u00fdna, tedy 14.2. se naposledy ohl\u00e9dneme za rokem 2022 v&nbsp;r\u00e1mci p\u0159ed\u00e1v\u00e1n\u00ed cen Kr\u00e1le cyklistiky a na za\u010d\u00e1tku b\u0159ezna n\u00e1s \u010dek\u00e1 ji\u017e zmi\u0148ovan\u00fd Evropsk\u00fd kongres. V&nbsp;Nov\u00e9m M\u011bst\u011b na Morav\u011b se znovu pojede Sv\u011btov\u00fd poh\u00e1r horsk\u00fdch kol, bikov\u00fd z\u00e1vod dom\u00e1c\u00edho poh\u00e1ru na Zadov\u011b se poda\u0159ilo dostat do presti\u017en\u00ed kategorie HC, tak\u017ee se i tam m\u016f\u017eeme t\u011b\u0161it na skv\u011blou konkurenci. Na silnici to budou znovu Sazka Tour a Z\u00e1vody m\u00edru, p\u0159\u00ed\u0161t\u00ed rok p\u0159edsed\u00e1me i z\u00e1vod\u016fm Visegradsk\u00e9 4. Spole\u010dn\u00e9 mistrovstv\u00ed republiky na silnici se tentokr\u00e1t uskute\u010dn\u00ed na Slovensku. BMX n\u00e1m do Ben\u00e1tek p\u0159iveze Evropsk\u00fd poh\u00e1r a v&nbsp;cyklokrosu chyst\u00e1me mistrovstv\u00ed sv\u011bta, kter\u00e1 uvid\u00ed T\u00e1bor na za\u010d\u00e1tku roku&nbsp;2024, tak\u017ee se na n\u011bm bude usilovn\u011b pracovat a Sv\u011btov\u00fd poh\u00e1r po\u0159\u00e1dat p\u0159\u00ed\u0161t\u00ed rok nebudeme. Kvalitn\u00ed mezin\u00e1rodn\u00ed z\u00e1vody prob\u011bhnou i na dr\u00e1ze. \u0160pi\u010dkov\u00fdch z\u00e1vod\u016f nap\u0159\u00ed\u010d discipl\u00ednami bude cel\u00e1 \u0159ada, fanou\u0161ci se maj\u00ed na co t\u011b\u0161it.&nbsp;<\/p>\n\n\n\n<p><strong>Co byste pop\u0159\u00e1l \u010desk\u00e9 cyklistick\u00e9 rodin\u011b do Nov\u00e9ho roku?<\/strong><\/p>\n\n\n\n<p>V&nbsp;prvn\u00ed \u0159ad\u011b hezk\u00e9 sv\u00e1tky, klid a pohodu v\u0161em. Na\u0161im reprezentant\u016fm p\u0159eji hodn\u011b \u00fasp\u011bch\u016f, aby se poda\u0159ilo nav\u00e1zat na leto\u0161n\u00ed sezonu. P\u0159\u00ed\u0161t\u00ed rok bude d\u016fle\u017eit\u00fd i z&nbsp;hlediska vyj\u00ed\u017ed\u011bn\u00ed m\u00edst na olympi\u00e1du, tak douf\u00e1m, \u017ee budeme i tady \u00fasp\u011b\u0161n\u00ed. A taky v\u011b\u0159\u00edm, \u017ee pro \u010deskou cyklistiku dok\u00e1\u017eeme z\u00edskat dal\u0161\u00ed partnery, kte\u0159\u00ed se p\u0159ipoj\u00ed k&nbsp;t\u011bm dlouhodob\u011b v\u00fdznamn\u00fdm v&nbsp;\u010dele se \u0160koda Auto a firmou Kalas.&nbsp;<\/p>\n\n\n\n<p>U\u017eijte si V\u00e1noce a hodn\u011b zdrav\u00ed do roku 2023!<\/p>\n\n\n\n<figure class=\"wp-block-image size-large\"><img loading=\"lazy\" decoding=\"async\" width=\"1024\" height=\"512\" src=\"https:\/\/www.czechcyclingfederation.com\/wp-content\/uploads\/2022\/12\/CSCPF23-1024x512.jpg\" alt=\"\" class=\"wp-image-14724\" srcset=\"https:\/\/www.czechcyclingfederation.com\/wp-content\/uploads\/2022\/12\/CSCPF23-1024x512.jpg 1024w, https:\/\/www.czechcyclingfederation.com\/wp-content\/uploads\/2022\/12\/CSCPF23-300x150.jpg 300w, https:\/\/www.czechcyclingfederation.com\/wp-content\/uploads\/2022\/12\/CSCPF23-768x384.jpg 768w, https:\/\/www.czechcyclingfederation.com\/wp-content\/uploads\/2022\/12\/CSCPF23-1536x768.jpg 1536w, https:\/\/www.czechcyclingfederation.com\/wp-content\/uploads\/2022\/12\/CSCPF23-2048x1024.jpg 2048w, https:\/\/www.czechcyclingfederation.com\/wp-content\/uploads\/2022\/12\/CSCPF23-1320x660.jpg 1320w\" sizes=\"auto, (max-width: 1024px) 100vw, 1024px\" \/><\/figure>\n","protected":false},"excerpt":{"rendered":"<p>\u010cesk\u00e1 cyklistika m\u00e1 za sebou hodn\u011b vyda\u0159en\u00fd rok. Z&nbsp;hlediska sportovn\u00edch v\u00fdsledk\u016f jeden z&nbsp;nejlep\u0161\u00edch za posledn\u00ed dobu. \u010ce\u0161t\u00ed reprezentanti byli vid\u011bt na stupn\u00edch v\u00edt\u011bz\u016f v&nbsp;nejr\u016fzn\u011bj\u0161\u00edch discipl\u00edn\u00e1ch v\u010detn\u011b t\u011bch nov\u00fdch jako Freestyle BMX a dal\u0161\u00ed. \u201ePo sportovn\u00ed str\u00e1nce to byl mimo\u0159\u00e1dn\u00fd rok. Ve v\u0161ech discipl\u00edn\u00e1ch jsme z\u00edskali dohromady bezm\u00e1la 40 medail\u00ed. To je skv\u011bl\u00e9,\u201c \u0159\u00edk\u00e1 prezident \u010cesk\u00e9ho [&hellip;]<\/p>\n","protected":false},"author":15,"featured_media":14725,"comment_status":"closed","ping_status":"open","sticky":false,"template":"","format":"standard","meta":{"footnotes":""},"categories":[57,201,58,17,54,6,2,103,18],"tags":[119],"class_list":["post-14723","post","type-post","status-publish","format-standard","has-post-thumbnail","hentry","category-bmx","category-cyklistika-pro-vsechny","category-cyklokros","category-discipliny","category-draha","category-mtb","category-novinky","category-reprezentace","category-silnice","tag-csc"],"_links":{"self":[{"href":"https:\/\/www.czechcyclingfederation.com\/en\/wp-json\/wp\/v2\/posts\/14723","targetHints":{"allow":["GET"]}}],"collection":[{"href":"https:\/\/www.czechcyclingfederation.com\/en\/wp-json\/wp\/v2\/posts"}],"about":[{"href":"https:\/\/www.czechcyclingfederation.com\/en\/wp-json\/wp\/v2\/types\/post"}],"author":[{"embeddable":true,"href":"https:\/\/www.czechcyclingfederation.com\/en\/wp-json\/wp\/v2\/users\/15"}],"replies":[{"embeddable":true,"href":"https:\/\/www.czechcyclingfederation.com\/en\/wp-json\/wp\/v2\/comments?post=14723"}],"version-history":[{"count":3,"href":"https:\/\/www.czechcyclingfederation.com\/en\/wp-json\/wp\/v2\/posts\/14723\/revisions"}],"predecessor-version":[{"id":14797,"href":"https:\/\/www.czechcyclingfederation.com\/en\/wp-json\/wp\/v2\/posts\/14723\/revisions\/14797"}],"wp:featuredmedia":[{"embeddable":true,"href":"https:\/\/www.czechcyclingfederation.com\/en\/wp-json\/wp\/v2\/media\/14725"}],"wp:attachment":[{"href":"https:\/\/www.czechcyclingfederation.com\/en\/wp-json\/wp\/v2\/media?parent=14723"}],"wp:term":[{"taxonomy":"category","embeddable":true,"href":"https:\/\/www.czechcyclingfederation.com\/en\/wp-json\/wp\/v2\/categories?post=14723"},{"taxonomy":"post_tag","embeddable":true,"href":"https:\/\/www.czechcyclingfederation.com\/en\/wp-json\/wp\/v2\/tags?post=14723"}],"curies":[{"name":"wp","href":"https:\/\/api.w.org\/{rel}","templated":true}]}}