{"id":14706,"date":"2022-12-19T06:44:31","date_gmt":"2022-12-19T05:44:31","guid":{"rendered":"https:\/\/www.czechcyclingfederation.com\/?p=14706"},"modified":"2022-12-19T10:48:42","modified_gmt":"2022-12-19T09:48:42","slug":"dukla-praha-s-radou-zmen-a-kontinentalnim-tymem-zen","status":"publish","type":"post","link":"https:\/\/www.czechcyclingfederation.com\/en\/dukla-praha-s-radou-zmen-a-kontinentalnim-tymem-zen\/","title":{"rendered":"Dukla Praha s \u0159adou zm\u011bn a kontinent\u00e1ln\u00edm t\u00fdmem \u017een"},"content":{"rendered":"\n<p>Cyklistickou Duklu Praha \u010dek\u00e1 v&nbsp;p\u0159\u00ed\u0161t\u00edm roce n\u011bkolik podstatn\u00fdch zm\u011bn. Krom\u011b toho, \u017ee postavila siln\u00fd t\u00fdm \u017een se statusem kontinent\u00e1ln\u00ed st\u00e1je, dokon\u010dila tak\u00e9 n\u011bkolikalet\u00fd proces transformace a do sezony 2023 vstoup\u00ed ve struktu\u0159e, kterou se ub\u00edr\u00e1 v\u011bt\u0161ina \u00fasp\u011b\u0161n\u00fdch zahrani\u010dn\u00edch olympijsk\u00fdch center.<\/p>\n\n\n\n<p>Dukla Praha u\u017e del\u0161\u00ed dobu nen\u00ed orientov\u00e1na pouze na sv\u00e9 t\u00fdmov\u00e9 z\u00e1vodn\u00edky, ale podporuje tak\u00e9 vybran\u00e9 sportovce nap\u0159\u00ed\u010d \u010desk\u00fdmi i zahrani\u010dn\u00edmi t\u00fdmy. Podpora je zam\u011b\u0159ena na \u010dty\u0159i olympijsk\u00e9 discipl\u00edny: dr\u00e1hu, silnici, horsk\u00e1 kola a bikros.<\/p>\n\n\n\n<p>Arm\u00e1dn\u00ed centrum u\u017e letos podporovalo sportovce, kte\u0159\u00ed vybojovali celkem 9 cenn\u00fdch kov\u016f z vrcholn\u00fdch akc\u00ed v&nbsp;podob\u011b mistrovstv\u00ed sv\u011bta a Evropy. Mj. t\u0159i juniorsk\u00e9 mistry sv\u011bta Barboru N\u011bmcovou, Milana Kadlece a Radovana \u0160tece.<\/p>\n\n\n\n<p><strong><em>\u201eSmyslem resortn\u00edho centra je pom\u00e1hat s p\u0159\u00edpravou vybran\u00fdm talentovan\u00fdm z\u00e1vodn\u00edk\u016fm, reprezentant\u016fm \u010cesk\u00e9 republiky, bez ohledu na to, v jak\u00e9m klubu p\u016fsob\u00ed,\u201c<\/em><\/strong> vysv\u011btluje \u0161\u00e9ftren\u00e9r Dukly Praha Viktor Zapletal.<\/p>\n\n\n\n<p><strong><em>\u201eV zahrani\u010d\u00ed jde o b\u011b\u017enou praktiku, my jsme se k tomuto modelu propracov\u00e1vali n\u011bkolik let, ale nyn\u00ed se d\u00e1 \u0159\u00edci, \u017ee na tuto formu pomoci m\u00e1me vhodn\u00e9 z\u00e1vodn\u00edky i vnit\u0159n\u00ed nastaven\u00ed,\u201c<\/em><\/strong> p\u0159id\u00e1v\u00e1 Zapletal.<\/p>\n\n\n\n<p>Cel\u00e9 to funguje tak, \u017ee vybran\u00ed z\u00e1vodn\u00edci jsou \u010dleny profesion\u00e1ln\u00edch tuzemsk\u00fdch, \u010di zahrani\u010dn\u00edch klub\u016f, v jejich\u017e barv\u00e1ch jezd\u00ed a kluby jim zaji\u0161\u0165uj\u00ed dle dohody materi\u00e1l a z\u00e1vodn\u00ed program v nejvy\u0161\u0161\u00ed mo\u017en\u00e9 klasifikaci UCI.<\/p>\n\n\n\n<p><strong><em>\u201eNaopak p\u0159\u00edpravn\u00e9 a tr\u00e9ninkov\u00e9 kempy, soust\u0159ed\u011bn\u00ed, dal\u0161\u00ed vybran\u00e9 z\u00e1vody, ale i l\u00e9ka\u0159skou p\u00e9\u010di \u010di regeneraci a v p\u0159\u00edpad\u011b dr\u00e1hy a silni\u010dn\u00edho t\u00fdmu \u017een i materi\u00e1lov\u00e9 vybaven\u00ed, zaji\u0161\u0165uje resortn\u00ed centrum ve spolupr\u00e1ci s&nbsp;reprezentac\u00ed,\u201c <\/em><\/strong>dod\u00e1v\u00e1 \u0161\u00e9ftren\u00e9r Dukly.<\/p>\n\n\n\n<figure class=\"wp-block-image size-large\"><img loading=\"lazy\" decoding=\"async\" width=\"934\" height=\"1024\" src=\"https:\/\/www.czechcyclingfederation.com\/wp-content\/uploads\/2022\/12\/kadlec-s-dresy-1-934x1024.jpg\" alt=\"\" class=\"wp-image-14710\" srcset=\"https:\/\/www.czechcyclingfederation.com\/wp-content\/uploads\/2022\/12\/kadlec-s-dresy-1-934x1024.jpg 934w, https:\/\/www.czechcyclingfederation.com\/wp-content\/uploads\/2022\/12\/kadlec-s-dresy-1-182x200.jpg 182w, https:\/\/www.czechcyclingfederation.com\/wp-content\/uploads\/2022\/12\/kadlec-s-dresy-1-768x842.jpg 768w, https:\/\/www.czechcyclingfederation.com\/wp-content\/uploads\/2022\/12\/kadlec-s-dresy-1-1401x1536.jpg 1401w, https:\/\/www.czechcyclingfederation.com\/wp-content\/uploads\/2022\/12\/kadlec-s-dresy-1-1869x2048.jpg 1869w, https:\/\/www.czechcyclingfederation.com\/wp-content\/uploads\/2022\/12\/kadlec-s-dresy-1-1320x1447.jpg 1320w\" sizes=\"auto, (max-width: 934px) 100vw, 934px\" \/><figcaption><em>Milan Kadlec junior bude i po p\u0159estupu do development teamu worldtourov\u00e9 st\u00e1je DSM podporov\u00e1n Duklou.<\/em><\/figcaption><\/figure>\n\n\n\n<p>V roce 2023 se v p\u0159\u00edpad\u011b dr\u00e1hov\u00e9ho a silni\u010dn\u00edho t\u00fdmu mu\u017e\u016f touto cestou u\u017e vyd\u00e1 Dukla Praha ofici\u00e1ln\u011b (bude d\u00e1l podporovat nap\u0159. Kadlece juniora, kter\u00fd m\u00ed\u0159\u00ed do farmy worldtourov\u00e9 st\u00e1je DSM nebo \u0160tece, jen\u017e bude p\u016fsobit v&nbsp;kontinent\u00e1ln\u00edm t\u00fdmu Israel Cycling Academy).<\/p>\n\n\n\n<p>Jin\u00fd model je ale v pl\u00e1nu u dr\u00e1hov\u00e9ho a silni\u010dn\u00edho t\u00fdmu \u017een. Ty maj\u00ed st\u00e1le mnohem men\u0161\u00ed mo\u017enosti p\u0159estupu do sv\u011btov\u00fdch silni\u010dn\u00edch t\u00fdm\u016f ne\u017e mu\u017ei. Proto se tedy t\u00fdm \u017een pra\u017esk\u00e9 Dukly v sez\u00f3n\u011b 2023 za\u0159ad\u00ed mezi kontinent\u00e1ln\u00ed t\u00fdmy.<\/p>\n\n\n\n<p>Sportovn\u00ed \u0159editel a tren\u00e9r Milan Kadlec bude m\u00edt k dispozici t\u00fdm, kter\u00fd tvo\u0159\u00ed 11 z\u00e1vodnic: Veronika Barton\u00edkov\u00e1, Gabriela B\u00e1rtov\u00e1, Nicole Hartychov\u00e1, Kate\u0159ina Kohoutkov\u00e1, Jarmila Macha\u010dov\u00e1, Barbora N\u011bmcov\u00e1, Hanka Runtov\u00e1, Anna R\u016f\u017ei\u010dkov\u00e1, Nela Slan\u00edkov\u00e1, Patricie Srnsk\u00e1 a Petra \u0160ev\u010d\u00edkov\u00e1.<\/p>\n\n\n\n<figure class=\"wp-block-image size-large\"><img loading=\"lazy\" decoding=\"async\" width=\"1010\" height=\"1024\" src=\"https:\/\/www.czechcyclingfederation.com\/wp-content\/uploads\/2022\/12\/machacova-1010x1024.jpg\" alt=\"\" class=\"wp-image-14707\" srcset=\"https:\/\/www.czechcyclingfederation.com\/wp-content\/uploads\/2022\/12\/machacova-1010x1024.jpg 1010w, https:\/\/www.czechcyclingfederation.com\/wp-content\/uploads\/2022\/12\/machacova-197x200.jpg 197w, https:\/\/www.czechcyclingfederation.com\/wp-content\/uploads\/2022\/12\/machacova-768x779.jpg 768w, https:\/\/www.czechcyclingfederation.com\/wp-content\/uploads\/2022\/12\/machacova-1515x1536.jpg 1515w, https:\/\/www.czechcyclingfederation.com\/wp-content\/uploads\/2022\/12\/machacova-2020x2048.jpg 2020w, https:\/\/www.czechcyclingfederation.com\/wp-content\/uploads\/2022\/12\/machacova-1320x1338.jpg 1320w\" sizes=\"auto, (max-width: 1010px) 100vw, 1010px\" \/><figcaption><em>Zku\u0161en\u00e1 Jarmila Macha\u010dov\u00e1 se vrac\u00ed po mate\u0159sk\u00e9 dovolen\u00e9 a bude kapit\u00e1nkou t\u00fdmu \u017een. <\/em><\/figcaption><\/figure>\n\n\n\n<p>Kapit\u00e1nkou mlad\u00e9ho t\u00fdmu bude zku\u0161en\u00e1 Jarmila Macha\u010dov\u00e1, kter\u00e1 se vrac\u00ed zp\u011bt do pelotonu po mate\u0159sk\u00e9 dovolen\u00e9. K ji\u017e zmi\u0148ovan\u00e9 mistryni sv\u011bta Macha\u010dov\u00e9 se p\u0159id\u00e1vaj\u00ed i dal\u0161\u00ed mlad\u00e9 evropsk\u00e9 a sv\u011btov\u00e9 medailistky. \u0160ev\u010d\u00edkov\u00e1 je \u00fa\u0159aduj\u00edc\u00ed mistryn\u00ed Evropy, podobn\u011b jako juniorka N\u011bmcov\u00e1, kter\u00e1 ale vlastn\u00ed i trikot nejpresti\u017en\u011bj\u0161\u00ed, je toti\u017e i \u00fa\u0159aduj\u00edc\u00ed mistryn\u00ed sv\u011bta. Medailistkou evropsk\u00e9ho \u0161ampion\u00e1tu je tak\u00e9 B\u00e1rtov\u00e1, kter\u00e1 se do vrcholov\u00e9 cyklistiky vrac\u00ed po t\u00e9m\u011b\u0159 ro\u010dn\u00ed pauze zavin\u011bn\u00e9 nep\u0159\u00edjemn\u00fdm onemocn\u011bn\u00edm.&nbsp;<\/p>\n\n\n\n<p>T\u00fdm pra\u017esk\u00e9 Dukly se dlouhodob\u011b zam\u011b\u0159uje i na pr\u00e1ci s ml\u00e1de\u017e\u00ed. Silni\u010dn\u00ed a dr\u00e1hovou ml\u00e1de\u017enickou skupinu, konkr\u00e9tn\u011b t\u00fdm junior\u016f, od podzimu vede na pozici tren\u00e9ra a sportovn\u00edho \u0159editele zku\u0161en\u00fd Franti\u0161ek Trkal.<\/p>\n\n\n\n<p>Bikov\u00e1 skupina podporovan\u00e1 resortn\u00edm centrem a veden\u00e1 tren\u00e9rem Viktorem Zapletalem je v\u00fdrazn\u011b st\u0159\u00eddm\u011bj\u0161\u00ed, pokud jde o po\u010det za\u0159azen\u00fdch z\u00e1vodn\u00edk\u016f, nicm\u00e9n\u011b t\u00edm v\u011bt\u0161\u00ed je jej\u00ed s\u00edla a z pohledu horsk\u00fdch kol zahrnuje absolutn\u00ed \u010deskou, ale tak\u00e9 sv\u011btovou \u0161pi\u010dku.<\/p>\n\n\n\n<figure class=\"wp-block-image size-large\"><img loading=\"lazy\" decoding=\"async\" width=\"819\" height=\"1024\" src=\"https:\/\/www.czechcyclingfederation.com\/wp-content\/uploads\/2022\/12\/zatloukal-819x1024.jpg\" alt=\"\" class=\"wp-image-14711\" srcset=\"https:\/\/www.czechcyclingfederation.com\/wp-content\/uploads\/2022\/12\/zatloukal-819x1024.jpg 819w, https:\/\/www.czechcyclingfederation.com\/wp-content\/uploads\/2022\/12\/zatloukal-160x200.jpg 160w, https:\/\/www.czechcyclingfederation.com\/wp-content\/uploads\/2022\/12\/zatloukal-768x960.jpg 768w, https:\/\/www.czechcyclingfederation.com\/wp-content\/uploads\/2022\/12\/zatloukal-1229x1536.jpg 1229w, https:\/\/www.czechcyclingfederation.com\/wp-content\/uploads\/2022\/12\/zatloukal-1638x2048.jpg 1638w, https:\/\/www.czechcyclingfederation.com\/wp-content\/uploads\/2022\/12\/zatloukal-1320x1650.jpg 1320w, https:\/\/www.czechcyclingfederation.com\/wp-content\/uploads\/2022\/12\/zatloukal-scaled.jpg 2048w\" sizes=\"auto, (max-width: 819px) 100vw, 819px\" \/><figcaption><em>\u00da\u0159aduj\u00edc\u00ed \u010desk\u00fd mistr kategorie U23 Jan Zatloukal je velkou nad\u011bj\u00ed \u010desk\u00e9ho MTB<\/em>.<\/figcaption><\/figure>\n\n\n\n<p>Podpory ASC Dukla Praha vyu\u017e\u00edvaj\u00ed olympionici Ond\u0159ej Cink a Jitka \u010c\u00e1belick\u00e1, d\u00e1le pak Jana Czeczinkarov\u00e1, talentovan\u00ed mlad\u00edci Jan Zatloukal, Jan S\u00e1ska a Filip Kone\u010dn\u00fd i juniorsk\u00e1 mistryn\u011b Evropy Simona Sp\u011b\u0161n\u00e1. Zaj\u00edmavou novinkou je skute\u010dnost, \u017ee olympijsk\u00fd v\u00edt\u011bz a mistr sv\u011bta Jaroslav Kulhav\u00fd bude i nad\u00e1le pokra\u010dovat ve spolupr\u00e1ci se sv\u00fdm dlouholet\u00fdm kou\u010dem Viktorem Zapletalem, nov\u011b na pozici tren\u00e9ra kategorie U23 a pod spole\u010dn\u00fdm veden\u00edm t\u00e9to dvojice pr\u00e1v\u011b v t\u011bchto dnech absolvuje \u010desk\u00fd bikov\u00fd v\u00fdb\u011br Dukly Praha soust\u0159ed\u011bn\u00ed na Mallorce.<\/p>\n\n\n\n<p>BMX zastupuje v pra\u017esk\u00e9 Dukle aktu\u00e1ln\u011b nej\u00fasp\u011b\u0161n\u011bj\u0161\u00ed \u010desk\u00e1 z\u00e1vodnice, medailistka ME do 23 let, Eli\u0161ka Bart\u016f\u0148kov\u00e1, kter\u00e1 je z\u00e1rove\u0148 i \u010deskou bikrosovou nad\u011bj\u00ed pro olympijsk\u00e9 hry 2024.<\/p>\n\n\n\n<p>Foto: Jan Brychta, Michal \u010cerven\u00fd<\/p>\n","protected":false},"excerpt":{"rendered":"<p>Cyklistickou Duklu Praha \u010dek\u00e1 v&nbsp;p\u0159\u00ed\u0161t\u00edm roce n\u011bkolik podstatn\u00fdch zm\u011bn. Krom\u011b toho, \u017ee postavila siln\u00fd t\u00fdm \u017een se statusem kontinent\u00e1ln\u00ed st\u00e1je, dokon\u010dila tak\u00e9 n\u011bkolikalet\u00fd proces transformace a do sezony 2023 vstoup\u00ed ve struktu\u0159e, kterou se ub\u00edr\u00e1 v\u011bt\u0161ina \u00fasp\u011b\u0161n\u00fdch zahrani\u010dn\u00edch olympijsk\u00fdch center. Dukla Praha u\u017e del\u0161\u00ed dobu nen\u00ed orientov\u00e1na pouze na sv\u00e9 t\u00fdmov\u00e9 z\u00e1vodn\u00edky, ale podporuje tak\u00e9 [&hellip;]<\/p>\n","protected":false},"author":15,"featured_media":14708,"comment_status":"closed","ping_status":"open","sticky":false,"template":"","format":"standard","meta":{"footnotes":""},"categories":[17,2,18],"tags":[208],"class_list":["post-14706","post","type-post","status-publish","format-standard","has-post-thumbnail","hentry","category-discipliny","category-novinky","category-silnice","tag-tym"],"_links":{"self":[{"href":"https:\/\/www.czechcyclingfederation.com\/en\/wp-json\/wp\/v2\/posts\/14706","targetHints":{"allow":["GET"]}}],"collection":[{"href":"https:\/\/www.czechcyclingfederation.com\/en\/wp-json\/wp\/v2\/posts"}],"about":[{"href":"https:\/\/www.czechcyclingfederation.com\/en\/wp-json\/wp\/v2\/types\/post"}],"author":[{"embeddable":true,"href":"https:\/\/www.czechcyclingfederation.com\/en\/wp-json\/wp\/v2\/users\/15"}],"replies":[{"embeddable":true,"href":"https:\/\/www.czechcyclingfederation.com\/en\/wp-json\/wp\/v2\/comments?post=14706"}],"version-history":[{"count":4,"href":"https:\/\/www.czechcyclingfederation.com\/en\/wp-json\/wp\/v2\/posts\/14706\/revisions"}],"predecessor-version":[{"id":14716,"href":"https:\/\/www.czechcyclingfederation.com\/en\/wp-json\/wp\/v2\/posts\/14706\/revisions\/14716"}],"wp:featuredmedia":[{"embeddable":true,"href":"https:\/\/www.czechcyclingfederation.com\/en\/wp-json\/wp\/v2\/media\/14708"}],"wp:attachment":[{"href":"https:\/\/www.czechcyclingfederation.com\/en\/wp-json\/wp\/v2\/media?parent=14706"}],"wp:term":[{"taxonomy":"category","embeddable":true,"href":"https:\/\/www.czechcyclingfederation.com\/en\/wp-json\/wp\/v2\/categories?post=14706"},{"taxonomy":"post_tag","embeddable":true,"href":"https:\/\/www.czechcyclingfederation.com\/en\/wp-json\/wp\/v2\/tags?post=14706"}],"curies":[{"name":"wp","href":"https:\/\/api.w.org\/{rel}","templated":true}]}}