{"id":14690,"date":"2022-12-17T18:18:16","date_gmt":"2022-12-17T17:18:16","guid":{"rendered":"https:\/\/www.czechcyclingfederation.com\/?p=14690"},"modified":"2022-12-17T18:19:40","modified_gmt":"2022-12-17T17:19:40","slug":"polak-konwa-vyhral-evropsky-pohar-v-dolnich-vitkovicich","status":"publish","type":"post","link":"https:\/\/www.czechcyclingfederation.com\/en\/polak-konwa-vyhral-evropsky-pohar-v-dolnich-vitkovicich\/","title":{"rendered":"Pol\u00e1k Konwa vyhr\u00e1l Evropsk\u00fd poh\u00e1r v Doln\u00edch V\u00edtkovic\u00edch"},"content":{"rendered":"\n<p>Polsk\u00fd cyklokrosa\u0159 Marek Konwa vyhr\u00e1l v Doln\u00edch V\u00edtkovic\u00edch prvn\u00ed ro\u010dn\u00edk Evropsk\u00e9ho poh\u00e1ru. Do boj\u016f v are\u00e1lu mezi vysok\u00fdmi pecemi nastoupilo celkem 15 kategori\u00ed, ale \u00fa\u010dast byla hodn\u011b m\u00e1lo po\u010detn\u00e1.<\/p>\n\n\n\n<p>\u201eSe z\u00e1vodem jsem spokojen\u00fd. Tra\u0165 se nach\u00e1z\u00ed na skv\u011bl\u00e9m m\u00edst\u011b a div\u00e1ci n\u00e1s podporovali. Moc jsem si z\u00e1vod u\u017eil,\u201c okomentoval kr\u00e1tce po pr\u016fjezdu c\u00edlem v\u00edt\u011bz kategorie mu\u017ei Elite. Druh\u00fd za n\u00edm skon\u010dil s&nbsp;mankem 46 vte\u0159in Daniel Mayer (KC Hlinsko) a t\u0159et\u00ed dojel Ond\u0159ej Zelen\u00fd (Decathlon Cycling Czech Team).&nbsp; Z\u00e1vod \u017eeny vyhr\u00e1la Zuzanna Krzystalaov\u00e1 z&nbsp;Polska.<\/p>\n\n\n\n<p>V sout\u011b\u017ei kadet\u016f nedal nikomu \u0161anci v\u00edt\u011bz mistrovstv\u00ed \u010cR Kry\u0161tof Ba\u017eant. Z\u00e1vodn\u00edk t\u00fdmu TJ Sokola Plavy &#8211; Cyklo Benda porazil sv\u00e9 soupe\u0159e na okruz\u00edch dlouh\u00fdch 3078 metr\u016f s celkov\u00fdm p\u0159ev\u00fd\u0161en\u00edm 50 metr\u016f o t\u00e9m\u011b\u0159 dv\u011b minuty.<\/p>\n\n\n\n<p>Evropsk\u00fd poh\u00e1r vyvrchol\u00ed ned\u011bln\u00edm programem. V 11:00 nastoup\u00ed na tra\u0165 spole\u010dn\u011b \u017eeny do 23 let a juniorky. Dvacet minut po t\u0159in\u00e1ct\u00e9 hodin\u011b program uzav\u0159ou junio\u0159i a mu\u017ei do 23 let. Oba z\u00e1vody \u00farovn\u011b C2 jsou sou\u010d\u00e1st\u00ed kalend\u00e1\u0159e Mezin\u00e1rodn\u00ed cyklistick\u00e9 unie (UCI).<\/p>\n\n\n\n<p>V\u00fdsledky:<\/p>\n\n\n\n<p>Kadetky:<\/p>\n\n\n\n<p>1. Burgermeisterov\u00e1 (TJ Sokol Plavy &#8211; Cyklo Benda) 34:41, 2. Bindaczov\u00e1 (Pol.) +15, 3. Lehk\u00e1 (Jaroslav Kulhavy Cycling Team) +1:14.<\/p>\n\n\n\n<p>Kadeti:<\/p>\n\n\n\n<p>1. Ba\u017eant (TJ Sokol Plavy &#8211; Cyklo Benda) 35:29, 2. \u0160oltes (SR) +1:58, 3. Gdula (Pol.) +2:10.<\/p>\n\n\n\n<p>\u017deny:<\/p>\n\n\n\n<p>1. Krzystalaov\u00e1 52:01, 2. Mazurekov\u00e1 (ob\u011b Pol.) +4:22, 3. Chmurov\u00e1 (MAX Cursor) -1 kolo.<\/p>\n\n\n\n<p>Mu\u017ei:<\/p>\n\n\n\n<p>1.Konwa (Pol.) 59:28, 2. Mayer (KC Hlinsko) +46, 3. Zelen\u00fd (Decathlon Cycling Czech Teeam) +1:28, 4. Kaloj\u00edros (Sparta Praha) +2:04, 5. Brz\u00f3ska +2:54, 6. Kostecki (oba Pol.) +4:27.<\/p>\n\n\n\n<p>FOTO Jan Brychta<\/p>\n\n\n\n<figure class=\"wp-block-image size-large\"><img loading=\"lazy\" decoding=\"async\" width=\"681\" height=\"1024\" src=\"http:\/\/www.czechcyclingfederation.com\/wp-content\/uploads\/2022\/12\/BrychtaJan_Cyklokros_Ostrava_20221217_131340_DSC_1288-681x1024.jpg\" alt=\"\" class=\"wp-image-14691\" srcset=\"https:\/\/www.czechcyclingfederation.com\/wp-content\/uploads\/2022\/12\/BrychtaJan_Cyklokros_Ostrava_20221217_131340_DSC_1288-681x1024.jpg 681w, https:\/\/www.czechcyclingfederation.com\/wp-content\/uploads\/2022\/12\/BrychtaJan_Cyklokros_Ostrava_20221217_131340_DSC_1288-133x200.jpg 133w, https:\/\/www.czechcyclingfederation.com\/wp-content\/uploads\/2022\/12\/BrychtaJan_Cyklokros_Ostrava_20221217_131340_DSC_1288-768x1154.jpg 768w, https:\/\/www.czechcyclingfederation.com\/wp-content\/uploads\/2022\/12\/BrychtaJan_Cyklokros_Ostrava_20221217_131340_DSC_1288-1022x1536.jpg 1022w, https:\/\/www.czechcyclingfederation.com\/wp-content\/uploads\/2022\/12\/BrychtaJan_Cyklokros_Ostrava_20221217_131340_DSC_1288-1320x1983.jpg 1320w, https:\/\/www.czechcyclingfederation.com\/wp-content\/uploads\/2022\/12\/BrychtaJan_Cyklokros_Ostrava_20221217_131340_DSC_1288.jpg 1331w\" sizes=\"auto, (max-width: 681px) 100vw, 681px\" \/><\/figure>\n\n\n\n<figure class=\"wp-block-image size-large\"><img loading=\"lazy\" decoding=\"async\" width=\"1024\" height=\"684\" src=\"http:\/\/www.czechcyclingfederation.com\/wp-content\/uploads\/2022\/12\/BrychtaJan_Cyklokros_Ostrava_20221217_162658_DSC_0839-1024x684.jpg\" alt=\"\" class=\"wp-image-14694\" srcset=\"https:\/\/www.czechcyclingfederation.com\/wp-content\/uploads\/2022\/12\/BrychtaJan_Cyklokros_Ostrava_20221217_162658_DSC_0839-1024x684.jpg 1024w, https:\/\/www.czechcyclingfederation.com\/wp-content\/uploads\/2022\/12\/BrychtaJan_Cyklokros_Ostrava_20221217_162658_DSC_0839-300x200.jpg 300w, https:\/\/www.czechcyclingfederation.com\/wp-content\/uploads\/2022\/12\/BrychtaJan_Cyklokros_Ostrava_20221217_162658_DSC_0839-768x513.jpg 768w, https:\/\/www.czechcyclingfederation.com\/wp-content\/uploads\/2022\/12\/BrychtaJan_Cyklokros_Ostrava_20221217_162658_DSC_0839-1536x1025.jpg 1536w, https:\/\/www.czechcyclingfederation.com\/wp-content\/uploads\/2022\/12\/BrychtaJan_Cyklokros_Ostrava_20221217_162658_DSC_0839-1320x881.jpg 1320w, https:\/\/www.czechcyclingfederation.com\/wp-content\/uploads\/2022\/12\/BrychtaJan_Cyklokros_Ostrava_20221217_162658_DSC_0839.jpg 2000w\" sizes=\"auto, (max-width: 1024px) 100vw, 1024px\" \/><\/figure>\n\n\n\n<figure class=\"wp-block-image size-large\"><img loading=\"lazy\" decoding=\"async\" width=\"1024\" height=\"684\" src=\"http:\/\/www.czechcyclingfederation.com\/wp-content\/uploads\/2022\/12\/BrychtaJan_Cyklokros_Ostrava_20221217_145917_DSC_0507-1024x684.jpg\" alt=\"\" class=\"wp-image-14692\" srcset=\"https:\/\/www.czechcyclingfederation.com\/wp-content\/uploads\/2022\/12\/BrychtaJan_Cyklokros_Ostrava_20221217_145917_DSC_0507-1024x684.jpg 1024w, https:\/\/www.czechcyclingfederation.com\/wp-content\/uploads\/2022\/12\/BrychtaJan_Cyklokros_Ostrava_20221217_145917_DSC_0507-300x200.jpg 300w, https:\/\/www.czechcyclingfederation.com\/wp-content\/uploads\/2022\/12\/BrychtaJan_Cyklokros_Ostrava_20221217_145917_DSC_0507-768x513.jpg 768w, https:\/\/www.czechcyclingfederation.com\/wp-content\/uploads\/2022\/12\/BrychtaJan_Cyklokros_Ostrava_20221217_145917_DSC_0507-1536x1025.jpg 1536w, https:\/\/www.czechcyclingfederation.com\/wp-content\/uploads\/2022\/12\/BrychtaJan_Cyklokros_Ostrava_20221217_145917_DSC_0507-1320x881.jpg 1320w, https:\/\/www.czechcyclingfederation.com\/wp-content\/uploads\/2022\/12\/BrychtaJan_Cyklokros_Ostrava_20221217_145917_DSC_0507.jpg 2000w\" sizes=\"auto, (max-width: 1024px) 100vw, 1024px\" \/><\/figure>\n","protected":false},"excerpt":{"rendered":"<p>Polsk\u00fd cyklokrosa\u0159 Marek Konwa vyhr\u00e1l v Doln\u00edch V\u00edtkovic\u00edch prvn\u00ed ro\u010dn\u00edk Evropsk\u00e9ho poh\u00e1ru. Do boj\u016f v are\u00e1lu mezi vysok\u00fdmi pecemi nastoupilo celkem 15 kategori\u00ed, ale \u00fa\u010dast byla hodn\u011b m\u00e1lo po\u010detn\u00e1. \u201eSe z\u00e1vodem jsem spokojen\u00fd. Tra\u0165 se nach\u00e1z\u00ed na skv\u011bl\u00e9m m\u00edst\u011b a div\u00e1ci n\u00e1s podporovali. Moc jsem si z\u00e1vod u\u017eil,\u201c okomentoval kr\u00e1tce po pr\u016fjezdu c\u00edlem v\u00edt\u011bz kategorie [&hellip;]<\/p>\n","protected":false},"author":8,"featured_media":14693,"comment_status":"closed","ping_status":"open","sticky":false,"template":"","format":"standard","meta":{"footnotes":""},"categories":[58,2,46],"tags":[59],"class_list":["post-14690","post","type-post","status-publish","format-standard","has-post-thumbnail","hentry","category-cyklokros","category-novinky","category-novinky-sportovni-centra","tag-cyklokros"],"_links":{"self":[{"href":"https:\/\/www.czechcyclingfederation.com\/en\/wp-json\/wp\/v2\/posts\/14690","targetHints":{"allow":["GET"]}}],"collection":[{"href":"https:\/\/www.czechcyclingfederation.com\/en\/wp-json\/wp\/v2\/posts"}],"about":[{"href":"https:\/\/www.czechcyclingfederation.com\/en\/wp-json\/wp\/v2\/types\/post"}],"author":[{"embeddable":true,"href":"https:\/\/www.czechcyclingfederation.com\/en\/wp-json\/wp\/v2\/users\/8"}],"replies":[{"embeddable":true,"href":"https:\/\/www.czechcyclingfederation.com\/en\/wp-json\/wp\/v2\/comments?post=14690"}],"version-history":[{"count":1,"href":"https:\/\/www.czechcyclingfederation.com\/en\/wp-json\/wp\/v2\/posts\/14690\/revisions"}],"predecessor-version":[{"id":14695,"href":"https:\/\/www.czechcyclingfederation.com\/en\/wp-json\/wp\/v2\/posts\/14690\/revisions\/14695"}],"wp:featuredmedia":[{"embeddable":true,"href":"https:\/\/www.czechcyclingfederation.com\/en\/wp-json\/wp\/v2\/media\/14693"}],"wp:attachment":[{"href":"https:\/\/www.czechcyclingfederation.com\/en\/wp-json\/wp\/v2\/media?parent=14690"}],"wp:term":[{"taxonomy":"category","embeddable":true,"href":"https:\/\/www.czechcyclingfederation.com\/en\/wp-json\/wp\/v2\/categories?post=14690"},{"taxonomy":"post_tag","embeddable":true,"href":"https:\/\/www.czechcyclingfederation.com\/en\/wp-json\/wp\/v2\/tags?post=14690"}],"curies":[{"name":"wp","href":"https:\/\/api.w.org\/{rel}","templated":true}]}}