{"id":1468,"date":"2020-07-19T20:54:18","date_gmt":"2020-07-19T18:54:18","guid":{"rendered":"http:\/\/www.czechcyclingfederation.com\/?p=1468"},"modified":"2020-07-19T20:56:49","modified_gmt":"2020-07-19T18:56:49","slug":"vitezem-zavodu-lidice-2020-nemec-loderer","status":"publish","type":"post","link":"https:\/\/www.czechcyclingfederation.com\/en\/vitezem-zavodu-lidice-2020-nemec-loderer\/","title":{"rendered":"V\u00edt\u011bzem z\u00e1vodu Lidice 2020 N\u011bmec Loderer"},"content":{"rendered":"\n<p><\/p>\n\n\n\n<p>N\u011bmeck\u00fd jezdec Timon Loderer ze st\u00e1je Hrinkow Advarics Cycleang se stal v\u00edt\u011bzem 55. ro\u010dn\u00edku etapov\u00e9ho z\u00e1vodu Lidice 2020. Druh\u00fd skon\u010dil jeho krajan Gluth Martin (Majola Pushbikers) a t\u0159et\u00ed Vojt\u011bch \u0158epa (Topforex &#8211; Lapierre Pro Cycling Team), oba ve shodn\u00e9m \u010dase jako v\u00edt\u011bz.<\/p>\n\n\n\n<p>Dne\u0161n\u00ed druhou etapu, t\u0159\u00edkilometrov\u00e9 okruhy v Lidic\u00edch, kter\u00e9 jezdci absolvovali t\u0159iat\u0159icetkr\u00e1t, vyhr\u00e1l poda\u0159en\u00fdm \u00fatokem v posledn\u00edch des\u00edtk\u00e1ch metr\u016f Adam \u0164oupal\u00edk (Elkov Kasper) s jednovte\u0159inov\u00fdm n\u00e1skokem p\u0159ed Timem Wollenbergen (N\u011bm.\/Majola Pushbikers), o dal\u0161\u00ed dv\u011b vte\u0159iny zp\u011bt p\u0159ijel Petr Klabouch (Topforex &#8211; Lapierre Pro Cycling Team). Loderer polo\u017eil z\u00e1klad k celkov\u00e9mu prvenstv\u00ed ji\u017e v sobotu, kdy byl nejlep\u0161\u00ed na okruz\u00edch v Z\u00e1bo\u0159\u00ed, kter\u00e9 byly z\u00e1rove\u0148 prvn\u00edm d\u00edlem \u0160KODA CUPu. Dnes mu sta\u010dilo dojet na \u0161est\u00e9m m\u00edst\u011b.<\/p>\n\n\n\n<p>V\u00fdsledky:<\/p>\n\n\n\n<p>2. etapa . Lidick\u00e9 okruhy:<\/p>\n\n\n\n<p>1. A. \u0164oupal\u00edk (Elkov Kasper) 2:33:38, 2. Wollenberg (N\u011bm.\/Majola Pushbikers) +1, 3. Klabouch (Topforex &#8211; Lapierre Pro Cycling Team), 4. Fiala (Sparta Praha), 5. Gruber (Favorit Brno), 6.&nbsp; Loderer (N\u011bm.\/Hrinkow Advarics Cycleang) v\u0161ichni +3.<\/p>\n\n\n\n<p>Kone\u010dn\u00e9 po\u0159ad\u00ed:<\/p>\n\n\n\n<p>1. Loderer 6:10:31, 2. Gluth (N\u011bm.\/Majola Pushbikers), 3. \u0158epa (Topforex &#8211; Lapierre Pro Cycling Team), 4. Zah\u00e1lka (Elkov Kasper), 5. Gruber, 6. Rosner (N\u011bm.\/rad-net Rose Team) v\u0161ichni stejn\u00fd \u010das.<\/p>\n\n\n\n<figure class=\"wp-block-image size-large\"><img loading=\"lazy\" decoding=\"async\" width=\"1024\" height=\"768\" src=\"https:\/\/www.czechcyclingfederation.com\/wp-content\/uploads\/2020\/07\/Lidice-20-1024x768.jpg\" alt=\"\" class=\"wp-image-1469\" srcset=\"https:\/\/www.czechcyclingfederation.com\/wp-content\/uploads\/2020\/07\/Lidice-20-1024x768.jpg 1024w, https:\/\/www.czechcyclingfederation.com\/wp-content\/uploads\/2020\/07\/Lidice-20-267x200.jpg 267w, https:\/\/www.czechcyclingfederation.com\/wp-content\/uploads\/2020\/07\/Lidice-20-768x576.jpg 768w, https:\/\/www.czechcyclingfederation.com\/wp-content\/uploads\/2020\/07\/Lidice-20-1536x1152.jpg 1536w, https:\/\/www.czechcyclingfederation.com\/wp-content\/uploads\/2020\/07\/Lidice-20-2048x1536.jpg 2048w, https:\/\/www.czechcyclingfederation.com\/wp-content\/uploads\/2020\/07\/Lidice-20-1320x990.jpg 1320w\" sizes=\"auto, (max-width: 1024px) 100vw, 1024px\" \/><\/figure>\n\n\n\n<figure class=\"wp-block-image size-large\"><img loading=\"lazy\" decoding=\"async\" width=\"1024\" height=\"768\" src=\"https:\/\/www.czechcyclingfederation.com\/wp-content\/uploads\/2020\/07\/Lidice-2020-1-1024x768.jpg\" alt=\"\" class=\"wp-image-1470\" srcset=\"https:\/\/www.czechcyclingfederation.com\/wp-content\/uploads\/2020\/07\/Lidice-2020-1-1024x768.jpg 1024w, https:\/\/www.czechcyclingfederation.com\/wp-content\/uploads\/2020\/07\/Lidice-2020-1-267x200.jpg 267w, https:\/\/www.czechcyclingfederation.com\/wp-content\/uploads\/2020\/07\/Lidice-2020-1-768x576.jpg 768w, https:\/\/www.czechcyclingfederation.com\/wp-content\/uploads\/2020\/07\/Lidice-2020-1.jpg 1118w\" sizes=\"auto, (max-width: 1024px) 100vw, 1024px\" \/><\/figure>\n","protected":false},"excerpt":{"rendered":"<p>N\u011bmeck\u00fd jezdec Timon Loderer ze st\u00e1je Hrinkow Advarics Cycleang se stal v\u00edt\u011bzem 55. ro\u010dn\u00edku etapov\u00e9ho z\u00e1vodu Lidice 2020. Druh\u00fd skon\u010dil jeho krajan Gluth Martin (Majola Pushbikers) a t\u0159et\u00ed Vojt\u011bch \u0158epa (Topforex &#8211; Lapierre Pro Cycling Team), oba ve shodn\u00e9m \u010dase jako v\u00edt\u011bz. Dne\u0161n\u00ed druhou etapu, t\u0159\u00edkilometrov\u00e9 okruhy v Lidic\u00edch, kter\u00e9 jezdci absolvovali t\u0159iat\u0159icetkr\u00e1t, vyhr\u00e1l poda\u0159en\u00fdm [&hellip;]<\/p>\n","protected":false},"author":8,"featured_media":1472,"comment_status":"closed","ping_status":"open","sticky":false,"template":"","format":"standard","meta":{"footnotes":""},"categories":[2,18],"tags":[11],"class_list":["post-1468","post","type-post","status-publish","format-standard","has-post-thumbnail","hentry","category-novinky","category-silnice","tag-silnice"],"_links":{"self":[{"href":"https:\/\/www.czechcyclingfederation.com\/en\/wp-json\/wp\/v2\/posts\/1468","targetHints":{"allow":["GET"]}}],"collection":[{"href":"https:\/\/www.czechcyclingfederation.com\/en\/wp-json\/wp\/v2\/posts"}],"about":[{"href":"https:\/\/www.czechcyclingfederation.com\/en\/wp-json\/wp\/v2\/types\/post"}],"author":[{"embeddable":true,"href":"https:\/\/www.czechcyclingfederation.com\/en\/wp-json\/wp\/v2\/users\/8"}],"replies":[{"embeddable":true,"href":"https:\/\/www.czechcyclingfederation.com\/en\/wp-json\/wp\/v2\/comments?post=1468"}],"version-history":[{"count":1,"href":"https:\/\/www.czechcyclingfederation.com\/en\/wp-json\/wp\/v2\/posts\/1468\/revisions"}],"predecessor-version":[{"id":1471,"href":"https:\/\/www.czechcyclingfederation.com\/en\/wp-json\/wp\/v2\/posts\/1468\/revisions\/1471"}],"wp:featuredmedia":[{"embeddable":true,"href":"https:\/\/www.czechcyclingfederation.com\/en\/wp-json\/wp\/v2\/media\/1472"}],"wp:attachment":[{"href":"https:\/\/www.czechcyclingfederation.com\/en\/wp-json\/wp\/v2\/media?parent=1468"}],"wp:term":[{"taxonomy":"category","embeddable":true,"href":"https:\/\/www.czechcyclingfederation.com\/en\/wp-json\/wp\/v2\/categories?post=1468"},{"taxonomy":"post_tag","embeddable":true,"href":"https:\/\/www.czechcyclingfederation.com\/en\/wp-json\/wp\/v2\/tags?post=1468"}],"curies":[{"name":"wp","href":"https:\/\/api.w.org\/{rel}","templated":true}]}}