{"id":14647,"date":"2022-12-11T17:25:29","date_gmt":"2022-12-11T16:25:29","guid":{"rendered":"https:\/\/www.czechcyclingfederation.com\/?p=14647"},"modified":"2022-12-11T17:25:31","modified_gmt":"2022-12-11T16:25:31","slug":"sp-v-cyklokrosu-prvni-letosni-vyhra-van-aerta-sesta-van-empelove","status":"publish","type":"post","link":"https:\/\/www.czechcyclingfederation.com\/en\/sp-v-cyklokrosu-prvni-letosni-vyhra-van-aerta-sesta-van-empelove\/","title":{"rendered":"SP v cyklokrosu- prvn\u00ed leto\u0161n\u00ed v\u00fdhra van Aerta, \u0161est\u00e1 van Empelov\u00e9"},"content":{"rendered":"\n<p>Dev\u00e1t\u00fd z\u00e1vod cyklokrosov\u00e9ho seri\u00e1lu Sv\u011btov\u00e9ho poh\u00e1ru se jel dnes poprv\u00e9 v\u00a0historii v\u00a0Irsku, na okruhu Dublinu zv\u00edt\u011bzili Fem van Empelov\u00e1 z Nizozem\u00ed a belgick\u00fd jezdec Wout van Aert. Van Empelov\u00e1 jasn\u011b vede i pr\u016fb\u011b\u017en\u00e9 hodnocen\u00ed seri\u00e1lu, druh\u00e9 m\u00edsto Laurense Sweecka znamenalo jeho nav\u00fd\u0161en\u00ed n\u00e1skoku p\u0159ed druh\u00fdm Eli Iserbytem, kter\u00fd skon\u010dil sedm\u00fd, na 13 bod\u016f.\u00a0\u00a0<\/p>\n\n\n\n<p>Na startu obou elitn\u00edch kategori\u00ed byl rekordn\u011b n\u00edzk\u00fd po\u010det startuj\u00edc\u00edch &#8211; jelo pouze 39 mu\u017e\u016f a t\u0159icet \u017een, ale v&nbsp;nich po dev\u00edti v&nbsp;obou z\u00e1vodech dom\u00e1c\u00edch jezdc\u016f, kte\u0159\u00ed byli v\u00edcem\u00e9n\u011b do po\u010dtu. Z dom\u00e1c\u00edch mu\u017e\u016f se do c\u00edle pod\u00edvali jen dva, v&nbsp;z\u00e1vod\u011b \u017een jen jedna. Z \u010cech\u016f tentokr\u00e1t nestartoval nikdo.<\/p>\n\n\n\n<p>Wout van Aert po druh\u00e9m m\u00edst\u011b minul\u00fd t\u00fdden ji\u017e p\u0159i absenci Mathieu van der Poela zv\u00edt\u011bzil, Sweecka zdolal o 14 vte\u0159in, bronzov\u00fd stupe\u0148 obsadil \u00fa\u0159aduj\u00edc\u00ed mistr sv\u011bta Brit Thomas Pidcock.<\/p>\n\n\n\n<p>Z\u00e1vod \u017een se zm\u011bnil v bitvu dvou nejlep\u0161\u00edch sou\u010dasn\u00fdch z\u00e1vodnic Nizozemek Fem van Empelov\u00e9 a Puck Pietersov\u00e9. Ji\u017e \u0161est\u00fd v\u00edt\u011bzn\u00fd z\u00e1vod vybojovala van Empelov\u00e1, ale svou soupe\u0159ku udolala a\u017e v z\u00e1v\u011bre\u010dn\u00fdch metrech a c\u00edlem projela s dvouvte\u0159inov\u00fdm n\u00e1skokem, t\u0159et\u00ed, dal\u0161\u00ed Nizozemka, Denise Bestemaov\u00e1 ji\u017e zaostala o 1:37. Zat\u00edm sv\u016fj \u017eivotn\u00ed v\u00fdsledek vybojovala mlad\u00e1 lucembursk\u00e1 krosa\u0159ka Marie Schreiberov\u00e1, kter\u00e1 skon\u010dila p\u00e1t\u00e1.<\/p>\n\n\n\n<p>V\u00fdsledky:<\/p>\n\n\n\n<p>Mu\u017ei:<\/p>\n\n\n\n<p>1. van Aert (Niz.) 59:36, 2. L. Sweeck (Belg.) +14, 3. Pidcock (Brit.) +17, 4. van der Haar (Niz.) +19, 5. M. Vanthourenhoput +22, 6. Adams (oba Belg.) +33.<\/p>\n\n\n\n<p>Po\u0159ad\u00ed po dev\u00edti z\u00e1vodech:<\/p>\n\n\n\n<p>1. L. Sweeck 266, 2. Iserbyt (Belg.) 249, 3. M. Vanthourenhout 225, 4. van der Haar 205, 5. Vandeputte (Belg.) 148, 6. Adams 128, &#8230;14. Boro\u0161 76, 43. \u0160tybar 9, 52. \u0158\u00edman (v\u0161ichni \u010cR) 4.<\/p>\n\n\n\n<p>\u017deny:<\/p>\n\n\n\n<p>1. van Empelov\u00e1 47:13, 2. Pietersov\u00e1 +2, 3. Betsemaov\u00e1 +1:37, 4. van der Heijdenov\u00e1 (v\u0161echny Niz.) +2:26, 5. Schreiberov\u00e1 (Luc.) +2:27, 6. Bakkerov\u00e1 (Niz.) +3:39.<\/p>\n\n\n\n<p>Po\u0159ad\u00ed po dev\u00edti z\u00e1vodech:<\/p>\n\n\n\n<p>1. van Empelov\u00e1 330, 2. Pietersov\u00e1 225, 3. Betsemaov\u00e1 181, 4. van der Heijdenov\u00e1 171, 5. van Anrooijov\u00e1 159, 6. 6. Alvaradov\u00e1 (v\u0161echny Niz.) 152, &#8230;28. Zemanov\u00e1 25, 59. Kopecky 7, 70. Hlad\u00edkov\u00e1 3, 76. Je\u0159\u00e1bkov\u00e1 (v\u0161echny \u010cR) 1.<\/p>\n\n\n\n<p>FOTO facebook UCI<\/p>\n","protected":false},"excerpt":{"rendered":"<p>Dev\u00e1t\u00fd z\u00e1vod cyklokrosov\u00e9ho seri\u00e1lu Sv\u011btov\u00e9ho poh\u00e1ru se jel dnes poprv\u00e9 v\u00a0historii v\u00a0Irsku, na okruhu Dublinu zv\u00edt\u011bzili Fem van Empelov\u00e1 z Nizozem\u00ed a belgick\u00fd jezdec Wout van Aert. Van Empelov\u00e1 jasn\u011b vede i pr\u016fb\u011b\u017en\u00e9 hodnocen\u00ed seri\u00e1lu, druh\u00e9 m\u00edsto Laurense Sweecka znamenalo jeho nav\u00fd\u0161en\u00ed n\u00e1skoku p\u0159ed druh\u00fdm Eli Iserbytem, kter\u00fd skon\u010dil sedm\u00fd, na 13 bod\u016f.\u00a0\u00a0 Na startu [&hellip;]<\/p>\n","protected":false},"author":8,"featured_media":14650,"comment_status":"closed","ping_status":"open","sticky":false,"template":"","format":"standard","meta":{"footnotes":""},"categories":[58,2],"tags":[59],"class_list":["post-14647","post","type-post","status-publish","format-standard","has-post-thumbnail","hentry","category-cyklokros","category-novinky","tag-cyklokros"],"_links":{"self":[{"href":"https:\/\/www.czechcyclingfederation.com\/en\/wp-json\/wp\/v2\/posts\/14647","targetHints":{"allow":["GET"]}}],"collection":[{"href":"https:\/\/www.czechcyclingfederation.com\/en\/wp-json\/wp\/v2\/posts"}],"about":[{"href":"https:\/\/www.czechcyclingfederation.com\/en\/wp-json\/wp\/v2\/types\/post"}],"author":[{"embeddable":true,"href":"https:\/\/www.czechcyclingfederation.com\/en\/wp-json\/wp\/v2\/users\/8"}],"replies":[{"embeddable":true,"href":"https:\/\/www.czechcyclingfederation.com\/en\/wp-json\/wp\/v2\/comments?post=14647"}],"version-history":[{"count":2,"href":"https:\/\/www.czechcyclingfederation.com\/en\/wp-json\/wp\/v2\/posts\/14647\/revisions"}],"predecessor-version":[{"id":14651,"href":"https:\/\/www.czechcyclingfederation.com\/en\/wp-json\/wp\/v2\/posts\/14647\/revisions\/14651"}],"wp:featuredmedia":[{"embeddable":true,"href":"https:\/\/www.czechcyclingfederation.com\/en\/wp-json\/wp\/v2\/media\/14650"}],"wp:attachment":[{"href":"https:\/\/www.czechcyclingfederation.com\/en\/wp-json\/wp\/v2\/media?parent=14647"}],"wp:term":[{"taxonomy":"category","embeddable":true,"href":"https:\/\/www.czechcyclingfederation.com\/en\/wp-json\/wp\/v2\/categories?post=14647"},{"taxonomy":"post_tag","embeddable":true,"href":"https:\/\/www.czechcyclingfederation.com\/en\/wp-json\/wp\/v2\/tags?post=14647"}],"curies":[{"name":"wp","href":"https:\/\/api.w.org\/{rel}","templated":true}]}}