{"id":14635,"date":"2022-12-10T22:06:44","date_gmt":"2022-12-10T21:06:44","guid":{"rendered":"https:\/\/www.czechcyclingfederation.com\/?p=14635"},"modified":"2022-12-19T10:49:59","modified_gmt":"2022-12-19T09:49:59","slug":"vones-a-sevcikova-ovladli-na-mcr-vylucovaci-zavod","status":"publish","type":"post","link":"https:\/\/www.czechcyclingfederation.com\/en\/vones-a-sevcikova-ovladli-na-mcr-vylucovaci-zavod\/","title":{"rendered":"Vone\u0161 a \u0160ev\u010d\u00edkov\u00e1 ovl\u00e1dli na M\u010cR vylu\u010dovac\u00ed z\u00e1vod"},"content":{"rendered":"\n<p>Dvojice dr\u00e1ha\u0159\u016f Dukly Praha Petra \u0160ev\u010d\u00edkov\u00e1 a Jan Vone\u0161 vybojovala zlat\u00e9 medaile ve vylu\u010dovac\u00edm z\u00e1vodu, kter\u00fd se z\u00e1rove\u0148 jel jako prvn\u00ed ro\u010dn\u00edk memori\u00e1lu Cyrila Schejbala v pra\u017esk\u00e9m Motole. Za Vone\u0161em skon\u010dil jeho t\u00fdmov\u00fd kolega Milan Kadlec, kter\u00fd od ledna bude jezdit v barv\u00e1ch Development Team DSM, bronz bral Adam K\u0159enek z TJ Favorit Brno. Spolu se \u0160ev\u010d\u00edkovou vystoupily na stupn\u011b v\u00edt\u011bzek Veronika Barton\u00edkov\u00e1 (Dukla Brno) a Kate\u0159ina Kohoutkov\u00e1 z Dukly Praha.<\/p>\n\n\n\n<p>Z\u00e1vodu junior\u016f v&nbsp;podniku Maxboke mistrovstv\u00ed planety kralovali brat\u0159i Kobrov\u00e9 z celku Roman Kreuziger Cycling Academy, zlato z\u00edskal Robert a st\u0159\u00edbro Ruchard, bronzov\u00fd skon\u010dil Ond\u0159ej \u0160ilhav\u00fd (Rexonix KOVO Praha).&nbsp;&nbsp;&nbsp;&nbsp;&nbsp;&nbsp;&nbsp;&nbsp;&nbsp;&nbsp;&nbsp;<\/p>\n\n\n\n<p>V\u00fdsledky:<\/p>\n\n\n\n<p>Mistrovstv\u00ed \u010cR &#8211; vylu\u010dovac\u00ed z\u00e1vod:<\/p>\n\n\n\n<p>Mu\u017ei:<\/p>\n\n\n\n<p>1. Vone\u0161, 2. Kadlec (oba Dukla Praha), 3. K\u0159enek (TJ Favorit Brno), 4. \u0160tec, 5. M. Kobl\u00ed\u017eek (oba TUFO Pardus Prost\u011bjov), 6. V\u00e1vra (Dukla Praha).<\/p>\n\n\n\n<p>\u017deny:<\/p>\n\n\n\n<p>1. \u0160ev\u010d\u00edkov\u00e1 (Dukla Praha), 2. Barton\u00edkov\u00e1 (Dukla Brno), 3. Kohoutkov\u00e1, 4. Burlov\u00e1 (ob\u011b Dukla Praha), 5. A. Jaborn\u00edkov\u00e1 (Dukla Brno), 6. N\u011bmcov\u00e1 (Dukla Praha).<\/p>\n\n\n\n<p>Junio\u0159i:<\/p>\n\n\n\n<p>1. Rob. Kobr, 2. Rich. Kobr (oba Roman Kreuziger Cycling Academy), 3. \u0160ilhav\u00fd (Rexonix KOVO Praha), 4. Hlad\u00edk (Roman Kreuziger Cycling Academy), 5. Poda\u0159il (Mapei Merida Ka\u0148kovsk\u00fd), 6. Bittman (Rexonix KOVO Praha).<\/p>\n\n\n\n<p>\u017d\u00e1ci:<\/p>\n\n\n\n<p>1. Kilian (MS Bike Academy Racing), 2, Hasal (Dukla PRaha), 3. Pr\u00fdca (MS Bike Academy Racing).<\/p>\n\n\n\n<p>Kadeti:<\/p>\n\n\n\n<p>1. Richter (TJ Favorit Brno), 2. Pit\u00e1k, 3. Rauschert (oba Mapei Merida Ka\u0148kovsk\u00fd).<\/p>\n\n\n\n<p>\u017d\u00e1kyn\u011b a mlad\u0161\u00ed \u017e\u00e1ci:<\/p>\n\n\n\n<p>1. \u010ctrn\u00e1ct\u00fd (Dukla Praha), 2. Markusek (Rexonix KOVO Praha), 3. Kn\u00ed\u017ee (SK Pet\u0159\u00edn Plze\u0148), 4. A. Jadrn\u00e1 (Sportcomplex B\u0159eclav).<\/p>\n\n\n\n<p>\u017d\u00e1kyn\u011b a kadetky:<\/p>\n\n\n\n<p>1.E. Lazarov\u00e1 (TJ Favorit Brno), 2. Strakat\u00e1 (Dukla Praha), 3. Hermanov\u00e1 (Sportcomplex B\u0159eclav).<\/p>\n\n\n\n<p>FOTO Jan Brychta<\/p>\n\n\n\n<figure class=\"wp-block-image size-large\"><img loading=\"lazy\" decoding=\"async\" width=\"1024\" height=\"681\" src=\"http:\/\/www.czechcyclingfederation.com\/wp-content\/uploads\/2022\/12\/BrychtaJan_Mistrovstvi_Planety_20221210_201048_DSC_0813-1024x681.jpg\" alt=\"\" class=\"wp-image-14636\" srcset=\"https:\/\/www.czechcyclingfederation.com\/wp-content\/uploads\/2022\/12\/BrychtaJan_Mistrovstvi_Planety_20221210_201048_DSC_0813-1024x681.jpg 1024w, https:\/\/www.czechcyclingfederation.com\/wp-content\/uploads\/2022\/12\/BrychtaJan_Mistrovstvi_Planety_20221210_201048_DSC_0813-300x200.jpg 300w, https:\/\/www.czechcyclingfederation.com\/wp-content\/uploads\/2022\/12\/BrychtaJan_Mistrovstvi_Planety_20221210_201048_DSC_0813-768x511.jpg 768w, https:\/\/www.czechcyclingfederation.com\/wp-content\/uploads\/2022\/12\/BrychtaJan_Mistrovstvi_Planety_20221210_201048_DSC_0813-1536x1022.jpg 1536w, https:\/\/www.czechcyclingfederation.com\/wp-content\/uploads\/2022\/12\/BrychtaJan_Mistrovstvi_Planety_20221210_201048_DSC_0813-2048x1363.jpg 2048w, https:\/\/www.czechcyclingfederation.com\/wp-content\/uploads\/2022\/12\/BrychtaJan_Mistrovstvi_Planety_20221210_201048_DSC_0813-1320x878.jpg 1320w\" sizes=\"auto, (max-width: 1024px) 100vw, 1024px\" \/><\/figure>\n\n\n\n<figure class=\"wp-block-image size-large\"><img loading=\"lazy\" decoding=\"async\" width=\"1024\" height=\"681\" src=\"https:\/\/www.czechcyclingfederation.com\/wp-content\/uploads\/2022\/12\/BrychtaJan_Mistrovstvi_Planety_20221210_181758_DSC_0401-1024x681.jpg\" alt=\"\" class=\"wp-image-14638\" srcset=\"https:\/\/www.czechcyclingfederation.com\/wp-content\/uploads\/2022\/12\/BrychtaJan_Mistrovstvi_Planety_20221210_181758_DSC_0401-1024x681.jpg 1024w, https:\/\/www.czechcyclingfederation.com\/wp-content\/uploads\/2022\/12\/BrychtaJan_Mistrovstvi_Planety_20221210_181758_DSC_0401-300x200.jpg 300w, https:\/\/www.czechcyclingfederation.com\/wp-content\/uploads\/2022\/12\/BrychtaJan_Mistrovstvi_Planety_20221210_181758_DSC_0401-768x511.jpg 768w, https:\/\/www.czechcyclingfederation.com\/wp-content\/uploads\/2022\/12\/BrychtaJan_Mistrovstvi_Planety_20221210_181758_DSC_0401-1536x1022.jpg 1536w, https:\/\/www.czechcyclingfederation.com\/wp-content\/uploads\/2022\/12\/BrychtaJan_Mistrovstvi_Planety_20221210_181758_DSC_0401-2048x1363.jpg 2048w, https:\/\/www.czechcyclingfederation.com\/wp-content\/uploads\/2022\/12\/BrychtaJan_Mistrovstvi_Planety_20221210_181758_DSC_0401-1320x878.jpg 1320w\" sizes=\"auto, (max-width: 1024px) 100vw, 1024px\" \/><\/figure>\n\n\n\n<figure class=\"wp-block-image size-large\"><img loading=\"lazy\" decoding=\"async\" width=\"1024\" height=\"684\" src=\"https:\/\/www.czechcyclingfederation.com\/wp-content\/uploads\/2022\/12\/BrychtaJan_Mistrovstvi_Planety_20221210_202642_DSC_9849-1024x684.jpg\" alt=\"\" class=\"wp-image-14639\" srcset=\"https:\/\/www.czechcyclingfederation.com\/wp-content\/uploads\/2022\/12\/BrychtaJan_Mistrovstvi_Planety_20221210_202642_DSC_9849-1024x684.jpg 1024w, https:\/\/www.czechcyclingfederation.com\/wp-content\/uploads\/2022\/12\/BrychtaJan_Mistrovstvi_Planety_20221210_202642_DSC_9849-300x200.jpg 300w, https:\/\/www.czechcyclingfederation.com\/wp-content\/uploads\/2022\/12\/BrychtaJan_Mistrovstvi_Planety_20221210_202642_DSC_9849-768x513.jpg 768w, https:\/\/www.czechcyclingfederation.com\/wp-content\/uploads\/2022\/12\/BrychtaJan_Mistrovstvi_Planety_20221210_202642_DSC_9849-1536x1025.jpg 1536w, https:\/\/www.czechcyclingfederation.com\/wp-content\/uploads\/2022\/12\/BrychtaJan_Mistrovstvi_Planety_20221210_202642_DSC_9849-2048x1367.jpg 2048w, https:\/\/www.czechcyclingfederation.com\/wp-content\/uploads\/2022\/12\/BrychtaJan_Mistrovstvi_Planety_20221210_202642_DSC_9849-1320x881.jpg 1320w\" sizes=\"auto, (max-width: 1024px) 100vw, 1024px\" \/><\/figure>\n","protected":false},"excerpt":{"rendered":"<p>Dvojice dr\u00e1ha\u0159\u016f Dukly Praha Petra \u0160ev\u010d\u00edkov\u00e1 a Jan Vone\u0161 vybojovala zlat\u00e9 medaile ve vylu\u010dovac\u00edm z\u00e1vodu, kter\u00fd se z\u00e1rove\u0148 jel jako prvn\u00ed ro\u010dn\u00edk memori\u00e1lu Cyrila Schejbala v pra\u017esk\u00e9m Motole. Za Vone\u0161em skon\u010dil jeho t\u00fdmov\u00fd kolega Milan Kadlec, kter\u00fd od ledna bude jezdit v barv\u00e1ch Development Team DSM, bronz bral Adam K\u0159enek z TJ Favorit Brno. Spolu [&hellip;]<\/p>\n","protected":false},"author":8,"featured_media":14637,"comment_status":"closed","ping_status":"open","sticky":false,"template":"","format":"standard","meta":{"footnotes":""},"categories":[54,2],"tags":[9],"class_list":["post-14635","post","type-post","status-publish","format-standard","has-post-thumbnail","hentry","category-draha","category-novinky","tag-draha"],"_links":{"self":[{"href":"https:\/\/www.czechcyclingfederation.com\/en\/wp-json\/wp\/v2\/posts\/14635","targetHints":{"allow":["GET"]}}],"collection":[{"href":"https:\/\/www.czechcyclingfederation.com\/en\/wp-json\/wp\/v2\/posts"}],"about":[{"href":"https:\/\/www.czechcyclingfederation.com\/en\/wp-json\/wp\/v2\/types\/post"}],"author":[{"embeddable":true,"href":"https:\/\/www.czechcyclingfederation.com\/en\/wp-json\/wp\/v2\/users\/8"}],"replies":[{"embeddable":true,"href":"https:\/\/www.czechcyclingfederation.com\/en\/wp-json\/wp\/v2\/comments?post=14635"}],"version-history":[{"count":1,"href":"https:\/\/www.czechcyclingfederation.com\/en\/wp-json\/wp\/v2\/posts\/14635\/revisions"}],"predecessor-version":[{"id":14640,"href":"https:\/\/www.czechcyclingfederation.com\/en\/wp-json\/wp\/v2\/posts\/14635\/revisions\/14640"}],"wp:featuredmedia":[{"embeddable":true,"href":"https:\/\/www.czechcyclingfederation.com\/en\/wp-json\/wp\/v2\/media\/14637"}],"wp:attachment":[{"href":"https:\/\/www.czechcyclingfederation.com\/en\/wp-json\/wp\/v2\/media?parent=14635"}],"wp:term":[{"taxonomy":"category","embeddable":true,"href":"https:\/\/www.czechcyclingfederation.com\/en\/wp-json\/wp\/v2\/categories?post=14635"},{"taxonomy":"post_tag","embeddable":true,"href":"https:\/\/www.czechcyclingfederation.com\/en\/wp-json\/wp\/v2\/tags?post=14635"}],"curies":[{"name":"wp","href":"https:\/\/api.w.org\/{rel}","templated":true}]}}