{"id":14574,"date":"2022-12-07T11:56:38","date_gmt":"2022-12-07T10:56:38","guid":{"rendered":"https:\/\/www.czechcyclingfederation.com\/?p=14574"},"modified":"2022-12-07T11:56:40","modified_gmt":"2022-12-07T10:56:40","slug":"umrti-karla-brandnera","status":"publish","type":"post","link":"https:\/\/www.czechcyclingfederation.com\/en\/umrti-karla-brandnera\/","title":{"rendered":"\u00damrt\u00ed Karla  Brandnera"},"content":{"rendered":"\n<p>6. prosince 2022 zem\u0159el Mgr. Karel Brandner, dlouholet\u00fd reprezentant \u010cSSR, n\u011bkolikan\u00e1sobn\u00fd Mistr \u010cSSR, dlouholet\u00fd funkcion\u00e1\u0159 \u010cesk\u00e9ho svazu cyklistiky a plze\u0148sk\u00e9ho odd\u00edlu TJ Dynamo Z\u010cE Plze\u0148, pozd\u011bji SK Pet\u0159\u00edn. Po skon\u010den\u00ed aktivn\u00ed kari\u00e9ry byl n\u00e1rodn\u00edm rozhod\u010d\u00edm \u010cesk\u00e9ho svazu cyklistiky. Poh\u0159eb prob\u011bhne v rodinn\u00e9m kruhu.<\/p>\n","protected":false},"excerpt":{"rendered":"<p>6. prosince 2022 zem\u0159el Mgr. Karel Brandner, dlouholet\u00fd reprezentant \u010cSSR, n\u011bkolikan\u00e1sobn\u00fd Mistr \u010cSSR, dlouholet\u00fd funkcion\u00e1\u0159 \u010cesk\u00e9ho svazu cyklistiky a plze\u0148sk\u00e9ho odd\u00edlu TJ Dynamo Z\u010cE Plze\u0148, pozd\u011bji SK Pet\u0159\u00edn. Po skon\u010den\u00ed aktivn\u00ed kari\u00e9ry byl n\u00e1rodn\u00edm rozhod\u010d\u00edm \u010cesk\u00e9ho svazu cyklistiky. Poh\u0159eb prob\u011bhne v rodinn\u00e9m kruhu.<\/p>\n","protected":false},"author":1,"featured_media":14575,"comment_status":"closed","ping_status":"open","sticky":false,"template":"","format":"standard","meta":{"footnotes":""},"categories":[28,2],"tags":[],"class_list":["post-14574","post","type-post","status-publish","format-standard","has-post-thumbnail","hentry","category-cesky-svaz-cyklistiky","category-novinky"],"_links":{"self":[{"href":"https:\/\/www.czechcyclingfederation.com\/en\/wp-json\/wp\/v2\/posts\/14574","targetHints":{"allow":["GET"]}}],"collection":[{"href":"https:\/\/www.czechcyclingfederation.com\/en\/wp-json\/wp\/v2\/posts"}],"about":[{"href":"https:\/\/www.czechcyclingfederation.com\/en\/wp-json\/wp\/v2\/types\/post"}],"author":[{"embeddable":true,"href":"https:\/\/www.czechcyclingfederation.com\/en\/wp-json\/wp\/v2\/users\/1"}],"replies":[{"embeddable":true,"href":"https:\/\/www.czechcyclingfederation.com\/en\/wp-json\/wp\/v2\/comments?post=14574"}],"version-history":[{"count":1,"href":"https:\/\/www.czechcyclingfederation.com\/en\/wp-json\/wp\/v2\/posts\/14574\/revisions"}],"predecessor-version":[{"id":14576,"href":"https:\/\/www.czechcyclingfederation.com\/en\/wp-json\/wp\/v2\/posts\/14574\/revisions\/14576"}],"wp:featuredmedia":[{"embeddable":true,"href":"https:\/\/www.czechcyclingfederation.com\/en\/wp-json\/wp\/v2\/media\/14575"}],"wp:attachment":[{"href":"https:\/\/www.czechcyclingfederation.com\/en\/wp-json\/wp\/v2\/media?parent=14574"}],"wp:term":[{"taxonomy":"category","embeddable":true,"href":"https:\/\/www.czechcyclingfederation.com\/en\/wp-json\/wp\/v2\/categories?post=14574"},{"taxonomy":"post_tag","embeddable":true,"href":"https:\/\/www.czechcyclingfederation.com\/en\/wp-json\/wp\/v2\/tags?post=14574"}],"curies":[{"name":"wp","href":"https:\/\/api.w.org\/{rel}","templated":true}]}}