{"id":14477,"date":"2022-11-23T07:00:00","date_gmt":"2022-11-23T06:00:00","guid":{"rendered":"https:\/\/www.czechcyclingfederation.com\/?p=14477"},"modified":"2022-11-23T09:09:18","modified_gmt":"2022-11-23T08:09:18","slug":"sabina-kosarkova-pristi-rok-chci-zkusit-tri-mistrovstvi-sveta","status":"publish","type":"post","link":"https:\/\/www.czechcyclingfederation.com\/en\/sabina-kosarkova-pristi-rok-chci-zkusit-tri-mistrovstvi-sveta\/","title":{"rendered":"Sabina Ko\u0161\u00e1rkov\u00e1: P\u0159\u00ed\u0161t\u00ed rok chci zkusit t\u0159i mistrovstv\u00ed sv\u011bta"},"content":{"rendered":"\n<p>V&nbsp;sobotu se je\u0161t\u011b ve sv\u00fdch \u0161estn\u00e1cti letech stala <strong>Sabina Ko\u0161\u00e1rkov\u00e1 <\/strong>v&nbsp;Santiago de Chile vicemistryn\u00ed sv\u011bta v&nbsp;mlad\u00e9 discipl\u00edn\u011b pumptrack, kter\u00e9 se v\u011bnuje teprve prvn\u00edm rokem! O den pozd\u011bji vstoupila mezi sedmn\u00e1ctilet\u00e9, v&nbsp;pond\u011bl\u00ed odpoledne u\u017e byla doma ve Stud\u00e9nce a mohla se kochat s&nbsp;nejcenn\u011bj\u0161\u00ed medail\u00ed kari\u00e9ry.<\/p>\n\n\n\n<p>V\u011bkem je je\u0161t\u011b juniorka, v&nbsp;pumptracku v\u0161ak jely v\u0161echny \u017eeny pohromad\u011b, tak\u017ee jej\u00ed \u00fasp\u011bch je o to cenn\u011bj\u0161\u00ed. St\u0159\u00edbro vybojovala v&nbsp;konkurenci 30 nejlep\u0161\u00edch \u017een z&nbsp;cel\u00e9ho sv\u011bta, kter\u00e9 si \u00fa\u010dast na MS vyjely v&nbsp;kvalifikaci. Na startu byla jedinou \u010deskou reprezentantkou, mezi mu\u017ei se nekvalifikoval nikdo.<\/p>\n\n\n\n<p><strong>Jak velkou radost v\u00e1m medaile ud\u011blala?<\/strong><\/p>\n\n\n\n<p>Obrovskou. Da\u0159ilo se mi od za\u010d\u00e1tku. Vyhr\u00e1la jsem kvalifikaci, tak\u017ee jsem na sobotu dostala \u010d\u00edslo 1. Zv\u00edt\u011bzila jsem i v osmifin\u00e1le, kde jsem zajela nejlep\u0161\u00ed \u010das cel\u00e9ho v\u00edkendu. Po\u0159\u00e1d jsem postupovala a pro\u0161la a\u017e do fin\u00e1le, kam se kvalifikovaly dv\u011b nejlep\u0161\u00ed. Dal\u0161\u00ed dv\u011b holky jely mal\u00e9 fin\u00e1le o bronz. A v&nbsp;tom fin\u00e1le jsem o kous\u00ed\u010dek prohr\u00e1la se \u0160v\u00fdcarkou, byly to jen setiny.<\/p>\n\n\n\n<p><strong>Co se v\u00e1m v&nbsp;prvn\u00ed chv\u00edli honilo hlavou?<\/strong><\/p>\n\n\n\n<p>Mo\u017en\u00e1 tak p\u011bt vte\u0159in jsem byla trochu zklaman\u00e1, ale to hned odezn\u011blo. Uv\u011bdomila jsem si, \u017ee m\u00e1m jako prvn\u00ed \u010ce\u0161ka medaili z&nbsp;mistrovstv\u00ed sv\u011bta v&nbsp;pumptracku. A dostala jsem skv\u011bl\u00fd d\u00e1rek k&nbsp;narozk\u00e1m. Ale ke zlatu chyb\u011bl kousek, to je pravda. Cht\u011bli jsme to oba vyhr\u00e1t s&nbsp;m\u00fdm kolegou z&nbsp;t\u00fdmu Sunn, Francouzem Clertem. On u\u017e z\u00edskal titul vloni. Ale v&nbsp;semifin\u00e1le spadl, zranil se a u\u017e ne\u0161el ani do mal\u00e9ho fin\u00e1le. M\u011bl aspo\u0148 radost z&nbsp;m\u00e9ho st\u0159\u00edbra.<\/p>\n\n\n\n<figure class=\"wp-block-image size-large is-resized\"><img loading=\"lazy\" decoding=\"async\" src=\"https:\/\/www.czechcyclingfederation.com\/wp-content\/uploads\/2022\/11\/sabina-dalsi-1024x1024.jpg\" alt=\"\" class=\"wp-image-14481\" width=\"839\" height=\"839\" srcset=\"https:\/\/www.czechcyclingfederation.com\/wp-content\/uploads\/2022\/11\/sabina-dalsi-1024x1024.jpg 1024w, https:\/\/www.czechcyclingfederation.com\/wp-content\/uploads\/2022\/11\/sabina-dalsi-200x200.jpg 200w, https:\/\/www.czechcyclingfederation.com\/wp-content\/uploads\/2022\/11\/sabina-dalsi-150x150.jpg 150w, https:\/\/www.czechcyclingfederation.com\/wp-content\/uploads\/2022\/11\/sabina-dalsi-768x769.jpg 768w, https:\/\/www.czechcyclingfederation.com\/wp-content\/uploads\/2022\/11\/sabina-dalsi.jpg 1170w\" sizes=\"auto, (max-width: 839px) 100vw, 839px\" \/><\/figure>\n\n\n\n<p><strong>Jak jste se v\u016fbec do francouzsk\u00e9ho t\u00fdmu v&nbsp;\u0161estn\u00e1cti letech dostala?<\/strong><\/p>\n\n\n\n<p>Vloni jsem na bikrosov\u00fdch z\u00e1vodech porazila holku, co byla \u0161est\u00e1 na olympi\u00e1d\u011b. Oni si m\u011b tam v\u0161imli, dali mi nab\u00eddku a letos u\u017e jezd\u00edm za n\u011b.<\/p>\n\n\n\n<p><strong>BMX je va\u0161\u00ed prioritou?<\/strong><\/p>\n\n\n\n<p>Ur\u010dit\u011b, pumptrack je jen takov\u00fd bonus. Ani m\u011b moc nebav\u00ed na n\u011bj tr\u00e9novat, proto\u017ee \u010dlov\u011bk mus\u00ed po\u0159\u00e1d pumpovat a nen\u00ed tam chvilka na oddych. Letos jsem jela jen t\u0159i z\u00e1vody. Krom\u011b toho je\u0161t\u011b jezd\u00edm dowhnill za slovensk\u00fd Kellys Factory Team. Sjezd m\u011b hodn\u011b bav\u00ed, je to takov\u00e1 relaxace. Letos jsem startovala na mistrovstv\u00ed Evropy, kde jsem si p\u0159i p\u00e1du zlomila mal\u00ed\u010dek, ale dok\u00e1zala jsem vst\u00e1t, hecla jsem se, dala p\u00e1r p\u011bkn\u00fdch skok\u016f v&nbsp;m\u00edstech, kde ostatn\u00ed tolik neriskovaly, a bylo z&nbsp;toho osm\u00e9 m\u00edsto.<\/p>\n\n\n\n<figure class=\"wp-block-image size-large\"><img loading=\"lazy\" decoding=\"async\" width=\"1024\" height=\"683\" src=\"https:\/\/www.czechcyclingfederation.com\/wp-content\/uploads\/2022\/11\/sabina6-1024x683.jpg\" alt=\"\" class=\"wp-image-14482\" srcset=\"https:\/\/www.czechcyclingfederation.com\/wp-content\/uploads\/2022\/11\/sabina6-1024x683.jpg 1024w, https:\/\/www.czechcyclingfederation.com\/wp-content\/uploads\/2022\/11\/sabina6-300x200.jpg 300w, https:\/\/www.czechcyclingfederation.com\/wp-content\/uploads\/2022\/11\/sabina6-768x512.jpg 768w, https:\/\/www.czechcyclingfederation.com\/wp-content\/uploads\/2022\/11\/sabina6-1536x1025.jpg 1536w, https:\/\/www.czechcyclingfederation.com\/wp-content\/uploads\/2022\/11\/sabina6-2048x1366.jpg 2048w, https:\/\/www.czechcyclingfederation.com\/wp-content\/uploads\/2022\/11\/sabina6-1320x880.jpg 1320w\" sizes=\"auto, (max-width: 1024px) 100vw, 1024px\" \/><\/figure>\n\n\n\n<p><strong>Jak\u00e9 m\u00e1te pl\u00e1ny do budoucna?<\/strong><\/p>\n\n\n\n<p>Hlavn\u011b ty v&nbsp;BMX. Bikros jezd\u00edm u\u017e \u0161est\u00fdm rokem. Letos jsem byla prvn\u00edm rokem juniorka a skon\u010dila jsem t\u0159et\u00ed na mistrovstv\u00ed sv\u011bta. P\u0159\u00ed\u0161t\u00ed rok je\u0161t\u011b m\u016f\u017eu startovat v&nbsp;juniorsk\u00e9 kategorii. R\u00e1da bych jela v\u0161echny sv\u011b\u0165\u00e1ky a v\u011bt\u0161inu Evropsk\u00e9ho poh\u00e1ru. Cht\u011bla bych zkusit i n\u011bjak\u00fd Sv\u011btov\u00fd poh\u00e1r ve sjezdu a pojedu dv\u011b kvalifikace v&nbsp;pumptracku, abych se dostala na \u0161ampion\u00e1t. Hodn\u011b m\u011b l\u00e1kaj\u00ed t\u0159i mistrovstv\u00ed sv\u011bta ve t\u0159ech discipl\u00edn\u00e1ch. Bude to t\u011b\u017ek\u00e9, ale chci to zkusit.<\/p>\n\n\n\n<figure class=\"wp-block-image size-large\"><img loading=\"lazy\" decoding=\"async\" width=\"768\" height=\"1024\" src=\"https:\/\/www.czechcyclingfederation.com\/wp-content\/uploads\/2022\/11\/sabina3-768x1024.jpg\" alt=\"\" class=\"wp-image-14485\" srcset=\"https:\/\/www.czechcyclingfederation.com\/wp-content\/uploads\/2022\/11\/sabina3-768x1024.jpg 768w, https:\/\/www.czechcyclingfederation.com\/wp-content\/uploads\/2022\/11\/sabina3-150x200.jpg 150w, https:\/\/www.czechcyclingfederation.com\/wp-content\/uploads\/2022\/11\/sabina3-1152x1536.jpg 1152w, https:\/\/www.czechcyclingfederation.com\/wp-content\/uploads\/2022\/11\/sabina3-1536x2048.jpg 1536w, https:\/\/www.czechcyclingfederation.com\/wp-content\/uploads\/2022\/11\/sabina3-1320x1760.jpg 1320w, https:\/\/www.czechcyclingfederation.com\/wp-content\/uploads\/2022\/11\/sabina3-scaled.jpg 1920w\" sizes=\"auto, (max-width: 768px) 100vw, 768px\" \/><\/figure>\n\n\n\n<p><strong>\u010c\u00edm se spolehliv\u011b odreagujete od kola?<\/strong><\/p>\n\n\n\n<p>Moc toho nest\u00edh\u00e1m, proto\u017ee je\u0161t\u011b studuji na st\u0159edn\u00ed \u0161kole v&nbsp;Ostrav\u011b ekonomii v&nbsp;podnik\u00e1n\u00ed se zam\u011b\u0159en\u00edm na sportovn\u00ed management. Ale kdy\u017e m\u00e1m chvilku, r\u00e1da si zahraju na klav\u00edr. Skl\u00e1d\u00e1m i svoje p\u00edsni\u010dky. Ale sp\u00ed\u0161 jen pro sebe, jen jednu jsem pustila ven n\u011bkdy v&nbsp;dev\u00e1t\u00e9 t\u0159\u00edd\u011b.<\/p>\n","protected":false},"excerpt":{"rendered":"<p>V&nbsp;sobotu se je\u0161t\u011b ve sv\u00fdch \u0161estn\u00e1cti letech stala Sabina Ko\u0161\u00e1rkov\u00e1 v&nbsp;Santiago de Chile vicemistryn\u00ed sv\u011bta v&nbsp;mlad\u00e9 discipl\u00edn\u011b pumptrack, kter\u00e9 se v\u011bnuje teprve prvn\u00edm rokem! O den pozd\u011bji vstoupila mezi sedmn\u00e1ctilet\u00e9, v&nbsp;pond\u011bl\u00ed odpoledne u\u017e byla doma ve Stud\u00e9nce a mohla se kochat s&nbsp;nejcenn\u011bj\u0161\u00ed medail\u00ed kari\u00e9ry. V\u011bkem je je\u0161t\u011b juniorka, v&nbsp;pumptracku v\u0161ak jely v\u0161echny \u017eeny pohromad\u011b, tak\u017ee [&hellip;]<\/p>\n","protected":false},"author":15,"featured_media":14484,"comment_status":"closed","ping_status":"open","sticky":false,"template":"","format":"standard","meta":{"footnotes":""},"categories":[57,201,17,2],"tags":[55,206],"class_list":["post-14477","post","type-post","status-publish","format-standard","has-post-thumbnail","hentry","category-bmx","category-cyklistika-pro-vsechny","category-discipliny","category-novinky","tag-bmx","tag-pumptrack"],"_links":{"self":[{"href":"https:\/\/www.czechcyclingfederation.com\/en\/wp-json\/wp\/v2\/posts\/14477","targetHints":{"allow":["GET"]}}],"collection":[{"href":"https:\/\/www.czechcyclingfederation.com\/en\/wp-json\/wp\/v2\/posts"}],"about":[{"href":"https:\/\/www.czechcyclingfederation.com\/en\/wp-json\/wp\/v2\/types\/post"}],"author":[{"embeddable":true,"href":"https:\/\/www.czechcyclingfederation.com\/en\/wp-json\/wp\/v2\/users\/15"}],"replies":[{"embeddable":true,"href":"https:\/\/www.czechcyclingfederation.com\/en\/wp-json\/wp\/v2\/comments?post=14477"}],"version-history":[{"count":5,"href":"https:\/\/www.czechcyclingfederation.com\/en\/wp-json\/wp\/v2\/posts\/14477\/revisions"}],"predecessor-version":[{"id":14490,"href":"https:\/\/www.czechcyclingfederation.com\/en\/wp-json\/wp\/v2\/posts\/14477\/revisions\/14490"}],"wp:featuredmedia":[{"embeddable":true,"href":"https:\/\/www.czechcyclingfederation.com\/en\/wp-json\/wp\/v2\/media\/14484"}],"wp:attachment":[{"href":"https:\/\/www.czechcyclingfederation.com\/en\/wp-json\/wp\/v2\/media?parent=14477"}],"wp:term":[{"taxonomy":"category","embeddable":true,"href":"https:\/\/www.czechcyclingfederation.com\/en\/wp-json\/wp\/v2\/categories?post=14477"},{"taxonomy":"post_tag","embeddable":true,"href":"https:\/\/www.czechcyclingfederation.com\/en\/wp-json\/wp\/v2\/tags?post=14477"}],"curies":[{"name":"wp","href":"https:\/\/api.w.org\/{rel}","templated":true}]}}