{"id":14427,"date":"2022-11-15T07:04:19","date_gmt":"2022-11-15T06:04:19","guid":{"rendered":"https:\/\/www.czechcyclingfederation.com\/?p=14427"},"modified":"2022-11-15T10:58:48","modified_gmt":"2022-11-15T09:58:48","slug":"daniel-turek-se-kvalifikoval-na-ms-ve-virtualni-cyklistice","status":"publish","type":"post","link":"https:\/\/www.czechcyclingfederation.com\/en\/daniel-turek-se-kvalifikoval-na-ms-ve-virtualni-cyklistice\/","title":{"rendered":"Daniel Turek se kvalifikoval na MS ve virtu\u00e1ln\u00ed cyklistice"},"content":{"rendered":"\n<p><strong>Daniel Turek <\/strong>se jako jedin\u00fd \u010desk\u00fd z\u00e1stupce kvalifikoval na mistrovstv\u00ed sv\u011bta ve virtu\u00e1ln\u00ed cyklistice na platform\u011b GoZwift, kter\u00e9 prob\u011bhne 26. \u00fanora p\u0159\u00ed\u0161t\u00edho roku pod hlavi\u010dkou Mezin\u00e1rodn\u00ed cyklistick\u00e9 unie (UCI). \u00da\u010dast vybojoval v\u00a0z\u00e1v\u011bre\u010dn\u00e9m t\u0159et\u00edm d\u00edle, kde se kvalifikace dala vyjet.<\/p>\n\n\n\n<p>Z&nbsp;t\u011bchto t\u0159\u00ed z\u00e1vod\u016f se z&nbsp;cel\u00e9ho sv\u011bta kvalifikovalo na MS 25 nejlep\u0161\u00edch (Evropa m\u011bla spolu s&nbsp;Afrikou dohromady 14 m\u00edst, dal\u0161\u00edch 6 Amerika a 5 Asie s&nbsp;Oce\u00e1ni\u00ed), zb\u00fdvaj\u00edc\u00edch 75 m\u00edst do po\u010dtu stovky startuj\u00edc\u00edch na MS dostanou n\u00e1rodn\u00ed federace podle aktu\u00e1ln\u00edho silni\u010dn\u00edho rankingu. Na \u010cesko v\u0161ak \u017e\u00e1dn\u00e9 dal\u0161\u00ed m\u00edsto nezbude.<\/p>\n\n\n\n<p><em>\u201eZ prvn\u00edho z\u00e1vodu postoupil p\u0159\u00edmo jen v\u00edt\u011bz a dal\u0161\u00edch 51 lid\u00ed ze 110 startuj\u00edc\u00edch se kvalifikovalo do dal\u0161\u00edho d\u00edlu. T\u00edm byl z\u00e1v\u011br okruhu, kde se jelo mistrovstv\u00ed sv\u011bta v\u00a0Innsbrucku. Akor\u00e1t m\u00edsto sjezdu se to jelo opa\u010dn\u011b, tak\u017ee \u0161lo o 13ti minutov\u00fd kopec. Rozhodlo se na posledn\u00edm kilometru. Ve vedouc\u00ed skupin\u011b z\u016fstalo 26 lid\u00ed a sta\u010dilo dojet v\u00a0bal\u00edku. Bylo jasn\u00e9, \u017ee v\u0161ichni postupuj\u00ed. V\u00edt\u011bz p\u0159\u00edmo na \u0161ampion\u00e1t a dal\u0161\u00edch 25 lid\u00ed do fin\u00e1lov\u00e9ho z\u00e1vodu,\u201c<\/em> popsal Turek.<\/p>\n\n\n\n<figure class=\"wp-block-image size-large\"><img loading=\"lazy\" decoding=\"async\" width=\"1024\" height=\"682\" src=\"https:\/\/www.czechcyclingfederation.com\/wp-content\/uploads\/2022\/11\/turek-1-1024x682.jpg\" alt=\"\" class=\"wp-image-14430\" srcset=\"https:\/\/www.czechcyclingfederation.com\/wp-content\/uploads\/2022\/11\/turek-1-1024x682.jpg 1024w, https:\/\/www.czechcyclingfederation.com\/wp-content\/uploads\/2022\/11\/turek-1-300x200.jpg 300w, https:\/\/www.czechcyclingfederation.com\/wp-content\/uploads\/2022\/11\/turek-1-768x511.jpg 768w, https:\/\/www.czechcyclingfederation.com\/wp-content\/uploads\/2022\/11\/turek-1-1536x1022.jpg 1536w, https:\/\/www.czechcyclingfederation.com\/wp-content\/uploads\/2022\/11\/turek-1-2048x1363.jpg 2048w, https:\/\/www.czechcyclingfederation.com\/wp-content\/uploads\/2022\/11\/turek-1-1320x879.jpg 1320w\" sizes=\"auto, (max-width: 1024px) 100vw, 1024px\" \/><\/figure>\n\n\n\n<p><em>\u201eZ\u00e1v\u011bre\u010dn\u00fd z\u00e1vod byl nejzaj\u00edmav\u011bj\u0161\u00ed. Byla to italsk\u00e1 vylu\u010dova\u010dka na 13 okruh\u016f, a krom\u011b toho \u00favodn\u00edho se v&nbsp;ka\u017ed\u00e9m zhruba v&nbsp;jeho polovin\u011b spurtovalo na p\u00e1sce. V\u00edt\u011bz ka\u017ed\u00e9ho z&nbsp;dvan\u00e1cti sprint\u016f si zajistil \u00fa\u010dast na mistrovstv\u00ed sv\u011bta. Mn\u011b se poda\u0159ilo hned ve druh\u00e9m spurtu v\u00fdborn\u011b na\u010dasovat n\u00e1stup a udr\u017eet to. T\u00edm jsem se kvalifikoval,\u201c<\/em> uvedl \u010desk\u00fd cyklista, jen\u017e se po dvoulet\u00e9m rakousk\u00e9m anga\u017em\u00e1 v&nbsp;t\u00fdmu Felbermayr-Simplon Wels stal nyn\u00ed posilou \u010desk\u00e9 st\u00e1je ATT Investments.<\/p>\n\n\n\n<p>Fin\u00e1lov\u00fd d\u00edl kvalifikace virtu\u00e1ln\u00edch z\u00e1vod\u016f na trena\u017eerech absolvoval v&nbsp;Krkono\u0161\u00edch, kde byl se sv\u00fdm nov\u00fdm t\u00fdmem na soust\u0159ed\u011bn\u00ed. <em>\u201eNev\u011bd\u011bl jsem, co od sebe m\u016f\u017eu \u010dekat. Byl jsem p\u011bt dn\u00ed bez kola, chodili jsme ka\u017ed\u00fd den jen t\u00fary po hor\u00e1ch. M\u011bl jsem toho docela dost, nav\u00e1\u017eil jsem o dv\u011b kila v\u00edc, co\u017e mi taky zrovna nepomohlo, ale jsem r\u00e1d, \u017ee se mi to poda\u0159ilo. Z\u00e1vody ve virtu\u00e1ln\u00ed cyklistice jsou hlavn\u011b v&nbsp;t\u00e9to dob\u011b p\u0159\u00edjemn\u00fdm zpest\u0159en\u00edm tr\u00e9ninku a m\u011b jako fanou\u0161ka nov\u00fdch technologi\u00ed hodn\u011b chytly,\u201c<\/em> p\u0159iznal Turek, kter\u00fd je mistrem republiky v&nbsp;t\u00e9to nov\u00e9 discipl\u00edn\u011b z&nbsp;roku 2021.<\/p>\n\n\n\n<figure class=\"wp-block-image size-large\"><img loading=\"lazy\" decoding=\"async\" width=\"1024\" height=\"682\" src=\"https:\/\/www.czechcyclingfederation.com\/wp-content\/uploads\/2022\/11\/turek-3-1024x682.jpg\" alt=\"\" class=\"wp-image-14431\" srcset=\"https:\/\/www.czechcyclingfederation.com\/wp-content\/uploads\/2022\/11\/turek-3-1024x682.jpg 1024w, https:\/\/www.czechcyclingfederation.com\/wp-content\/uploads\/2022\/11\/turek-3-300x200.jpg 300w, https:\/\/www.czechcyclingfederation.com\/wp-content\/uploads\/2022\/11\/turek-3-768x511.jpg 768w, https:\/\/www.czechcyclingfederation.com\/wp-content\/uploads\/2022\/11\/turek-3-1536x1022.jpg 1536w, https:\/\/www.czechcyclingfederation.com\/wp-content\/uploads\/2022\/11\/turek-3-2048x1363.jpg 2048w, https:\/\/www.czechcyclingfederation.com\/wp-content\/uploads\/2022\/11\/turek-3-1320x879.jpg 1320w\" sizes=\"auto, (max-width: 1024px) 100vw, 1024px\" \/><\/figure>\n\n\n\n<p>V\u0161echny z\u00e1vody m\u011bly p\u0159\u00edsn\u00e1 pravidla v\u010detn\u011b aktu\u00e1ln\u00edho v\u00e1\u017een\u00ed jezdc\u016f \u010di p\u0159edepsan\u00fdch platforem v\u010detn\u011b dod\u00e1n\u00ed wattov\u00fdch \u00fadaj\u016f atd. <em>\u201eKdo to nesplnil, nebyl pu\u0161t\u011bn na start. V podstat\u011b se t\u00edm vylou\u010d\u00ed mo\u017enost sebemen\u0161\u00edho podv\u00e1d\u011bn\u00ed. A p\u0159i mistrovstv\u00ed sv\u011bta dokonce dostaneme od UCI v\u0161ichni stejn\u00e9 trena\u017eery. Je vid\u011bt, \u017ee Esport berou v\u00e1\u017en\u011b, v\u00edt\u011bz dostane regul\u00e9rn\u00ed duhov\u00fd dres mistra sv\u011bta,\u201c<\/em> dodal \u010desk\u00fd cyklista.<\/p>\n\n\n\n<figure class=\"wp-block-embed is-type-video is-provider-youtube wp-block-embed-youtube wp-embed-aspect-16-9 wp-has-aspect-ratio\"><div class=\"wp-block-embed__wrapper\">\n<iframe loading=\"lazy\" title=\"Fixed stream- All three races to get nominated to World Championhip on E-cycling on Zwift!\" width=\"500\" height=\"281\" src=\"https:\/\/www.youtube.com\/embed\/36Xm1yjutds?feature=oembed\" frameborder=\"0\" allow=\"accelerometer; autoplay; clipboard-write; encrypted-media; gyroscope; picture-in-picture; web-share\" referrerpolicy=\"strict-origin-when-cross-origin\" allowfullscreen><\/iframe>\n<\/div><\/figure>\n\n\n\n<p>Foto: Jan Brychta<\/p>\n","protected":false},"excerpt":{"rendered":"<p>Daniel Turek se jako jedin\u00fd \u010desk\u00fd z\u00e1stupce kvalifikoval na mistrovstv\u00ed sv\u011bta ve virtu\u00e1ln\u00ed cyklistice na platform\u011b GoZwift, kter\u00e9 prob\u011bhne 26. \u00fanora p\u0159\u00ed\u0161t\u00edho roku pod hlavi\u010dkou Mezin\u00e1rodn\u00ed cyklistick\u00e9 unie (UCI). \u00da\u010dast vybojoval v\u00a0z\u00e1v\u011bre\u010dn\u00e9m t\u0159et\u00edm d\u00edle, kde se kvalifikace dala vyjet. Z&nbsp;t\u011bchto t\u0159\u00ed z\u00e1vod\u016f se z&nbsp;cel\u00e9ho sv\u011bta kvalifikovalo na MS 25 nejlep\u0161\u00edch (Evropa m\u011bla spolu s&nbsp;Afrikou dohromady [&hellip;]<\/p>\n","protected":false},"author":15,"featured_media":14428,"comment_status":"closed","ping_status":"open","sticky":false,"template":"","format":"standard","meta":{"footnotes":""},"categories":[201,17,2,18],"tags":[205],"class_list":["post-14427","post","type-post","status-publish","format-standard","has-post-thumbnail","hentry","category-cyklistika-pro-vsechny","category-discipliny","category-novinky","category-silnice","tag-esport"],"_links":{"self":[{"href":"https:\/\/www.czechcyclingfederation.com\/en\/wp-json\/wp\/v2\/posts\/14427","targetHints":{"allow":["GET"]}}],"collection":[{"href":"https:\/\/www.czechcyclingfederation.com\/en\/wp-json\/wp\/v2\/posts"}],"about":[{"href":"https:\/\/www.czechcyclingfederation.com\/en\/wp-json\/wp\/v2\/types\/post"}],"author":[{"embeddable":true,"href":"https:\/\/www.czechcyclingfederation.com\/en\/wp-json\/wp\/v2\/users\/15"}],"replies":[{"embeddable":true,"href":"https:\/\/www.czechcyclingfederation.com\/en\/wp-json\/wp\/v2\/comments?post=14427"}],"version-history":[{"count":4,"href":"https:\/\/www.czechcyclingfederation.com\/en\/wp-json\/wp\/v2\/posts\/14427\/revisions"}],"predecessor-version":[{"id":14440,"href":"https:\/\/www.czechcyclingfederation.com\/en\/wp-json\/wp\/v2\/posts\/14427\/revisions\/14440"}],"wp:featuredmedia":[{"embeddable":true,"href":"https:\/\/www.czechcyclingfederation.com\/en\/wp-json\/wp\/v2\/media\/14428"}],"wp:attachment":[{"href":"https:\/\/www.czechcyclingfederation.com\/en\/wp-json\/wp\/v2\/media?parent=14427"}],"wp:term":[{"taxonomy":"category","embeddable":true,"href":"https:\/\/www.czechcyclingfederation.com\/en\/wp-json\/wp\/v2\/categories?post=14427"},{"taxonomy":"post_tag","embeddable":true,"href":"https:\/\/www.czechcyclingfederation.com\/en\/wp-json\/wp\/v2\/tags?post=14427"}],"curies":[{"name":"wp","href":"https:\/\/api.w.org\/{rel}","templated":true}]}}