{"id":14374,"date":"2022-11-12T17:34:26","date_gmt":"2022-11-12T16:34:26","guid":{"rendered":"https:\/\/www.czechcyclingfederation.com\/?p=14374"},"modified":"2022-11-12T18:17:52","modified_gmt":"2022-11-12T17:17:52","slug":"zemanova-a-adam-toupalik-vyhrali-toi-toi-cup-ve-veseli","status":"publish","type":"post","link":"https:\/\/www.czechcyclingfederation.com\/en\/zemanova-a-adam-toupalik-vyhrali-toi-toi-cup-ve-veseli\/","title":{"rendered":"Zemanov\u00e1 a Adam \u0164oupal\u00edk vyhr\u00e1li Toi Toi Cup ve Vesel\u00ed"},"content":{"rendered":"\n<p>\u010ctvrt\u00fd d\u00edl cyklokrosov\u00e9ho TOI TOI Cupu se dnes jel na okruhu ve Vesel\u00ed nad Lu\u017enic\u00ed a leto\u0161n\u00ed premi\u00e9rov\u00e9 v\u00fdhry vybojovali v elitn\u00edch kategori\u00edch Krist\u00fdna Zemanov\u00e1 (Brilon Racing Team MB) a Adam \u0164oupal\u00edk (Elkov Kasper). Oba tak\u00e9 vedou pr\u016fb\u011b\u017en\u00e9 po\u0159ad\u00ed seri\u00e1lu.<\/p>\n\n\n\n<p>Nejl\u00e9pe odstartovali mezi mu\u017ei \u0160imon Van\u00ed\u010dek a Maty\u00e1\u0161 Fiala (oba \u010cEZ cyklo team T\u00e1bor), ale t\u011bsn\u011b za nimi se dr\u017eeli Jakub \u0158\u00edman (Auto \u0160koda Ml. Boleslav), A. \u0164oupal\u00edk a zku\u0161en\u00fd Pol\u00e1k Marek Konwa. Ve druh\u00e9m kole se startovn\u00ed pole za\u010dalo rychle p\u0159es\u00fdpat. Vep\u0159edu jela dvojice \u0158\u00edman a A. \u0164oupal\u00edk, t\u0159et\u00ed se dr\u017eel Konwa a za nimi oba t\u00e1bor\u0161t\u00ed z\u00e1vodn\u00edci.<\/p>\n\n\n\n<p>V dal\u0161\u00edm pr\u016fb\u011bhu se na \u010dele osamostatnil A. \u0164oupal\u00edk a druh\u00fd se t\u011bsn\u011b dr\u017eel s minim\u00e1ln\u00edm odstupem \u0158\u00edman. A tak to vydr\u017eelo a\u017e do konce. Adam \u0164oupal\u00edk dojel letos zat\u00edm t\u0159et\u00ed, dvakr\u00e1t druh\u00fd a dnes kone\u010dn\u011b dos\u00e1hl na prvenstv\u00ed. T\u00edm si upevnil veden\u00ed v pr\u016fb\u011b\u017en\u00e9m po\u0159ad\u00ed, na druh\u00e9ho Van\u00ed\u010dka, kter\u00fd po\u010dtvrt\u00e9 dojel \u010dtvrt\u00fd, m\u00e1 k dobru osm bod\u016f<\/p>\n\n\n\n<p>\u201eSna\u017eil jsem se zbyte\u010dn\u011b po startu nikam nesp\u011bchat. Jel jsem na \u010dtvrt\u00e9 pozici, ale ve t\u0159et\u00edm okruhu jsem vid\u011bl, \u017ee Konwa m\u00e1 men\u0161\u00ed n\u00e1skok, tak\u017ee jsem ho dojel, najel si na \u010delo a sna\u017eil se rozhodnout hlavn\u011b v technick\u00e9 \u010d\u00e1sti a ned\u011blat chyby,\u201c \u0159ekl Adam \u0164oupal\u00edk. \u201ePozd\u011bji se na m\u011b p\u0159ibli\u017eoval Jakub \u0158\u00edman, proto\u017ee v prudk\u00fdch pas\u00e1\u017e\u00edch jsem pot\u0159eboval trochu odpo\u010d\u00edvat. V\u00fdkonnost mi dnes trochu chyb\u011bla, ale hl\u00eddal jsem si technick\u00e9 \u00faseky a sna\u017eil se jet bez chyb,\u201c dodal..<\/p>\n\n\n\n<p>Mezi \u017eenami kraloval mistryn\u011b republiky Krist\u00fdna Zemanov\u00e1, ale i ona vystoupila letos na nejvy\u0161\u0161\u00ed stupe\u0148 poprv\u00e9, kdy\u017e v p\u0159edchoz\u00edch t\u0159ech z\u00e1vodech skon\u010dila v\u017edy druh\u00e1 za Ma\u010farkou Blankou Katou Vasovou a vede pr\u016fb\u011b\u017en\u00e9 po\u0159ad\u00ed ji\u017e o 42 bod\u016f p\u0159ed juniorkou Kate\u0159inou Doud\u011brovou.<\/p>\n\n\n\n<p>Zemanov\u00e1 byla dnes suver\u00e9nn\u00ed. Sv\u00fdm soupe\u0159k\u00e1m odjela hned v prvn\u00edm kole a bylo jen ot\u00e1zkou s jak\u00fdm n\u00e1skokem p\u0159ijede do c\u00edle. Za n\u00ed jela rekordmana v po\u010dtu zisk\u016f mistrovsk\u00fdch titul\u016f Pavla Havl\u00edkov\u00e1 (Lawi junior team) a Kate\u0159ina Hlad\u00edkov\u00e1 (Brilon Racing Team MB). &#8220;Jela dnes naprosto skv\u011ble, Je\u0161t\u011b jsem ji v takov\u00e9 pohod\u011b z\u00e1vodit nevid\u011bl,&#8221; \u0159ekl na jej\u00ed adresu \u010desk\u00fd reprezenta\u010dn\u00ed tren\u00e9r Petr Klou\u010dek.<\/p>\n\n\n\n<p>Nejlep\u0161\u00ed juniorkou byla na sedm\u00e9m m\u00edst\u011b Slovenka Vikt\u00f3ria Chlado\u0148ov\u00e1, z \u010desk\u00fdch juniorek si vedla nejl\u00e9pe Vanda Dlaskov\u00e1 z Auto \u0160koda Ml. Boleslav, kter\u00e1 dojela des\u00e1t\u00e1. V z\u00e1vodu junior\u016f potvrdil svoji dominanci na dom\u00e1c\u00edch trat\u00edch&nbsp; V\u00e1clav Je\u017eek, kter\u00fd zat\u00edm nena\u0161el p\u0159emo\u017eitele.<\/p>\n\n\n\n<p>V\u00fdsledky:<\/p>\n\n\n\n<p>Mu\u017ei:<\/p>\n\n\n\n<p>1. A. \u0164oupal\u00edk (Elkov Kasper) 58:12, 2. \u0158\u00edman (Auto \u0160koda Ml. Boleslav) +18, 3. Konwa (Pol.) +51, 4. Van\u00ed\u010dek (\u010cEZ cyklo team T\u00e1bor) +1:54, 5. Hula (Expres CZ &#8211; Tufo team Kol\u00edn) +2:02, 6. Fiala (\u010cEZ cyklo team T\u00e1bor) +2:16.<\/p>\n\n\n\n<p>Junio\u0159i:<\/p>\n\n\n\n<p>1. Je\u017eek (Brilon Racing Team MB) 43:35, 2. Kuba (Dukla Praha) +9, 3. Hojka (Expres CT &#8211; TUFO team Kol\u00edn) +55, 4. Lienert (Rexonix Kovo Praha) +1:14, 5. Samec (GAPP System &#8211; Kolofix MTB Racing Team) +2:10, 6. \u0160ump\u00edk (Jaroslav Kulhavy Cycling Team) +2:24.<\/p>\n\n\n\n<p>\u017deny:<\/p>\n\n\n\n<p>1.Zemanov\u00e1 (Brilon Racing Team MB) 47:53, 2. Havl\u00edkov\u00e1 (LAWI junior team) +1:28, 3. Hlad\u00edkov\u00e1 (Brilon Racing Team MB) +2:36, 4. Heiglov\u00e1 (Rak.) +3:13, 5. Van\u00ed\u010dkov\u00e1 (Brilon Racing Team MB) +3:20, 6. Krahlov\u00e1 (N\u011bm.) +3:51.<\/p>\n\n\n\n<p>FOTO Ji\u0159\u00ed Hol\u00fd<\/p>\n","protected":false},"excerpt":{"rendered":"<p>\u010ctvrt\u00fd d\u00edl cyklokrosov\u00e9ho TOI TOI Cupu se dnes jel na okruhu ve Vesel\u00ed nad Lu\u017enic\u00ed a leto\u0161n\u00ed premi\u00e9rov\u00e9 v\u00fdhry vybojovali v elitn\u00edch kategori\u00edch Krist\u00fdna Zemanov\u00e1 (Brilon Racing Team MB) a Adam \u0164oupal\u00edk (Elkov Kasper). Oba tak\u00e9 vedou pr\u016fb\u011b\u017en\u00e9 po\u0159ad\u00ed seri\u00e1lu. Nejl\u00e9pe odstartovali mezi mu\u017ei \u0160imon Van\u00ed\u010dek a Maty\u00e1\u0161 Fiala (oba \u010cEZ cyklo team T\u00e1bor), ale [&hellip;]<\/p>\n","protected":false},"author":8,"featured_media":14377,"comment_status":"closed","ping_status":"open","sticky":false,"template":"","format":"standard","meta":{"footnotes":""},"categories":[58,2],"tags":[59],"class_list":["post-14374","post","type-post","status-publish","format-standard","has-post-thumbnail","hentry","category-cyklokros","category-novinky","tag-cyklokros"],"_links":{"self":[{"href":"https:\/\/www.czechcyclingfederation.com\/en\/wp-json\/wp\/v2\/posts\/14374","targetHints":{"allow":["GET"]}}],"collection":[{"href":"https:\/\/www.czechcyclingfederation.com\/en\/wp-json\/wp\/v2\/posts"}],"about":[{"href":"https:\/\/www.czechcyclingfederation.com\/en\/wp-json\/wp\/v2\/types\/post"}],"author":[{"embeddable":true,"href":"https:\/\/www.czechcyclingfederation.com\/en\/wp-json\/wp\/v2\/users\/8"}],"replies":[{"embeddable":true,"href":"https:\/\/www.czechcyclingfederation.com\/en\/wp-json\/wp\/v2\/comments?post=14374"}],"version-history":[{"count":2,"href":"https:\/\/www.czechcyclingfederation.com\/en\/wp-json\/wp\/v2\/posts\/14374\/revisions"}],"predecessor-version":[{"id":14378,"href":"https:\/\/www.czechcyclingfederation.com\/en\/wp-json\/wp\/v2\/posts\/14374\/revisions\/14378"}],"wp:featuredmedia":[{"embeddable":true,"href":"https:\/\/www.czechcyclingfederation.com\/en\/wp-json\/wp\/v2\/media\/14377"}],"wp:attachment":[{"href":"https:\/\/www.czechcyclingfederation.com\/en\/wp-json\/wp\/v2\/media?parent=14374"}],"wp:term":[{"taxonomy":"category","embeddable":true,"href":"https:\/\/www.czechcyclingfederation.com\/en\/wp-json\/wp\/v2\/categories?post=14374"},{"taxonomy":"post_tag","embeddable":true,"href":"https:\/\/www.czechcyclingfederation.com\/en\/wp-json\/wp\/v2\/tags?post=14374"}],"curies":[{"name":"wp","href":"https:\/\/api.w.org\/{rel}","templated":true}]}}