{"id":14289,"date":"2022-11-06T17:08:01","date_gmt":"2022-11-06T16:08:01","guid":{"rendered":"https:\/\/www.czechcyclingfederation.com\/?p=14289"},"modified":"2022-11-06T17:50:42","modified_gmt":"2022-11-06T16:50:42","slug":"boros-na-cyklokrosovem-me-sedmy-zemanova-osma","status":"publish","type":"post","link":"https:\/\/www.czechcyclingfederation.com\/en\/boros-na-cyklokrosovem-me-sedmy-zemanova-osma\/","title":{"rendered":"Boro\u0161 na cyklokrosov\u00e9m ME sedm\u00fd, Zemanov\u00e1 osm\u00e1"},"content":{"rendered":"\n<p>Velmi vyda\u0159en\u00fd z\u00e1vod m\u00e1 za sebou cyklokrosa\u0159 Michael Boro\u0161. Na evropsk\u00e9m \u0161ampion\u00e1tu v belgick\u00e9m Namuru dojel na sedm\u00e9 m\u00edst\u011b, jen o jednu p\u0159\u00ed\u010dku n\u00ed\u017ee skon\u010dila mezi \u017eenami U23 Krist\u00fdna Zemanov\u00e1. Naopak neusp\u011bli junio\u0159i. Jeden ze spolufavorit\u016f z\u00e1vodu V\u00e1clav Je\u017eek obsadil a\u017e osmn\u00e1ct\u00e9 m\u00edsto, o dv\u011b m\u00edsta p\u0159ed n\u00edm skon\u010dil Ond\u0159ej Novotn\u00fd. Titul mezi jezdci elite vybojoval dom\u00e1c\u00ed Michael Vanthourenhout p\u0159ed obh\u00e1jcem zlata Nizozemcem Larsem van der Haarem, t\u0159et\u00ed dojel Belgi\u010dan Laurens Sweeck.<\/p>\n\n\n\n<p>Dominance Belgi\u010dan\u016f dnes nebyla tak v\u00fdrazn\u00e1 jako v jin\u00fdch z\u00e1vodech. V elitn\u00ed des\u00edtce skon\u010dili jen t\u0159i, ale hned kvarteto Quentin Hermans, Daan Soete, Jens Adams a p\u0159edev\u0161\u00edm suver\u00e9n leto\u0161n\u00ed sezony Eli Iserbyt z\u00e1vod nedokon\u010dili. \u010cty\u0159i kola z celkov\u00fdch dev\u00edti jeli na \u010dele M. Vanthourenhout a van der Haar, ale pot\u00e9 se Belgi\u010dan sv\u00e9mu soupe\u0159i vzd\u00e1lil a postupn\u011b sv\u016fj n\u00e1skok navy\u0161oval a naprosto p\u0159esv\u011bd\u010div\u011b si dojel pro zlato, t\u0159et\u00ed L. Sweech m\u011bl ztr\u00e1tu ji\u017e p\u0159es dv\u011b minuty.<\/p>\n\n\n\n<p>Jedin\u00fd \u010cech na startu Boro\u0161 potvrdil, \u017ee letos m\u00e1 zat\u00edm velmi dobrou formu. Po prvn\u00edm okruhu byl sice a\u017e sedmn\u00e1ct\u00fd, ale jezdil konstantn\u00ed \u010dasy v ka\u017ed\u00e9m kole a neust\u00e1le se posouval. Na sedmou pozici se posunul v p\u0159edposledn\u00edm okruhu a na tomto m\u00edst\u011b projel c\u00edlem, \u010d\u00edm\u017e vyrovnal sv\u00e9 nejlep\u0161\u00ed um\u00edst\u011bn\u00ed na ME, kdy\u017e na stejn\u00e9 p\u0159\u00ed\u010dce skon\u010dil v&nbsp;roce 2017 v&nbsp;T\u00e1bo\u0159e.<\/p>\n\n\n\n<p>\u201eJel jsem si cel\u00fd z\u00e1vod svoje tempo. V\u011bd\u011bl jsem, \u017ee to bude dlouh\u00fd z\u00e1vod, nikam jsem v&nbsp;za\u010d\u00e1tku nechv\u00e1tal. Belgi\u010dan\u00e9 padali, odch\u00e1zela jim technika, nebylo to jednoduch\u00e9, m\u011b se probl\u00e9my vyhnuly. Zvolil jsem hrub\u00e9 gumy hodn\u011b nahu\u0161t\u011bn\u00e9. Sedm\u00e9 m\u00edsto rozhodn\u011b nen\u00ed \u0161patn\u00e9, zase se c\u00edt\u00edm zp\u011bt, tam kde jsem byl p\u0159ed p\u00e1r lety a douf\u00e1m, \u017ee v tom posouv\u00e1n\u00ed kup\u0159edu budu pokra\u010dovat,\u201c \u0159ekl Michale Boro\u0161.<\/p>\n\n\n\n<p>Mezi \u017eenami U23 dominovala naprosto jasn\u011b Nizozemka Puck Pietersov\u00e1, kter\u00e1 byla velice siln\u00e1 fyzicky, ale z\u00edsk\u00e1vala p\u0159edev\u0161\u00edm v technick\u00fdch pas\u00e1\u017e\u00edch, kde byla skv\u011bl\u00e1. Na \u010dele se usadila hned v \u00favodn\u00edm okruhu a sv\u016fj n\u00e1skok nejrychlej\u0161\u00edmi dal\u0161\u00edmi koly neust\u00e1le navy\u0161ovala. A\u017e v z\u00e1v\u011bre\u010dn\u00e9m okruhu si dovolila zvolnit, p\u0159esto vyhr\u00e1la o pades\u00e1t vte\u0159in p\u0159ed Line Burquierovou z Francie a t\u0159et\u00ed skon\u010dila jej\u00ed krajanka Shirin van Anrooijov\u00e1.<\/p>\n\n\n\n<p>\u010cesk\u00e1 \u0161ampionka Krist\u00fdna Zemanov\u00e1 skon\u010dila osm\u00e1, tedy na m\u00edst\u011b, kde se v pr\u016fb\u011bhu sezony v mezin\u00e1rodn\u00edm poli pohybuje. &#8220;Odjela to, co se dalo \u010dekat. Mo\u017en\u00e1 plno lid\u00ed o\u010dek\u00e1valo v\u00edce, ale v \u017e\u00e1dn\u00e9m p\u0159\u00edpad\u011b nezklamala. Nav\u00edc ta dne\u0161n\u00ed tra\u0165 na n\u00ed nebyla. Byla hodn\u011b t\u011b\u017ek\u00e1 a hodn\u011b technick\u00e1. I Barbora (Je\u0159\u00e1bkov\u00e1), kter\u00e1 je\u0161t\u011b p\u0159ed rokem jezdila mezi juniorkami, odjela p\u011bkn\u00fd z\u00e1vod. V posledn\u00edm kole ji nav\u00edc postihl defekt zadn\u00edho kola, kter\u00fd ji potkal t\u011bsn\u011b za depem,&#8221; \u0159ekl \u010desk\u00fd reprezenta\u010dn\u00ed kou\u010d Petr Klou\u010dek.<\/p>\n\n\n\n<p>Asi nejv\u011bt\u0161\u00ed nad\u011bje na zisk medaile vkl\u00e1dali tren\u00e9\u0159i i p\u0159\u00edznivci cyklokrosu do juniora V\u00e1clava Je\u017eka, kter\u00fd p\u0159i ned\u00e1vn\u00e9m z\u00e1vodu Sv\u011btov\u00e9ho poh\u00e1ru v T\u00e1bo\u0159e vybojoval druh\u00e9 m\u00edsto. Dnes sice dob\u0159e odstartoval a v prvn\u00edm kole se dr\u017eel v elitn\u00ed des\u00edtce, ale pak ztr\u00e1cel jednu pozici za druhou a po\u0159ad\u00edm klesal a obsadil nakonec a\u017e 18. m\u00edsto. Na velk\u00fdch z\u00e1vodech zat\u00edm je\u0161t\u011b nedok\u00e1zal prodat svoji v\u00fdkonnost, podobn\u011b dopadl i na lo\u0148sk\u00e9m evropsk\u00e9m a sv\u011btov\u00e9m \u0161ampion\u00e1tu.<\/p>\n\n\n\n<p>Nakonec nejl\u00e9pe z \u010desk\u00fdch jezdc\u016f skon\u010dil Ond\u0159ej Novotn\u00fd, kter\u00fd projel c\u00edlem o dv\u011b p\u0159\u00ed\u010dky p\u0159ed Je\u017ekem. Pro zlato si dojel francouzsk\u00fd mlad\u00edk L\u00e9o Bisiaux, v\u00edt\u011bz z T\u00e1bora a druh\u00fd z minul\u00e9ho t\u00fddne na SP v Maasmechelenu. O \u0161est vte\u0159in p\u0159ed\u010dil Weis Daniela Nielsena z D\u00e1nska, kter\u00e9ho set\u0159\u00e1sl a\u017e v posledn\u00edm kole a bronz vybojoval Gus van der Eijden z Nizozem\u00ed.&nbsp;&nbsp;&nbsp;&nbsp;&nbsp;<\/p>\n\n\n\n<p>&#8220;Prost\u011b kluci nesta\u010dili,&#8221; za\u010dal hodnocen\u00ed juniorsk\u00e9ho z\u00e1vodu Petr Klou\u010dek. &#8220;Je\u017eek dob\u0159e odstartoval, ale v podstat\u011b se hned za\u010dal propadat. Je ot\u00e1zka zda, nem\u011bl sv\u016fj den, \u010di z\u00e1vod psychicky nezvl\u00e1dl. Ostatn\u00ed katastrof\u00e1ln\u011b odstartovali. Samec a Novotn\u00fd \u0161li dop\u0159edu, ale &#8230;&nbsp; Relativn\u011b dob\u0159e zajel \u0160ump\u00edk, kter\u00fd mezi juniory startuje prvn\u00edm rokem,&#8221; dodal Klou\u010dek.<\/p>\n\n\n\n<p>V\u00fdsledky:<\/p>\n\n\n\n<p>Junio\u0159i:<\/p>\n\n\n\n<p>1. Bisiaux (Fr.) 37:11, 2. Nielsen (D\u00e1n.) +6, 3. van der Eijden (Niz.) +19, 4. Vas (Ma\u010f.), 5. Jamin, 6. Nuyens (oba Belg.) v\u0161ichni +22, &#8230;16. Novotn\u00fd +1:40, 18. Je\u017eek +1:55. 21. Samec +2:03, 25. \u0160ump\u00edk +2:24, 39. Falt\u00fdnek (v\u0161ichni \u010cR) +4:08.<\/p>\n\n\n\n<p>\u017deny U23:<\/p>\n\n\n\n<p>1. Pietersov\u00e1 (Niz.) 49:02, 2. Burquierov\u00e1 (Fr.) +50, 3. van Anrooijov\u00e1 (Niz.) +1:27, 4. Schreiberov\u00e1 (Luc.) +1:46, 5. Backstedtov\u00e1 (Brit.) +1:53, 6. Fouquenetov\u00e1 (Fr.) +2:39, &#8230;8. Zemanov\u00e1 +3:27, 14. Je\u0159\u00e1bkov\u00e1 (ob\u011b \u010cR) +5:57.<\/p>\n\n\n\n<p>Mu\u017ei:<\/p>\n\n\n\n<p>1. M. Vanthourenhout (Belg.) 1:06:47, 2. van der Haar (Niz.) +40, 3. L. Sweeck (Belg.) +2:17, 4. Nieuwenhuis (Niz.) +2:48, 5. Kuhn (\u0160v\u00fdc.) +2:51, 6. Orts Lloret (\u0160p.) +2:54, 7. Boro\u0161 (\u010cR) +3:03.<\/p>\n\n\n\n<figure class=\"wp-block-image size-large\"><img loading=\"lazy\" decoding=\"async\" width=\"768\" height=\"1024\" src=\"https:\/\/www.czechcyclingfederation.com\/wp-content\/uploads\/2022\/11\/5293565c-6de2-4567-ade0-2e6051daee79.jpg\" alt=\"\" class=\"wp-image-14291\" srcset=\"https:\/\/www.czechcyclingfederation.com\/wp-content\/uploads\/2022\/11\/5293565c-6de2-4567-ade0-2e6051daee79.jpg 768w, https:\/\/www.czechcyclingfederation.com\/wp-content\/uploads\/2022\/11\/5293565c-6de2-4567-ade0-2e6051daee79-150x200.jpg 150w\" sizes=\"auto, (max-width: 768px) 100vw, 768px\" \/><\/figure>\n\n\n\n<figure class=\"wp-block-image size-large\"><img loading=\"lazy\" decoding=\"async\" width=\"889\" height=\"1024\" src=\"https:\/\/www.czechcyclingfederation.com\/wp-content\/uploads\/2022\/11\/Zemanova-adb5ae31-1e45-4fb6-9d08-a18cf4df98ec.jpg\" alt=\"\" class=\"wp-image-14292\" srcset=\"https:\/\/www.czechcyclingfederation.com\/wp-content\/uploads\/2022\/11\/Zemanova-adb5ae31-1e45-4fb6-9d08-a18cf4df98ec.jpg 889w, https:\/\/www.czechcyclingfederation.com\/wp-content\/uploads\/2022\/11\/Zemanova-adb5ae31-1e45-4fb6-9d08-a18cf4df98ec-174x200.jpg 174w, https:\/\/www.czechcyclingfederation.com\/wp-content\/uploads\/2022\/11\/Zemanova-adb5ae31-1e45-4fb6-9d08-a18cf4df98ec-768x885.jpg 768w\" sizes=\"auto, (max-width: 889px) 100vw, 889px\" \/><\/figure>\n\n\n\n<figure class=\"wp-block-image size-large\"><img loading=\"lazy\" decoding=\"async\" width=\"768\" height=\"1024\" src=\"https:\/\/www.czechcyclingfederation.com\/wp-content\/uploads\/2022\/11\/Jerabkova-37bbd1cd-a122-4b9b-bf18-3d22f0e7a3b7.jpg\" alt=\"\" class=\"wp-image-14293\" srcset=\"https:\/\/www.czechcyclingfederation.com\/wp-content\/uploads\/2022\/11\/Jerabkova-37bbd1cd-a122-4b9b-bf18-3d22f0e7a3b7.jpg 768w, https:\/\/www.czechcyclingfederation.com\/wp-content\/uploads\/2022\/11\/Jerabkova-37bbd1cd-a122-4b9b-bf18-3d22f0e7a3b7-150x200.jpg 150w\" sizes=\"auto, (max-width: 768px) 100vw, 768px\" \/><\/figure>\n","protected":false},"excerpt":{"rendered":"<p>Velmi vyda\u0159en\u00fd z\u00e1vod m\u00e1 za sebou cyklokrosa\u0159 Michael Boro\u0161. Na evropsk\u00e9m \u0161ampion\u00e1tu v belgick\u00e9m Namuru dojel na sedm\u00e9 m\u00edst\u011b, jen o jednu p\u0159\u00ed\u010dku n\u00ed\u017ee skon\u010dila mezi \u017eenami U23 Krist\u00fdna Zemanov\u00e1. Naopak neusp\u011bli junio\u0159i. Jeden ze spolufavorit\u016f z\u00e1vodu V\u00e1clav Je\u017eek obsadil a\u017e osmn\u00e1ct\u00e9 m\u00edsto, o dv\u011b m\u00edsta p\u0159ed n\u00edm skon\u010dil Ond\u0159ej Novotn\u00fd. Titul mezi jezdci elite [&hellip;]<\/p>\n","protected":false},"author":8,"featured_media":14296,"comment_status":"closed","ping_status":"open","sticky":false,"template":"","format":"standard","meta":{"footnotes":""},"categories":[58,2],"tags":[59],"class_list":["post-14289","post","type-post","status-publish","format-standard","has-post-thumbnail","hentry","category-cyklokros","category-novinky","tag-cyklokros"],"_links":{"self":[{"href":"https:\/\/www.czechcyclingfederation.com\/en\/wp-json\/wp\/v2\/posts\/14289","targetHints":{"allow":["GET"]}}],"collection":[{"href":"https:\/\/www.czechcyclingfederation.com\/en\/wp-json\/wp\/v2\/posts"}],"about":[{"href":"https:\/\/www.czechcyclingfederation.com\/en\/wp-json\/wp\/v2\/types\/post"}],"author":[{"embeddable":true,"href":"https:\/\/www.czechcyclingfederation.com\/en\/wp-json\/wp\/v2\/users\/8"}],"replies":[{"embeddable":true,"href":"https:\/\/www.czechcyclingfederation.com\/en\/wp-json\/wp\/v2\/comments?post=14289"}],"version-history":[{"count":1,"href":"https:\/\/www.czechcyclingfederation.com\/en\/wp-json\/wp\/v2\/posts\/14289\/revisions"}],"predecessor-version":[{"id":14294,"href":"https:\/\/www.czechcyclingfederation.com\/en\/wp-json\/wp\/v2\/posts\/14289\/revisions\/14294"}],"wp:featuredmedia":[{"embeddable":true,"href":"https:\/\/www.czechcyclingfederation.com\/en\/wp-json\/wp\/v2\/media\/14296"}],"wp:attachment":[{"href":"https:\/\/www.czechcyclingfederation.com\/en\/wp-json\/wp\/v2\/media?parent=14289"}],"wp:term":[{"taxonomy":"category","embeddable":true,"href":"https:\/\/www.czechcyclingfederation.com\/en\/wp-json\/wp\/v2\/categories?post=14289"},{"taxonomy":"post_tag","embeddable":true,"href":"https:\/\/www.czechcyclingfederation.com\/en\/wp-json\/wp\/v2\/tags?post=14289"}],"curies":[{"name":"wp","href":"https:\/\/api.w.org\/{rel}","templated":true}]}}