{"id":14261,"date":"2022-10-31T14:16:48","date_gmt":"2022-10-31T13:16:48","guid":{"rendered":"https:\/\/www.czechcyclingfederation.com\/?p=14261"},"modified":"2022-10-31T14:16:50","modified_gmt":"2022-10-31T13:16:50","slug":"pavel-vrsecky-ziskal-statni-vyznamenani","status":"publish","type":"post","link":"https:\/\/www.czechcyclingfederation.com\/en\/pavel-vrsecky-ziskal-statni-vyznamenani\/","title":{"rendered":"Pavel Vr\u0161eck\u00fd z\u00edskal st\u00e1tn\u00ed vyznamen\u00e1n\u00ed"},"content":{"rendered":"\n<p>Historicky nej\u00fasp\u011b\u0161n\u011bj\u0161\u00ed tren\u00e9r \u010deskoslovensk\u00e9 dr\u00e1hov\u00e9 cyklistiky Pavel Vr\u0161eck\u00fd p\u0159evzal p\u0159i oslav\u00e1ch v\u00fdro\u010d\u00ed zalo\u017een\u00ed \u010ceskoslovenska medaili <strong>Za z\u00e1sluhy (I. stupn\u011b (za z\u00e1sluhy o st\u00e1t v oblasti sportu))<\/strong>, kter\u00fdm jej ocenil prezident republiky Milo\u0161 Zeman. Vedle Vr\u0161eck\u00e9ho ocenil prezident v oblasti sportu tak\u00e9 b\u00fdval\u00e9ho tenistu Ivana Lendla \u010di hokejistu Ji\u0159\u00edho Hol\u00edka.<\/p>\n\n\n\n<p>P. Vr\u0161eck\u00fd\u00a0z\u00e1vodil za kdysi zn\u00e1m\u00fd klub Tesla \u017di\u017ekov, v\u00fdrazn\u00fdch \u00fasp\u011bch\u016f v\u0161ak nedos\u00e1hl. Ty p\u0159i\u0161ly a\u017e v roli tren\u00e9ra. Tr\u00e9novat za\u010dal v Dukle Louny, kam p\u016fvodn\u011b p\u0159i\u0161el jako z\u00e1vodn\u00edk. Od roku 1975 p\u016fsobil v ASD Dukla Praha a s jeho jm\u00e9nem jsou spojeny nejv\u011bt\u0161\u00ed \u00fasp\u011bchy \u010deskoslovensk\u00fdch dr\u00e1ha\u0159\u016f \u2013 st\u00edha\u010d\u016f.<\/p>\n\n\n\n<p>Sv\u00e9 sv\u011b\u0159ence dovedl k v\u00edce ne\u017e 120 dom\u00e1c\u00edm mistrovsk\u00fdm titul\u016fm, mnohokr\u00e1t s nimi usp\u011bl i na mezin\u00e1rodn\u00ed sc\u00e9n\u011b. V roce 1979 vybojoval Igor Sl\u00e1ma na mistrovstv\u00ed sv\u011bta v Nizozemsku zlatou medaili v bodovac\u00edm z\u00e1vod\u011b amat\u00e9r\u016f, o rok pozd\u011bji na olympijsk\u00fdch hr\u00e1ch v Moskv\u011b z\u00edskalo bronzovou medaili kvarteto Theodor \u010cern\u00fd, Igor Sl\u00e1ma, Ji\u0159\u00ed Pokorn\u00fd a Martin Penc. V n\u00e1sleduj\u00edc\u00edm roce na sv\u011btov\u00e9m \u0161ampion\u00e1tu v Brn\u011b Penc, Pokorn\u00fd, Franti\u0161ek Rabo\u0148 a Ale\u0161 Tr\u010dka obsadili ve st\u00edhac\u00edm z\u00e1vod\u011b dru\u017estev t\u0159et\u00ed m\u00edsto.<\/p>\n\n\n\n<p>Roku 1983 v Curychu op\u011bt st\u00edhac\u00ed kvarteto vybojovalo bronzov\u00e9 medaile. Na mistrovstv\u00ed sv\u011bta v italsk\u00e9m Bassanu z\u00edskal titul profesion\u00e1ln\u00edho mistra sv\u011bta v bodovac\u00edm z\u00e1vod\u011b Martin Penc a prvenstv\u00ed p\u0159ivezlo o rok pozd\u011bji kvarteto Pavel Soukup, Ale\u0161 Tr\u010dka, Svatopluk Buchta a Theodor \u010cern\u00fd z dr\u00e1hy v Colorado Springs. O rok pozd\u011bji z\u00edskali st\u00edha\u010di dal\u0161\u00ed bronzovou medaili.<\/p>\n\n\n\n<p>Pavel Vr\u0161eck\u00fd p\u0159ipravoval juniory, kte\u0159\u00ed v roce 1993 z\u00edskali na MS sv\u00e9 v\u011bkov\u00e9 kategorie v Austr\u00e1lii bronz v \u010dasovce dru\u017estev a st\u0159\u00edbro ve st\u00edha\u010dce dru\u017estev. V\u00fdraznou m\u011brou se pod\u00edlel na sportovn\u00edm r\u016fstu hv\u011bzdy Zde\u0148ka \u0160tybara, podeps\u00e1n je pod sv\u011btov\u00fdm rekordem Ond\u0159eje Sosenky v hodinovce na dr\u00e1ze v Krylatsk\u00e9m v Moskv\u011b v roce 2005. I v sou\u010dasn\u00e9 dob\u011b je\u0161t\u011b st\u00e1le tr\u00e9nuje.<\/p>\n\n\n\n<p>V roce 2012 byl Pavel Vr\u0161eck\u00fd ocen\u011bn p\u0159i vyhla\u0161ov\u00e1n\u00ed Kr\u00e1le cyklistiky za celo\u017eivotn\u00ed p\u0159\u00ednos cyklistice, ji\u017e v roce 2003 obdr\u017eel cenu MOV Excellence Sportive.<\/p>\n\n\n\n<p>FOTO: \u010cTK<\/p>\n","protected":false},"excerpt":{"rendered":"<p>Historicky nej\u00fasp\u011b\u0161n\u011bj\u0161\u00ed tren\u00e9r \u010deskoslovensk\u00e9 dr\u00e1hov\u00e9 cyklistiky Pavel Vr\u0161eck\u00fd p\u0159evzal p\u0159i oslav\u00e1ch v\u00fdro\u010d\u00ed zalo\u017een\u00ed \u010ceskoslovenska medaili Za z\u00e1sluhy (I. stupn\u011b (za z\u00e1sluhy o st\u00e1t v oblasti sportu)), kter\u00fdm jej ocenil prezident republiky Milo\u0161 Zeman. Vedle Vr\u0161eck\u00e9ho ocenil prezident v oblasti sportu tak\u00e9 b\u00fdval\u00e9ho tenistu Ivana Lendla \u010di hokejistu Ji\u0159\u00edho Hol\u00edka. P. Vr\u0161eck\u00fd\u00a0z\u00e1vodil za kdysi zn\u00e1m\u00fd klub [&hellip;]<\/p>\n","protected":false},"author":1,"featured_media":14262,"comment_status":"closed","ping_status":"open","sticky":false,"template":"","format":"standard","meta":{"footnotes":""},"categories":[28,17,54,2],"tags":[9],"class_list":["post-14261","post","type-post","status-publish","format-standard","has-post-thumbnail","hentry","category-cesky-svaz-cyklistiky","category-discipliny","category-draha","category-novinky","tag-draha"],"_links":{"self":[{"href":"https:\/\/www.czechcyclingfederation.com\/en\/wp-json\/wp\/v2\/posts\/14261","targetHints":{"allow":["GET"]}}],"collection":[{"href":"https:\/\/www.czechcyclingfederation.com\/en\/wp-json\/wp\/v2\/posts"}],"about":[{"href":"https:\/\/www.czechcyclingfederation.com\/en\/wp-json\/wp\/v2\/types\/post"}],"author":[{"embeddable":true,"href":"https:\/\/www.czechcyclingfederation.com\/en\/wp-json\/wp\/v2\/users\/1"}],"replies":[{"embeddable":true,"href":"https:\/\/www.czechcyclingfederation.com\/en\/wp-json\/wp\/v2\/comments?post=14261"}],"version-history":[{"count":1,"href":"https:\/\/www.czechcyclingfederation.com\/en\/wp-json\/wp\/v2\/posts\/14261\/revisions"}],"predecessor-version":[{"id":14263,"href":"https:\/\/www.czechcyclingfederation.com\/en\/wp-json\/wp\/v2\/posts\/14261\/revisions\/14263"}],"wp:featuredmedia":[{"embeddable":true,"href":"https:\/\/www.czechcyclingfederation.com\/en\/wp-json\/wp\/v2\/media\/14262"}],"wp:attachment":[{"href":"https:\/\/www.czechcyclingfederation.com\/en\/wp-json\/wp\/v2\/media?parent=14261"}],"wp:term":[{"taxonomy":"category","embeddable":true,"href":"https:\/\/www.czechcyclingfederation.com\/en\/wp-json\/wp\/v2\/categories?post=14261"},{"taxonomy":"post_tag","embeddable":true,"href":"https:\/\/www.czechcyclingfederation.com\/en\/wp-json\/wp\/v2\/tags?post=14261"}],"curies":[{"name":"wp","href":"https:\/\/api.w.org\/{rel}","templated":true}]}}