{"id":14253,"date":"2022-10-31T08:30:24","date_gmt":"2022-10-31T07:30:24","guid":{"rendered":"https:\/\/www.czechcyclingfederation.com\/?p=14253"},"modified":"2022-10-31T08:32:12","modified_gmt":"2022-10-31T07:32:12","slug":"mladi-hraci-zlina-ziskali-na-poslednim-kole-sp-v-belgii-skvele-3-misto","status":"publish","type":"post","link":"https:\/\/www.czechcyclingfederation.com\/en\/mladi-hraci-zlina-ziskali-na-poslednim-kole-sp-v-belgii-skvele-3-misto\/","title":{"rendered":"Mlad\u00ed hr\u00e1\u010di Zl\u00edna z\u00edskali na posledn\u00edm kole SP v Belgii skv\u011bl\u00e9 3. m\u00edsto"},"content":{"rendered":"\n<p>V belgick\u00e9m Beringenu se v&nbsp;sobotu 29.&nbsp;\u0159\u00edjna uskute\u010dnilo posledn\u00ed kolo leto\u0161n\u00ed s\u00e9rie sv\u011btov\u00e9ho poh\u00e1ru.&nbsp;<br>T\u00fdden p\u0159ed mistrovstv\u00edm sv\u011bta, kter\u00e9 se uskute\u010dn\u00ed jen o&nbsp;n\u011bkolik kilometr\u016f d\u00e1le, tak\u00e9 v&nbsp;Belgii, tam o&nbsp;d\u016fle\u017eit\u00e9 body pro postup do fin\u00e1le sv\u011btov\u00e9ho poh\u00e1ru bojovalo deset t\u00fdm\u016f reprezentuj\u00edc\u00edch osm zem\u00ed.&nbsp;<br><br>T\u00fdmov\u00e9 obsazen\u00ed posledn\u00edho kola bylo pap\u00edrov\u011b pon\u011bkud slab\u0161\u00ed, jeliko\u017e se jej z\u00fa\u010dastnily i&nbsp;t\u0159i t\u00fdmy, kter\u00e9 budou na mistrovstv\u00ed sv\u011bta startovat v&nbsp;B skupin\u011b. Jednalo se o&nbsp;t\u00fdmy Japonska, Hong Kongu a&nbsp;nov\u011b vznikl\u00e9ho t\u00fdmu Ghany.&nbsp;<\/p>\n\n\n\n<p>Sv\u00e9 prvn\u00ed vystoupen\u00ed v&nbsp;sout\u011b\u017ei sv\u011btov\u00e9ho poh\u00e1ru v&nbsp;kolov\u00e9 m\u00e1 za sebou mlad\u00fd t\u00fdm ze Zl\u00edna, bronzov\u00ed medailist\u00e9 z&nbsp;leto\u0161n\u00edho mistrovstv\u00ed Evropy.&nbsp;<br>Tom\u00e1\u0161 Hor\u00e1k s&nbsp;Radkem Adamem cestovali do dalek\u00e9ho Beringenu m\u00edsto sv\u00fdch odd\u00edlov\u00fdch koleg\u016f Ludv\u00edka P\u00edska a&nbsp;Miroslava Gottfrieda , kte\u0159\u00ed byli sou\u010d\u00e1st\u00ed reprezenta\u010dn\u00edho soust\u0159ed\u011bn\u00ed p\u0159ed mistrovstv\u00edm sv\u011bta.<br><br>Zl\u00edn\u0161t\u00ed hr\u00e1\u010di si vedli velmi dob\u0159e, kdy\u017e si hned v&nbsp;prvn\u00edm kl\u00ed\u010dov\u00e9m skupinov\u00e9m utk\u00e1n\u00ed t\u00e9m\u011b\u0159 zajistili \u00fa\u010dast v&nbsp;semifin\u00e1le a&nbsp;svoje \u00fasp\u011b\u0161n\u00e9 ta\u017een\u00ed pak zavr\u0161ili ziskem p\u00f3diov\u00e9ho um\u00edst\u011bn\u00ed. K&nbsp;\u00favodn\u00edmu utk\u00e1n\u00ed nastoupila zl\u00ednsk\u00e1 dvojice proti \u0161v\u00fdcarsk\u00e9 bratrsk\u00e9 dvojici Timon Fr\u00f6hlich, Yannick Fr\u00f6hlich a&nbsp;v&nbsp;prvn\u00edm polo\u010dase hr\u00e1ly oba t\u00fdmy ze zaji\u0161t\u011bn\u00e9 obrany. Do veden\u00ed \u0161li v&nbsp;z\u00e1v\u011bru prvn\u00ed p\u016fle \u0160v\u00fdca\u0159i po&nbsp;dob\u0159e zahran\u00e9m rohov\u00e9mu \u00faderu. V&nbsp;druh\u00e9 p\u016fli se Zl\u00edn za\u010dal prosazovat i&nbsp;st\u0159elecky, srovnal stav utk\u00e1n\u00ed na 1:1 a&nbsp;postupn\u011b si vybudoval dvoubrankov\u00e9 veden\u00ed. T\u011bsn\u011b p\u0159ed z\u00e1v\u011bre\u010dnou sir\u00e9nou \u0160v\u00fdca\u0159i upravili stav utk\u00e1n\u00ed na 2:3. Dvojici Tom\u00e1\u0161 Hor\u00e1k, Radek Adam se poda\u0159il repar\u00e1t z&nbsp;ned\u00e1vn\u00e9ho ME hr\u00e1\u010d\u016f do 23 let, kde pr\u00e1v\u011b se \u0161v\u00fdcarskou dvojic\u00ed na penalty prohr\u00e1li a&nbsp;unikl jim postup do fin\u00e1le ME.<\/p>\n\n\n\n<p>Dal\u0161\u00edm soupe\u0159em byli \u00fa\u0159aduj\u00edc\u00ed mist\u0159i sv\u011bta Gerhard a&nbsp;Bernd Mlady. V&nbsp;tomto z\u00e1pase \u0161el Zl\u00edn \u0161el do veden\u00ed 2:0, kdy\u017e se z&nbsp;lev\u00e9 strany prosadil Tom\u00e1\u0161 Hor\u00e1k. Zku\u0161en\u00fd n\u011bmeck\u00fd t\u00fdm je\u0161t\u011b v&nbsp;prvn\u00ed p\u016fli oto\u010dil stav utk\u00e1n\u00ed \u0161\u0148\u016frou \u010dty\u0159 branek a&nbsp;\u0161el do veden\u00ed 4:2. I&nbsp;ve druh\u00e9 p\u016fli byla k&nbsp;vid\u011bn\u00ed \u00fato\u010dn\u00e1 kolov\u00e1 a&nbsp;sk\u00f3re nar\u016fstalo na obou stran\u00e1ch. V&nbsp;utk\u00e1n\u00ed bohat\u00e9m na g\u00f3ly zv\u00edt\u011bzili n\u011bmeck\u00fd t\u00fdm v&nbsp;pom\u011bru 9:6.<\/p>\n\n\n\n<p>V&nbsp;n\u00e1sleduj\u00edc\u00edch dvou utk\u00e1n\u00edch si zl\u00ednsk\u00e1 dvojice poradila s&nbsp;japonsk\u00fdm t\u00fdmem Osaky v&nbsp;pom\u011bru 6:3.<br>T\u00fdmu Ghany nast\u0159\u00edlela dokonce 13 branek.&nbsp;<br>Ziskem 9 bodu si Tom\u00e1\u0161 s&nbsp;Radkem zajistili \u00fa\u010dast v&nbsp;semifin\u00e1le turnaje.&nbsp;<\/p>\n\n\n\n<p>V&nbsp;semifin\u00e1le nastoupil Zl\u00edn proti n\u011bmeck\u00e9mu Obernfeldu. Zku\u0161en\u00fd n\u011bmeck\u00fd t\u00fdm m\u011bl od \u00favodn\u00edho hvizdu z\u00e1pas pod kontrolou a&nbsp;zv\u00edt\u011bzil jednozna\u010dn\u011b 8:2.<\/p>\n\n\n\n<figure class=\"wp-block-image size-large\"><img loading=\"lazy\" decoding=\"async\" width=\"1024\" height=\"768\" src=\"https:\/\/www.czechcyclingfederation.com\/wp-content\/uploads\/2022\/10\/E0F8E824-10C8-47A2-895A-5AA59B251872-1024x768.jpeg\" alt=\"\" class=\"wp-image-14256\" srcset=\"https:\/\/www.czechcyclingfederation.com\/wp-content\/uploads\/2022\/10\/E0F8E824-10C8-47A2-895A-5AA59B251872-1024x768.jpeg 1024w, https:\/\/www.czechcyclingfederation.com\/wp-content\/uploads\/2022\/10\/E0F8E824-10C8-47A2-895A-5AA59B251872-267x200.jpeg 267w, https:\/\/www.czechcyclingfederation.com\/wp-content\/uploads\/2022\/10\/E0F8E824-10C8-47A2-895A-5AA59B251872-768x576.jpeg 768w, https:\/\/www.czechcyclingfederation.com\/wp-content\/uploads\/2022\/10\/E0F8E824-10C8-47A2-895A-5AA59B251872-1536x1152.jpeg 1536w, https:\/\/www.czechcyclingfederation.com\/wp-content\/uploads\/2022\/10\/E0F8E824-10C8-47A2-895A-5AA59B251872-2048x1536.jpeg 2048w, https:\/\/www.czechcyclingfederation.com\/wp-content\/uploads\/2022\/10\/E0F8E824-10C8-47A2-895A-5AA59B251872-1320x990.jpeg 1320w\" sizes=\"auto, (max-width: 1024px) 100vw, 1024px\" \/><\/figure>\n\n\n\n<p>V&nbsp;souboji o&nbsp;t\u0159et\u00ed m\u00edsto nastoupil Zl\u00edn proti rakousk\u00e9mu Dornbirnu 2 a&nbsp;od za\u010d\u00e1tku bylo na h\u0159e zl\u00ednsk\u00e9 dvojice, \u017ee prohran\u00fd semifin\u00e1lov\u00fd z\u00e1pas s&nbsp;N\u011bmci hodili za hlavu. Aktivn\u00ed hrou v&nbsp;prvn\u00ed p\u016fli utk\u00e1n\u00ed si vytv\u00e1\u0159eli g\u00f3lov\u00e9 p\u0159\u00edle\u017eitosti a&nbsp;dok\u00e1zali je i&nbsp;prom\u011bnit. Zl\u00ednsk\u00e1 dvojice startuj\u00edc\u00ed pod hlavi\u010dkou t\u00fdmu U23 okusila atmosf\u00e9ru dal\u0161\u00edho velk\u00e9ho turnaje a&nbsp;p\u0159edv\u00e1d\u011bnou \u00fato\u010dnou hrou vybojovala v\u00fdborn\u00e9 3.&nbsp;m\u00edsto.<\/p>\n\n\n\n<p>Z\u00a0tren\u00e9rsk\u00e9 lavi\u010dky Tom\u00e1\u0161e s\u00a0Radkem vedl Honza Krej\u010d\u00ed, kter\u00fd m\u00e1 \u0159adu zku\u0161enost\u00ed nejen z\u00a0dom\u00e1c\u00ed nejvy\u0161\u0161\u00ed sout\u011b\u017ee, ale rovn\u011b\u017e z\u00a0turnaj\u016f sv\u011btov\u00e9ho poh\u00e1ru. S\u00a0p\u0159edveden\u00fdmi v\u00fdkony hr\u00e1\u010d\u016f byl nadm\u00edru spokojen a\u00a0kvitoval, \u017ee se kluci po\u00a0bronzov\u00e9m um\u00edst\u011bn\u00ed na ME hr\u00e1\u010d\u016f do 23 dok\u00e1zali prosadit i\u00a0v\u00a0kategorii Elite.\u00a0<br><br>Op\u011bt po\u00a0roce se tak \u010desk\u00fd t\u00fdm do\u010dkal um\u00edst\u011bn\u00ed na stupn\u00edch v\u00edt\u011bz\u016f na sout\u011b\u017en\u00edm kole t\u00e9to presti\u017en\u00ed sout\u011b\u017ee.\u00a0<br><br>Do fin\u00e1le Sv\u011btov\u00e9ho poh\u00e1ru, kde startuje 9 nejlep\u0161\u00edch t\u00fdm\u016f odehran\u00e9 sez\u00f3ny plus t\u00fdm po\u0159adatele se v\u00a0leto\u0161n\u00edm roce kvalifikoval pouze t\u00fdm Favoritu Brno ( Jan Havl\u00ed\u010dek \/ Robert Zvol\u00e1nek ), kter\u00fd skon\u010dil po\u00a0\u010dty\u0159ech startech na kone\u010dn\u00e9m osm\u00e9m m\u00edst\u011b. Vzhledem k\u00a0v\u00e1\u017en\u00e9mu zran\u011bn\u00ed Jana Havl\u00ed\u010dka ale nen\u00ed zat\u00edm jist\u00e9, zda-li Favorit Brno do fin\u00e1lov\u00e9ho turnaje zas\u00e1hne v\u00a0n\u00e1hradn\u00edm slo\u017een\u00ed, \u010di\u00a0nikoliv.\u00a0<br>Se t\u0159emi starty pak na jeden\u00e1ct\u00e9m m\u00edst\u011b skon\u010dil t\u00fdm Sokola Zl\u00edn ( Ludv\u00edk P\u00edsek \/ Miroslav Gottfried ).\u00a0<br><br>Po jednom startu maj\u00ed pr\u00e1v\u011b t\u00fdmy Sokola Zl\u00edn U23 ( Tom\u00e1\u0161 Hor\u00e1k \/ Radek Adam ) , kte\u0159\u00ed tak skon\u010dili celkov\u011b na \u010dtrn\u00e1ct\u00e9m m\u00edst\u011b a\u00a0t\u00fdm MO Svit\u00e1vky ( Ji\u0159\u00ed Hrdli\u010dka ml. \/ Roman Stan\u011bk ) , kte\u0159\u00ed skon\u010dili v\u00a0celkov\u00e9m po\u0159ad\u00ed na \u0161estn\u00e1ct\u00e9m m\u00edst\u011b.\u00a0<br><br>Fin\u00e1le sv\u011btov\u00e9ho poh\u00e1ru se uskute\u010dn\u00ed dne 26.\u00a0listopadu v\u00a0n\u011bmeck\u00e9m Sulgenu.\u00a0<\/p>\n\n\n\n<p>AUTOR: Ji\u0159\u00ed Hrdli\u010dka<\/p>\n","protected":false},"excerpt":{"rendered":"<p>V belgick\u00e9m Beringenu se v&nbsp;sobotu 29.&nbsp;\u0159\u00edjna uskute\u010dnilo posledn\u00ed kolo leto\u0161n\u00ed s\u00e9rie sv\u011btov\u00e9ho poh\u00e1ru.&nbsp;T\u00fdden p\u0159ed mistrovstv\u00edm sv\u011bta, kter\u00e9 se uskute\u010dn\u00ed jen o&nbsp;n\u011bkolik kilometr\u016f d\u00e1le, tak\u00e9 v&nbsp;Belgii, tam o&nbsp;d\u016fle\u017eit\u00e9 body pro postup do fin\u00e1le sv\u011btov\u00e9ho poh\u00e1ru bojovalo deset t\u00fdm\u016f reprezentuj\u00edc\u00edch osm zem\u00ed.&nbsp; T\u00fdmov\u00e9 obsazen\u00ed posledn\u00edho kola bylo pap\u00edrov\u011b pon\u011bkud slab\u0161\u00ed, jeliko\u017e se jej z\u00fa\u010dastnily i&nbsp;t\u0159i t\u00fdmy, kter\u00e9 [&hellip;]<\/p>\n","protected":false},"author":1,"featured_media":14254,"comment_status":"closed","ping_status":"open","sticky":false,"template":"","format":"standard","meta":{"footnotes":""},"categories":[17,2,60],"tags":[61],"class_list":["post-14253","post","type-post","status-publish","format-standard","has-post-thumbnail","hentry","category-discipliny","category-novinky","category-salovka","tag-salovka"],"_links":{"self":[{"href":"https:\/\/www.czechcyclingfederation.com\/en\/wp-json\/wp\/v2\/posts\/14253","targetHints":{"allow":["GET"]}}],"collection":[{"href":"https:\/\/www.czechcyclingfederation.com\/en\/wp-json\/wp\/v2\/posts"}],"about":[{"href":"https:\/\/www.czechcyclingfederation.com\/en\/wp-json\/wp\/v2\/types\/post"}],"author":[{"embeddable":true,"href":"https:\/\/www.czechcyclingfederation.com\/en\/wp-json\/wp\/v2\/users\/1"}],"replies":[{"embeddable":true,"href":"https:\/\/www.czechcyclingfederation.com\/en\/wp-json\/wp\/v2\/comments?post=14253"}],"version-history":[{"count":3,"href":"https:\/\/www.czechcyclingfederation.com\/en\/wp-json\/wp\/v2\/posts\/14253\/revisions"}],"predecessor-version":[{"id":14259,"href":"https:\/\/www.czechcyclingfederation.com\/en\/wp-json\/wp\/v2\/posts\/14253\/revisions\/14259"}],"wp:featuredmedia":[{"embeddable":true,"href":"https:\/\/www.czechcyclingfederation.com\/en\/wp-json\/wp\/v2\/media\/14254"}],"wp:attachment":[{"href":"https:\/\/www.czechcyclingfederation.com\/en\/wp-json\/wp\/v2\/media?parent=14253"}],"wp:term":[{"taxonomy":"category","embeddable":true,"href":"https:\/\/www.czechcyclingfederation.com\/en\/wp-json\/wp\/v2\/categories?post=14253"},{"taxonomy":"post_tag","embeddable":true,"href":"https:\/\/www.czechcyclingfederation.com\/en\/wp-json\/wp\/v2\/tags?post=14253"}],"curies":[{"name":"wp","href":"https:\/\/api.w.org\/{rel}","templated":true}]}}