{"id":14235,"date":"2022-10-24T17:40:46","date_gmt":"2022-10-24T15:40:46","guid":{"rendered":"https:\/\/www.czechcyclingfederation.com\/?p=14235"},"modified":"2022-10-24T17:40:49","modified_gmt":"2022-10-24T15:40:49","slug":"ivo-koblasa-se-na-ms-v-drahove-para-cyklistice-blyskl-4-mistem-ve-scratchi","status":"publish","type":"post","link":"https:\/\/www.czechcyclingfederation.com\/en\/ivo-koblasa-se-na-ms-v-drahove-para-cyklistice-blyskl-4-mistem-ve-scratchi\/","title":{"rendered":"Ivo Koblasa se na MS v dr\u00e1hov\u00e9 para cyklistice bl\u00fdskl 4. m\u00edstem ve scratchi!"},"content":{"rendered":"\n<p>Ve dnech 20.-23.\u0159\u00edjna 2022 prob\u011bhlo ve Francii MS ve dr\u00e1hov\u00e9 cyklistice handicapovan\u00fdch. \u010ceskou republiku reprezentoval jedin\u00fd sportovec \u2013 Ivo Koblasa z&nbsp;kategorie MC2.<\/p>\n\n\n\n<p>Pro Iva bylo mistrovsv\u00ed sv\u011bta d\u016fle\u017eit\u00fdm vrcholem dr\u00e1hov\u00e9 sez\u00f3ny, proto\u017ee za 2 roky se na olympijsk\u00e9m \u201e<em>V\u00e9lodrome de Saint-Quentin-en-Yvelines<\/em>\u201c pojede dr\u00e1hov\u00fd z\u00e1vod v&nbsp;r\u00e1mci paralympijsk\u00fdch her \u201eParis 2024\u201c, kam se Koblasa nejen \u017ee chce probojovat, ale tak\u00e9 z\u00edskat vytou\u017een\u00fd cenn\u00fd kov.<\/p>\n\n\n\n<p>Koblasa hl\u00e1sil p\u0159ed odjezdem na MS dobrou formu a to i p\u0159es to, \u017ee nem\u011bl mo\u017enost tr\u00e9novat na d\u0159ev\u011bn\u00e9 dr\u00e1ze ve V\u00eddni, kam se pravideln\u011b jezdil p\u0159ipravovat \u2013 tato dr\u00e1ha byla bohu\u017eel zbour\u00e1na. Hned po prvn\u00edch tr\u00e9ninc\u00edch na olympijsk\u00e9m velodromu na p\u0159edm\u011bst\u00ed Pa\u0159\u00ed\u017ee bylo z\u0159ejm\u00e9, \u017ee Ivovi m\u00edstn\u00ed dr\u00e1ha \u201esedne\u201c.<\/p>\n\n\n\n<p>Ivo byl p\u0159ihl\u00e1\u0161en\u00fd na v\u0161echny discipl\u00edny (200m s letm\u00fdm startem, 1km s&nbsp;pevn\u00fdm startem, st\u00edhac\u00ed z\u00e1vod na 3km, scratch a omnium) a prvn\u00ed z\u00e1vodn\u00ed den ho \u010dekala ta nejrychlej\u0161\u00ed \u2013 z\u00e1vod na 200m letmo, kde zaznamenal v\u00fdkon 13.205s a obsadil solidn\u00ed 9.m\u00edsto.<\/p>\n\n\n\n<p>Druh\u00fd den byl pro Iva velmi d\u016fle\u017eit\u00fd, proto\u017ee \u201epevn\u00fd kilometr\u201c, tedy z\u00e1vod na 1km s&nbsp;pevn\u00fdm startem je jednou ze dvou paralympijsk\u00fdch dr\u00e1hov\u00fdch discipl\u00edn. Koblasa jel velmi dob\u0159e a zastavil \u010dasom\u00edru na 1:16.144 a vylep\u0161il tak jeho vlastn\u00ed \u010desk\u00fd rekord! Tento \u010das mu sta\u010dil na velmi slu\u0161n\u00e9 8.m\u00edsto.<\/p>\n\n\n\n<p>V sobotu byl na cyklisty kategorie C2 p\u0159ipraven start do dal\u0161\u00ed paralympijsk\u00e9 discipl\u00edny st\u00edhac\u00ed z\u00e1vod na 3 km. Do c\u00edle Ivo dol\u00e9tl v \u010dase 3:47.472 na celkov\u00e9m 7. m\u00edst\u011b, v nov\u00e9m \u010desk\u00e9m rekordu! Iv\u016fv osobn\u00ed mana\u017eer Ivo Koblasa star\u0161\u00ed okomentoval st\u00edhac\u00ed z\u00e1vod takto: \u201e<em>Ivo po 9. m\u00edst\u011b v letm\u00fdch 200 metrech a 8. m\u00edst\u011b v 1 km nastoupil do tohoto z\u00e1vodu s \u010dasem a t\u011bmi nejlep\u0161\u00edmi soupe\u0159i pln odhodl\u00e1n\u00ed op\u011bt nedat svoji k\u016f\u017ei zadarmo. Realiza\u010dn\u00ed t\u00fdm byl pln\u00fd o\u010dek\u00e1v\u00e1n\u00ed v\u00fdsledn\u00e9ho \u010dasu, proto\u017ee poprv\u00e9 od zah\u00e1jen\u00ed Ivovy cyklistick\u00e9 kari\u00e9ry nemohl testovat Ivovu formu na d\u0159ev\u011bn\u00e9 dr\u00e1ze, srovn\u00e1n\u00edm byla jen zm\u011bna tr\u00e9ninkov\u00e9ho modulu se zam\u011b\u0159en\u00edm na st\u00edhac\u00ed z\u00e1vod a silni\u010dn\u00ed \u010dasovku. Po tvrd\u00fdch tr\u00e9ninkov\u00fdch d\u00e1vk\u00e1ch za motocyklem na brn\u011bnsk\u00e9m 400m dlouh\u00e9m betonov\u00e9m ov\u00e1lu m\u011bl Ivo pl\u00e1n um\u00edst\u011bn\u00ed do 8. m\u00edsta. Po startu Ivo uh\u00e1n\u011bl, jako o \u017eivot a nedal nic zadarmo sv\u00e9mu soupe\u0159i z Velk\u00e9 Brit\u00e1nie. Tento v\u00fdsledek, ale p\u0159edev\u0161\u00edm zlep\u0161en\u00ed vlastn\u00edho rekordu Iva potvrzuje, \u017ee realiza\u010dn\u00ed t\u00fdm zvolil spr\u00e1vnou cestu v realizaci \u00fasp\u011b\u0161n\u00e9ho vystoupen\u00ed Iva na paralympi\u00e1d\u011b v silni\u010dn\u00ed \u010dasovce a st\u00edhac\u00edm z\u00e1vod\u011b, kter\u00e1 se bude konat na tomto velodromu.<\/em>\u201c<\/p>\n\n\n\n<p>To nejlep\u0161\u00ed si ale n\u00e1\u0161 elitn\u00ed cyklistika schoval na konec! Posledn\u00ed sout\u011b\u017en\u00ed den byla na programu scratch \u2013 tedy z\u00e1vod s&nbsp;hromadn\u00fdm startem. Nen\u00ed \u017e\u00e1dn\u00fdm tajemstv\u00edm, \u017ee se Ivo v&nbsp;z\u00e1vodech s&nbsp;hromadn\u00fdm startem c\u00edt\u00ed velmi dob\u0159e, a to jak na dr\u00e1ze, tak na silnici. Po takticky velmi dob\u0159e zvl\u00e1dnut\u00e9 bitv\u011b zakon\u010dil Koblasa sv\u00e9 p\u016fsoben\u00ed ve Francii \u00fa\u017easn\u00fdm \u010dtvrt\u00fdm m\u00edstem! Mimo\u0159\u00e1dn\u00fd \u00fasp\u011bch \u010desk\u00e9 dr\u00e1hov\u00e9 paracyklistiky shrnuje Ivo Koblasa star\u0161\u00ed n\u00e1sledovn\u011b \u201e<em>Od prvn\u00edch metr\u016f z\u00e1vodu se tvrd\u011b bojovalo o prvn\u00ed pozice v pelotonu, n\u00e1stup st\u00edhal n\u00e1stup, kter\u00e9 si Ivo hl\u00eddal. Ve 20. okruhu nastoupil Francouz (Leaute) s&nbsp;Australanem (Hicks) a povedlo se jim odjet o jedno kolo. Na tento \u00fatok zareagoval ve 35. kole Ivo spole\u010dn\u011b se \u0160pan\u011blem (Eckhard) a odjeli z hlavn\u00edho pole. Postupn\u011b zvy\u0161ovali sv\u016fj n\u00e1skok a jen t\u011bsn\u011b nedojeli hlavn\u00ed peloton o kolo. C\u00edlem prol\u00e9tl nejrychleji Francouz na druh\u00e9m m\u00edst\u011b Australan, t\u0159et\u00ed m\u00edsto vybojoval \u0160pan\u011bl. Ivo ve skv\u011bl\u00e9m z\u00e1vod\u011b vybojoval neuv\u011b\u0159iteln\u00e9 4. m\u00edsto, za sebou nechal celou sv\u011btovou \u0161pi\u010dku nejlep\u0161\u00edch cyklist\u016f sv\u00e9 kategorie. Iv\u016fv \u017eivotn\u00ed \u00fasp\u011bch na olympijsk\u00e9 dr\u00e1ze ve Francii je v\u00fdsledkem Va\u0161\u00ed podpory Iva, bez kter\u00e9 bychom spole\u010dn\u011b tohoto \u00fasp\u011bchu nedos\u00e1hli.<\/em><\/p>\n\n\n\n<p>V&nbsp;celkov\u00e9m po\u0159ad\u00ed Omnia se Ivo Koblasa um\u00edstil na 7. m\u00edst\u011b.<\/p>\n\n\n\n<p>Za pov\u0161imnut\u00ed stoj\u00ed tak\u00e9 v\u00fdkon fenomen\u00e1ln\u00edho Francouze Alexandre Leauteho (rovn\u011b\u017e kategorie MC2), kter\u00fd vyhr\u00e1l v\u0161echny discipl\u00edny a z&nbsp;MS si odv\u00e1\u017e\u00ed jen t\u011b\u017eko uv\u011b\u0159iteln\u00fdch 5 zlat\u00fdch medail\u00ed, tedy 5 titul\u016f mistra sv\u011bta. Leaute k&nbsp;tomu p\u0159idal je\u0161t\u011b 3 sv\u011btov\u00e9 rekordy. To v\u0161e ve sv\u00fdch \u010derstv\u00fdch 22 letech.<\/p>\n\n\n\n<p>Vystoupen\u00ed Iva Koblasy okomentoval tak\u00e9 reprezenta\u010dn\u00ed tren\u00e9r paracyklistiky Luk\u00e1\u0161 Petr. \u201e<em>Ivo vstoupil do \u0161ampion\u00e1tu letmou dvoustovkou, p\u0159i kter\u00e9 p\u0159edvedl sv\u016fj standardn\u00ed v\u00fdkon, kter\u00fd mu vynesl dev\u00e1tou p\u0159\u00ed\u010dku. Byl to dobr\u00fd za\u010d\u00e1tek, po del\u0161\u00ed z\u00e1vodn\u00ed pauze, se dostat op\u011bt do z\u00e1vodn\u00edho rytmu a psychick\u00e9 pohody. To se projevilo druh\u00fd den \u0161ampion\u00e1tu, kdy\u017e Ivo posunul sv\u016fj \u010desk\u00fd rekord v 1 km s pevn\u00fdm startem o dv\u011b setiny. Stoupaj\u00edc\u00ed pohoda se naplno projevila t\u0159et\u00ed den a op\u011bt posunut\u00ed \u010desk\u00e9ho rekordu ve st\u00edhac\u00edm z\u00e1vod\u011b, tentokr\u00e1te u\u017e o celou vte\u0159inu, co\u017e znamenalo sedm\u00e9 m\u00edsto. T\u0159e\u0161ni\u010dkou na dortu byl ale z\u00e1vod s hromadn\u00fdm startem, scratch. Tato discipl\u00edna je v\u017edy trochu loterie a p\u0159i sklouben\u00ed trochu \u0161t\u011bst\u00ed, dobr\u00e9ho taktick\u00e9ho v\u00fdkonu a v\u00fdborn\u00e9 sportovn\u00ed formy se Ivovi povedl dlouho nev\u00eddan\u00fd v\u00fdsledek a ve scratchi obsadil vynikaj\u00edc\u00ed \u010dtvrtou p\u0159\u00ed\u010dku. Gratuluji Ivovi k poveden\u00e9mu \u0161ampion\u00e1tu.<\/em>\u201c<\/p>\n\n\n\n<p><strong><u>V\u00fdsledkov\u00fd servis MS dr\u00e1ha PARA 2022:<\/u><\/strong><\/p>\n\n\n\n<p>MC2 \u2013 Z\u00e1vod na 200 m s&nbsp;letm\u00fdm startem:<\/p>\n\n\n\n<ol class=\"wp-block-list\" type=\"1\"><li>LEAUTE Alexandre (FRA) &#8211; 11.212 (WR)<\/li><li>KAWAMOTO Shota (JPN) &#8211; 11.866<\/li><li>BURNS Chris(IRL) &#8211; 12.078&nbsp;&nbsp;&nbsp; ..<strong>.&nbsp;&nbsp;&nbsp; 9. KOBLASA Ivo<\/strong> (CZE) &#8211; 13.205<\/li><\/ol>\n\n\n\n<p>MC2 \u2013 1 km s&nbsp;pevn\u00fdm startem:<\/p>\n\n\n\n<ol class=\"wp-block-list\" type=\"1\"><li>LEAUTE Alexandre (FRA) &#8211; 1:08.365 (WR)<\/li><li>KAWAMOTO Shota (JPN) &#8211; 1:10.942<\/li><li>ALLAN Gordon (AUS) &#8211; 1:11.226&nbsp;&nbsp;&nbsp; \u2026&nbsp;&nbsp;&nbsp; <strong>8. KOBLASA Ivo<\/strong> (CZE) &#8211; 1:16.144 (NR)<\/li><\/ol>\n\n\n\n<p>MC2 \u2013 st\u00edhac\u00ed z\u00e1vod na 3 km:<\/p>\n\n\n\n<ol class=\"wp-block-list\" type=\"1\"><li>LEAUTE Alexandre (FRA) &#8211; 3:31.082 (WR)<\/li><li>KAWAMOTO Shota (JPN) &#8211; 3:34.134<\/li><li>TAYLOR Ryan (GBR) &#8211; 3:36.341&nbsp;&nbsp;&nbsp; \u2026&nbsp;&nbsp;&nbsp; <strong>7. KOBLASA Ivo<\/strong> (CZE) &#8211; 3:47.472 (NR)<\/li><\/ol>\n\n\n\n<p>MC2 \u2013 scratch (15 km, 60 kol):<\/p>\n\n\n\n<ol class=\"wp-block-list\" type=\"1\"><li>LEAUTE Alexandre (FRA) \u2013 19:25<\/li><li>HICKS Darren (AUS) \u2013 0 laps<\/li><li>ECKHARD TIO Maurice Far (SPA) -1 laps&nbsp;&nbsp;&nbsp; \u2026&nbsp;&nbsp;&nbsp; <strong>4. KOBLASA Ivo<\/strong> (CZE) -1 laps<\/li><\/ol>\n\n\n\n<p>MC2 \u2013 omnium (celkov\u00e9 bodov\u00e1n\u00ed):<\/p>\n\n\n\n<ol class=\"wp-block-list\" type=\"1\"><li>LEAUTE Alexandre (FRA) \u2013 160 bod\u016f<\/li><li>KAWAMOTO Shota (JPN) \u2013 142 bod\u016f<\/li><li>VROMANT Ewoud (BEL) \u2013 130 bod\u016f\u00a0\u00a0\u00a0 \u2026\u00a0\u00a0\u00a0 <strong>7. KOBLASA Ivo<\/strong> (CZE) \u2013 114 bod\u016f<\/li><\/ol>\n\n\n\n<p>Foto: <a href=\"https:\/\/www.flickr.com\/photos\/handisport\" target=\"_blank\" rel=\"noreferrer noopener\">https:\/\/www.flickr.com\/photos\/handisport<\/a><\/p>\n\n\n\n<figure class=\"wp-block-image size-large\"><img decoding=\"async\" src=\"https:\/\/www.czechcyclingfederation.com\/wp-content\/uploads\/2022\/10\/52449700703_7c09d4df30_o-1024x683.jpg\" alt=\"\" class=\"wp-image-14236\"\/><\/figure>\n\n\n\n<figure class=\"wp-block-image size-large\"><img loading=\"lazy\" decoding=\"async\" width=\"1024\" height=\"683\" src=\"https:\/\/www.czechcyclingfederation.com\/wp-content\/uploads\/2022\/10\/52449797382_f983fa92c9_o-1024x683.jpg\" alt=\"\" class=\"wp-image-14237\" srcset=\"https:\/\/www.czechcyclingfederation.com\/wp-content\/uploads\/2022\/10\/52449797382_f983fa92c9_o-1024x683.jpg 1024w, https:\/\/www.czechcyclingfederation.com\/wp-content\/uploads\/2022\/10\/52449797382_f983fa92c9_o-300x200.jpg 300w, https:\/\/www.czechcyclingfederation.com\/wp-content\/uploads\/2022\/10\/52449797382_f983fa92c9_o-768x512.jpg 768w, https:\/\/www.czechcyclingfederation.com\/wp-content\/uploads\/2022\/10\/52449797382_f983fa92c9_o-1536x1025.jpg 1536w, https:\/\/www.czechcyclingfederation.com\/wp-content\/uploads\/2022\/10\/52449797382_f983fa92c9_o-2048x1366.jpg 2048w, https:\/\/www.czechcyclingfederation.com\/wp-content\/uploads\/2022\/10\/52449797382_f983fa92c9_o-1320x880.jpg 1320w\" sizes=\"auto, (max-width: 1024px) 100vw, 1024px\" \/><\/figure>\n\n\n\n<figure class=\"wp-block-image size-large\"><img loading=\"lazy\" decoding=\"async\" width=\"1024\" height=\"683\" src=\"https:\/\/www.czechcyclingfederation.com\/wp-content\/uploads\/2022\/10\/52450579189_aa3dfea92a_o-1024x683.jpg\" alt=\"\" class=\"wp-image-14238\" srcset=\"https:\/\/www.czechcyclingfederation.com\/wp-content\/uploads\/2022\/10\/52450579189_aa3dfea92a_o-1024x683.jpg 1024w, https:\/\/www.czechcyclingfederation.com\/wp-content\/uploads\/2022\/10\/52450579189_aa3dfea92a_o-300x200.jpg 300w, https:\/\/www.czechcyclingfederation.com\/wp-content\/uploads\/2022\/10\/52450579189_aa3dfea92a_o-768x512.jpg 768w, https:\/\/www.czechcyclingfederation.com\/wp-content\/uploads\/2022\/10\/52450579189_aa3dfea92a_o-1536x1025.jpg 1536w, https:\/\/www.czechcyclingfederation.com\/wp-content\/uploads\/2022\/10\/52450579189_aa3dfea92a_o-2048x1366.jpg 2048w, https:\/\/www.czechcyclingfederation.com\/wp-content\/uploads\/2022\/10\/52450579189_aa3dfea92a_o-1320x880.jpg 1320w\" sizes=\"auto, (max-width: 1024px) 100vw, 1024px\" \/><\/figure>\n\n\n\n<figure class=\"wp-block-image size-large\"><img loading=\"lazy\" decoding=\"async\" width=\"1024\" height=\"683\" src=\"https:\/\/www.czechcyclingfederation.com\/wp-content\/uploads\/2022\/10\/52450835988_7859011eec_o-1024x683.jpg\" alt=\"\" class=\"wp-image-14239\" srcset=\"https:\/\/www.czechcyclingfederation.com\/wp-content\/uploads\/2022\/10\/52450835988_7859011eec_o-1024x683.jpg 1024w, https:\/\/www.czechcyclingfederation.com\/wp-content\/uploads\/2022\/10\/52450835988_7859011eec_o-300x200.jpg 300w, https:\/\/www.czechcyclingfederation.com\/wp-content\/uploads\/2022\/10\/52450835988_7859011eec_o-768x512.jpg 768w, https:\/\/www.czechcyclingfederation.com\/wp-content\/uploads\/2022\/10\/52450835988_7859011eec_o-1536x1025.jpg 1536w, https:\/\/www.czechcyclingfederation.com\/wp-content\/uploads\/2022\/10\/52450835988_7859011eec_o-2048x1366.jpg 2048w, https:\/\/www.czechcyclingfederation.com\/wp-content\/uploads\/2022\/10\/52450835988_7859011eec_o-1320x880.jpg 1320w\" sizes=\"auto, (max-width: 1024px) 100vw, 1024px\" \/><\/figure>\n","protected":false},"excerpt":{"rendered":"<p>Ve dnech 20.-23.\u0159\u00edjna 2022 prob\u011bhlo ve Francii MS ve dr\u00e1hov\u00e9 cyklistice handicapovan\u00fdch. \u010ceskou republiku reprezentoval jedin\u00fd sportovec \u2013 Ivo Koblasa z&nbsp;kategorie MC2. Pro Iva bylo mistrovsv\u00ed sv\u011bta d\u016fle\u017eit\u00fdm vrcholem dr\u00e1hov\u00e9 sez\u00f3ny, proto\u017ee za 2 roky se na olympijsk\u00e9m \u201eV\u00e9lodrome de Saint-Quentin-en-Yvelines\u201c pojede dr\u00e1hov\u00fd z\u00e1vod v&nbsp;r\u00e1mci paralympijsk\u00fdch her \u201eParis 2024\u201c, kam se Koblasa nejen \u017ee chce [&hellip;]<\/p>\n","protected":false},"author":3,"featured_media":14236,"comment_status":"closed","ping_status":"open","sticky":false,"template":"","format":"standard","meta":{"footnotes":""},"categories":[2,99,103],"tags":[62],"class_list":["post-14235","post","type-post","status-publish","format-standard","has-post-thumbnail","hentry","category-novinky","category-paracyklistika","category-reprezentace","tag-paracyklistika"],"_links":{"self":[{"href":"https:\/\/www.czechcyclingfederation.com\/en\/wp-json\/wp\/v2\/posts\/14235","targetHints":{"allow":["GET"]}}],"collection":[{"href":"https:\/\/www.czechcyclingfederation.com\/en\/wp-json\/wp\/v2\/posts"}],"about":[{"href":"https:\/\/www.czechcyclingfederation.com\/en\/wp-json\/wp\/v2\/types\/post"}],"author":[{"embeddable":true,"href":"https:\/\/www.czechcyclingfederation.com\/en\/wp-json\/wp\/v2\/users\/3"}],"replies":[{"embeddable":true,"href":"https:\/\/www.czechcyclingfederation.com\/en\/wp-json\/wp\/v2\/comments?post=14235"}],"version-history":[{"count":1,"href":"https:\/\/www.czechcyclingfederation.com\/en\/wp-json\/wp\/v2\/posts\/14235\/revisions"}],"predecessor-version":[{"id":14240,"href":"https:\/\/www.czechcyclingfederation.com\/en\/wp-json\/wp\/v2\/posts\/14235\/revisions\/14240"}],"wp:featuredmedia":[{"embeddable":true,"href":"https:\/\/www.czechcyclingfederation.com\/en\/wp-json\/wp\/v2\/media\/14236"}],"wp:attachment":[{"href":"https:\/\/www.czechcyclingfederation.com\/en\/wp-json\/wp\/v2\/media?parent=14235"}],"wp:term":[{"taxonomy":"category","embeddable":true,"href":"https:\/\/www.czechcyclingfederation.com\/en\/wp-json\/wp\/v2\/categories?post=14235"},{"taxonomy":"post_tag","embeddable":true,"href":"https:\/\/www.czechcyclingfederation.com\/en\/wp-json\/wp\/v2\/tags?post=14235"}],"curies":[{"name":"wp","href":"https:\/\/api.w.org\/{rel}","templated":true}]}}