{"id":14227,"date":"2022-10-24T12:47:36","date_gmt":"2022-10-24T10:47:36","guid":{"rendered":"https:\/\/www.czechcyclingfederation.com\/?p=14227"},"modified":"2022-10-24T12:52:22","modified_gmt":"2022-10-24T10:52:22","slug":"zemrel-frantisek-konecny","status":"publish","type":"post","link":"https:\/\/www.czechcyclingfederation.com\/en\/zemrel-frantisek-konecny\/","title":{"rendered":"Zem\u0159el Franti\u0161ek Kone\u010dn\u00fd"},"content":{"rendered":"\n<p>Ve v\u011bku nedo\u017eit\u00fdch 86 let zem\u0159el ve st\u0159edu 19. \u0159\u00edjna Franti\u0161ek Kone\u010dn\u00fd. Za\u010d\u00ednal jako z\u00e1vodn\u00edk, pozd\u011bji byl \u00fasp\u011b\u0161n\u00fdm tren\u00e9rem a dlouh\u00e9 roky p\u016fsobil ve funkci p\u0159edsedy \u010cesk\u00e9ho svazu cyklistiky.<\/p>\n\n\n\n<p>S cyklistikou za\u010d\u00ednal v D\u011b\u010d\u00edn\u011b, pozd\u011bji v Hradci Kr\u00e1lov\u00e9, Bohum\u00edn\u011b s v RH Plze\u0148, kde tr\u00e9noval mj. \u00fasp\u011b\u0161n\u00e9 reprezentanty Ji\u0159\u00edho Prchala, Ji\u0159\u00edho Kone\u010dn\u00e9ho, Lu\u010fka Kubiase nebo Petra Matou\u0161ka.<\/p>\n\n\n\n<p>Posledn\u00ed rozlou\u010den\u00ed s Franti\u0161kem Kone\u010dn\u00fdm se uskute\u010dn\u00ed ve st\u0159edu 2. listopadu v 11:30 ve Velk\u00e9 ob\u0159adn\u00ed s\u00edni na \u00dast\u0159edn\u00edm h\u0159bitov\u011b v Plzni.<\/p>\n","protected":false},"excerpt":{"rendered":"<p>Ve v\u011bku nedo\u017eit\u00fdch 86 let zem\u0159el ve st\u0159edu 19. \u0159\u00edjna Franti\u0161ek Kone\u010dn\u00fd. Za\u010d\u00ednal jako z\u00e1vodn\u00edk, pozd\u011bji byl \u00fasp\u011b\u0161n\u00fdm tren\u00e9rem a dlouh\u00e9 roky p\u016fsobil ve funkci p\u0159edsedy \u010cesk\u00e9ho svazu cyklistiky. S cyklistikou za\u010d\u00ednal v D\u011b\u010d\u00edn\u011b, pozd\u011bji v Hradci Kr\u00e1lov\u00e9, Bohum\u00edn\u011b s v RH Plze\u0148, kde tr\u00e9noval mj. \u00fasp\u011b\u0161n\u00e9 reprezentanty Ji\u0159\u00edho Prchala, Ji\u0159\u00edho Kone\u010dn\u00e9ho, Lu\u010fka Kubiase nebo [&hellip;]<\/p>\n","protected":false},"author":8,"featured_media":14232,"comment_status":"closed","ping_status":"open","sticky":false,"template":"","format":"standard","meta":{"footnotes":""},"categories":[2,65],"tags":[169],"class_list":["post-14227","post","type-post","status-publish","format-standard","has-post-thumbnail","hentry","category-novinky","category-subdisciplina","tag-ostatni"],"_links":{"self":[{"href":"https:\/\/www.czechcyclingfederation.com\/en\/wp-json\/wp\/v2\/posts\/14227","targetHints":{"allow":["GET"]}}],"collection":[{"href":"https:\/\/www.czechcyclingfederation.com\/en\/wp-json\/wp\/v2\/posts"}],"about":[{"href":"https:\/\/www.czechcyclingfederation.com\/en\/wp-json\/wp\/v2\/types\/post"}],"author":[{"embeddable":true,"href":"https:\/\/www.czechcyclingfederation.com\/en\/wp-json\/wp\/v2\/users\/8"}],"replies":[{"embeddable":true,"href":"https:\/\/www.czechcyclingfederation.com\/en\/wp-json\/wp\/v2\/comments?post=14227"}],"version-history":[{"count":1,"href":"https:\/\/www.czechcyclingfederation.com\/en\/wp-json\/wp\/v2\/posts\/14227\/revisions"}],"predecessor-version":[{"id":14229,"href":"https:\/\/www.czechcyclingfederation.com\/en\/wp-json\/wp\/v2\/posts\/14227\/revisions\/14229"}],"wp:featuredmedia":[{"embeddable":true,"href":"https:\/\/www.czechcyclingfederation.com\/en\/wp-json\/wp\/v2\/media\/14232"}],"wp:attachment":[{"href":"https:\/\/www.czechcyclingfederation.com\/en\/wp-json\/wp\/v2\/media?parent=14227"}],"wp:term":[{"taxonomy":"category","embeddable":true,"href":"https:\/\/www.czechcyclingfederation.com\/en\/wp-json\/wp\/v2\/categories?post=14227"},{"taxonomy":"post_tag","embeddable":true,"href":"https:\/\/www.czechcyclingfederation.com\/en\/wp-json\/wp\/v2\/tags?post=14227"}],"curies":[{"name":"wp","href":"https:\/\/api.w.org\/{rel}","templated":true}]}}