{"id":1410,"date":"2020-07-17T15:05:27","date_gmt":"2020-07-17T13:05:27","guid":{"rendered":"http:\/\/www.czechcyclingfederation.com\/?p=1410"},"modified":"2020-07-21T00:16:29","modified_gmt":"2020-07-20T22:16:29","slug":"paty-dil-ceskeho-poharu-mladeze-a-zen-byl-na-zakladne-vladnich-opatreni-zrusen","status":"publish","type":"post","link":"https:\/\/www.czechcyclingfederation.com\/en\/paty-dil-ceskeho-poharu-mladeze-a-zen-byl-na-zakladne-vladnich-opatreni-zrusen\/","title":{"rendered":"P\u00e1t\u00fd d\u00edl \u010cesk\u00e9ho poh\u00e1ru ml\u00e1de\u017ee a \u017een byl na z\u00e1kladn\u011b vl\u00e1dn\u00edch opat\u0159en\u00ed zru\u0161en."},"content":{"rendered":"\n<p>Dnes (p\u00e1tek 17.7.2020 ve 12:30) ozn\u00e1milo Ministerstvo zdravotnictv\u00ed \u010cR, \u017ee se s okam\u017eitou platnost\u00ed v Moravskoslezsk\u00e9m kraji zakazuje po\u0159\u00e1d\u00e1n\u00ed hromadn\u00fdch akc\u00ed nad 100 osob z d\u016fvodu opat\u0159en\u00ed proti \u0161\u00ed\u0159en\u00ed Koronaviru Covid 19. M\u00edsto kon\u00e1n\u00ed \u010cesk\u00e9ho poh\u00e1ru ml\u00e1de\u017ee a \u017een na silnici, kter\u00fd m\u011bl tuto sobotu 18.7.2020 prob\u011bhnout v Nov\u00e9m Ji\u010d\u00edn\u011b, spad\u00e1 do zm\u00edn\u011bn\u00e9 oblasti, kter\u00e1 je od dne\u0161n\u00edho dne zahrnuta do t\u011bchto vl\u00e1dn\u00edch opat\u0159en\u00ed a proto bylo po dohod\u011b \u010cSC a po\u0159adatele z\u00e1vodu rozhodnuto, \u017ee se p\u00e1t\u00e9 kolo \u010cP ml\u00e1de\u017ee a \u017een neskute\u010dn\u00ed. <\/p>\n\n\n\n<p><em>&#8220;Cel\u00e1 situace je velmi nep\u0159\u00edjemn\u00e1 jak z pohledu z\u00e1vodn\u00edk\u016f a t\u00fdm\u016f, tak z pohledu po\u0159adatele, v\u010detn\u011b zna\u010dn\u00fdch finan\u010dn\u00edch ztr\u00e1t na obou stran\u00e1ch. Vyhl\u00e1\u0161en\u00e1 opat\u0159en\u00ed ve\u0161la v platnost v podstat\u011b &#8220;z minuty na minutu&#8221; a po\u0159adatel z\u00e1vodu v takov\u00e9m p\u0159\u00edpad\u011b nen\u00ed schopen do z\u00edt\u0159ka plnohodnotn\u011b zareagovat a zajistit v\u0161e pot\u0159ebn\u00e9, aby nedo\u0161lo k jak\u00e9mukoliv riziku ohro\u017een\u00ed zdrav\u00ed z\u00e1vodn\u00edk\u016f.<\/em>&#8220;, uvedla gener\u00e1ln\u00ed sekret\u00e1\u0159ka \u010cSC Jarka Krakovi\u010dov\u00e1. <\/p>\n\n\n\n<figure class=\"wp-block-image size-large\"><img loading=\"lazy\" decoding=\"async\" width=\"300\" height=\"168\" src=\"http:\/\/www.czechcyclingfederation.com\/wp-content\/uploads\/2020\/07\/koronavirus-MSK-1.jpg\" alt=\"\" class=\"wp-image-1415\"\/><\/figure>\n","protected":false},"excerpt":{"rendered":"<p>Dnes (p\u00e1tek 17.7.2020 ve 12:30) ozn\u00e1milo Ministerstvo zdravotnictv\u00ed \u010cR, \u017ee se s okam\u017eitou platnost\u00ed v Moravskoslezsk\u00e9m kraji zakazuje po\u0159\u00e1d\u00e1n\u00ed hromadn\u00fdch akc\u00ed nad 100 osob z d\u016fvodu opat\u0159en\u00ed proti \u0161\u00ed\u0159en\u00ed Koronaviru Covid 19. M\u00edsto kon\u00e1n\u00ed \u010cesk\u00e9ho poh\u00e1ru ml\u00e1de\u017ee a \u017een na silnici, kter\u00fd m\u011bl tuto sobotu 18.7.2020 prob\u011bhnout v Nov\u00e9m Ji\u010d\u00edn\u011b, spad\u00e1 do zm\u00edn\u011bn\u00e9 oblasti, kter\u00e1 [&hellip;]<\/p>\n","protected":false},"author":2,"featured_media":1414,"comment_status":"open","ping_status":"open","sticky":false,"template":"","format":"standard","meta":{"footnotes":""},"categories":[28,2],"tags":[119],"class_list":["post-1410","post","type-post","status-publish","format-standard","has-post-thumbnail","hentry","category-cesky-svaz-cyklistiky","category-novinky","tag-csc"],"_links":{"self":[{"href":"https:\/\/www.czechcyclingfederation.com\/en\/wp-json\/wp\/v2\/posts\/1410","targetHints":{"allow":["GET"]}}],"collection":[{"href":"https:\/\/www.czechcyclingfederation.com\/en\/wp-json\/wp\/v2\/posts"}],"about":[{"href":"https:\/\/www.czechcyclingfederation.com\/en\/wp-json\/wp\/v2\/types\/post"}],"author":[{"embeddable":true,"href":"https:\/\/www.czechcyclingfederation.com\/en\/wp-json\/wp\/v2\/users\/2"}],"replies":[{"embeddable":true,"href":"https:\/\/www.czechcyclingfederation.com\/en\/wp-json\/wp\/v2\/comments?post=1410"}],"version-history":[{"count":8,"href":"https:\/\/www.czechcyclingfederation.com\/en\/wp-json\/wp\/v2\/posts\/1410\/revisions"}],"predecessor-version":[{"id":1421,"href":"https:\/\/www.czechcyclingfederation.com\/en\/wp-json\/wp\/v2\/posts\/1410\/revisions\/1421"}],"wp:featuredmedia":[{"embeddable":true,"href":"https:\/\/www.czechcyclingfederation.com\/en\/wp-json\/wp\/v2\/media\/1414"}],"wp:attachment":[{"href":"https:\/\/www.czechcyclingfederation.com\/en\/wp-json\/wp\/v2\/media?parent=1410"}],"wp:term":[{"taxonomy":"category","embeddable":true,"href":"https:\/\/www.czechcyclingfederation.com\/en\/wp-json\/wp\/v2\/categories?post=1410"},{"taxonomy":"post_tag","embeddable":true,"href":"https:\/\/www.czechcyclingfederation.com\/en\/wp-json\/wp\/v2\/tags?post=1410"}],"curies":[{"name":"wp","href":"https:\/\/api.w.org\/{rel}","templated":true}]}}