{"id":14064,"date":"2022-10-15T22:42:09","date_gmt":"2022-10-15T20:42:09","guid":{"rendered":"https:\/\/www.czechcyclingfederation.com\/?p=14064"},"modified":"2022-10-18T16:57:36","modified_gmt":"2022-10-18T14:57:36","slug":"stybar-v-dohnanech-prohral-jen-s-huybsen","status":"publish","type":"post","link":"https:\/\/www.czechcyclingfederation.com\/en\/stybar-v-dohnanech-prohral-jen-s-huybsen\/","title":{"rendered":"\u0160tybar v Doh\u0148anech prohr\u00e1l jen s Huybsen"},"content":{"rendered":"\n<p>Z\u00e1vod Sv\u011btov\u00e9ho poh\u00e1ru v&nbsp;cyklokrosu v&nbsp;T\u00e1bo\u0159e se pojede ji\u017e p\u0159\u00ed\u0161t\u00ed v\u00edkend a po\u0159adatel\u00e9 na n\u011bj l\u00e1kaj\u00ed div\u00e1ky na velice zaj\u00edmav\u00e9 jm\u00e9no. Startovat bude trojn\u00e1sobn\u00fd mistr sv\u011bta Zden\u011bk \u0160tybar, kter\u00fd dnes absolvoval prvn\u00ed start v&nbsp;ter\u00e9nu a nevedl si \u0161patn\u011b. P\u0159i z\u00e1vodu Slovensk\u00e9ho poh\u00e1ru v&nbsp;Doh\u0148anech vybojoval druh\u00e9 m\u00edsto, kdy\u017e zaostal jen o 17 vte\u0159ina za v\u00edt\u011bzn\u00fdm Wardem Huybsem z&nbsp;Belgie.<\/p>\n\n\n\n<p>Na Slovensku si ale v\u00fdborn\u011b vedli i dal\u0161\u00ed na\u0161i jezdci. Krist\u00fdna Zemanov\u00e1 mezi \u017eenami a junior V\u00e1clav Je\u017eek (oba Brilon Racing Team MB) sv\u00e9 z\u00e1vody ovl\u00e1dli. Na stupn\u011b v\u00edt\u011bz\u016f vystoupili je\u0161t\u011b druh\u00e1 Pavla Havl\u00edkov\u00e1 (Lawi junior team) a t\u0159et\u00ed Filip Samec (KOLOFIX MTB Racing Team).<\/p>\n\n\n\n<p>V\u00fdsledky:<\/p>\n\n\n\n<p>Mu\u017ei:<\/p>\n\n\n\n<p>1. Huybs (Belg.) 1:00:57, 2. \u0160tybar (\u010cR) +17, 3. Rombouts (Belg.) +1:18, \u2026 5. \u0158\u00edman +2:34, 6. Fiala +3:49, &#8230;8. Jind\u0159ich (v\u0161ichni \u010cR) +4:37.<\/p>\n\n\n\n<p>\u017deny:<\/p>\n\n\n\n<p>1. Zemanov\u00e1 47:05, 2. Havl\u00edkov\u00e1 (ob\u011b \u010cR) +3, 3. Truyenov\u00e1 (Belg.) +1:06, &#8230;7. Van\u00ed\u010dkov\u00e1 (\u010cR) +3:23.<\/p>\n\n\n\n<p>Junio\u0159i:<\/p>\n\n\n\n<p>1. Je\u017eek (\u010cR) 41:40, 2. Schwarzbacher (SR) +16, 3. Samec +45, &#8230;6. Rube\u0161 +2:36, 7. \u0160ump\u00edk +3:14, 8. Friedel +3:29, 10. Hojka (v\u0161ichni \u010cR) +4:05.<\/p>\n\n\n\n<p>FOTO Martin Kment<\/p>\n\n\n\n<figure class=\"wp-block-image size-large\"><img loading=\"lazy\" decoding=\"async\" width=\"557\" height=\"891\" src=\"https:\/\/www.czechcyclingfederation.com\/wp-content\/uploads\/2022\/10\/35683d9f-a059-47fb-b2b3-a963a59636c6.jpg\" alt=\"\" class=\"wp-image-14067\" srcset=\"https:\/\/www.czechcyclingfederation.com\/wp-content\/uploads\/2022\/10\/35683d9f-a059-47fb-b2b3-a963a59636c6.jpg 557w, https:\/\/www.czechcyclingfederation.com\/wp-content\/uploads\/2022\/10\/35683d9f-a059-47fb-b2b3-a963a59636c6-125x200.jpg 125w\" sizes=\"auto, (max-width: 557px) 100vw, 557px\" \/><\/figure>\n\n\n\n<figure class=\"wp-block-image size-large\"><img loading=\"lazy\" decoding=\"async\" width=\"750\" height=\"579\" src=\"https:\/\/www.czechcyclingfederation.com\/wp-content\/uploads\/2022\/10\/69169317-d76e-4990-b7db-bbfcd0377244.jpg\" alt=\"\" class=\"wp-image-14068\" srcset=\"https:\/\/www.czechcyclingfederation.com\/wp-content\/uploads\/2022\/10\/69169317-d76e-4990-b7db-bbfcd0377244.jpg 750w, https:\/\/www.czechcyclingfederation.com\/wp-content\/uploads\/2022\/10\/69169317-d76e-4990-b7db-bbfcd0377244-259x200.jpg 259w\" sizes=\"auto, (max-width: 750px) 100vw, 750px\" \/><\/figure>\n","protected":false},"excerpt":{"rendered":"<p>Z\u00e1vod Sv\u011btov\u00e9ho poh\u00e1ru v&nbsp;cyklokrosu v&nbsp;T\u00e1bo\u0159e se pojede ji\u017e p\u0159\u00ed\u0161t\u00ed v\u00edkend a po\u0159adatel\u00e9 na n\u011bj l\u00e1kaj\u00ed div\u00e1ky na velice zaj\u00edmav\u00e9 jm\u00e9no. Startovat bude trojn\u00e1sobn\u00fd mistr sv\u011bta Zden\u011bk \u0160tybar, kter\u00fd dnes absolvoval prvn\u00ed start v&nbsp;ter\u00e9nu a nevedl si \u0161patn\u011b. P\u0159i z\u00e1vodu Slovensk\u00e9ho poh\u00e1ru v&nbsp;Doh\u0148anech vybojoval druh\u00e9 m\u00edsto, kdy\u017e zaostal jen o 17 vte\u0159ina za v\u00edt\u011bzn\u00fdm Wardem Huybsem [&hellip;]<\/p>\n","protected":false},"author":8,"featured_media":14066,"comment_status":"closed","ping_status":"open","sticky":false,"template":"","format":"standard","meta":{"footnotes":""},"categories":[58,2],"tags":[59],"class_list":["post-14064","post","type-post","status-publish","format-standard","has-post-thumbnail","hentry","category-cyklokros","category-novinky","tag-cyklokros"],"_links":{"self":[{"href":"https:\/\/www.czechcyclingfederation.com\/en\/wp-json\/wp\/v2\/posts\/14064","targetHints":{"allow":["GET"]}}],"collection":[{"href":"https:\/\/www.czechcyclingfederation.com\/en\/wp-json\/wp\/v2\/posts"}],"about":[{"href":"https:\/\/www.czechcyclingfederation.com\/en\/wp-json\/wp\/v2\/types\/post"}],"author":[{"embeddable":true,"href":"https:\/\/www.czechcyclingfederation.com\/en\/wp-json\/wp\/v2\/users\/8"}],"replies":[{"embeddable":true,"href":"https:\/\/www.czechcyclingfederation.com\/en\/wp-json\/wp\/v2\/comments?post=14064"}],"version-history":[{"count":2,"href":"https:\/\/www.czechcyclingfederation.com\/en\/wp-json\/wp\/v2\/posts\/14064\/revisions"}],"predecessor-version":[{"id":14126,"href":"https:\/\/www.czechcyclingfederation.com\/en\/wp-json\/wp\/v2\/posts\/14064\/revisions\/14126"}],"wp:featuredmedia":[{"embeddable":true,"href":"https:\/\/www.czechcyclingfederation.com\/en\/wp-json\/wp\/v2\/media\/14066"}],"wp:attachment":[{"href":"https:\/\/www.czechcyclingfederation.com\/en\/wp-json\/wp\/v2\/media?parent=14064"}],"wp:term":[{"taxonomy":"category","embeddable":true,"href":"https:\/\/www.czechcyclingfederation.com\/en\/wp-json\/wp\/v2\/categories?post=14064"},{"taxonomy":"post_tag","embeddable":true,"href":"https:\/\/www.czechcyclingfederation.com\/en\/wp-json\/wp\/v2\/tags?post=14064"}],"curies":[{"name":"wp","href":"https:\/\/api.w.org\/{rel}","templated":true}]}}