{"id":14040,"date":"2022-10-17T20:00:00","date_gmt":"2022-10-17T18:00:00","guid":{"rendered":"https:\/\/www.czechcyclingfederation.com\/?p=14040"},"modified":"2022-10-18T16:59:29","modified_gmt":"2022-10-18T14:59:29","slug":"csc-hleda-poradatele-slavnostniho-vecera-vyhlaseni-ankety-kral-cyklistiky-2022","status":"publish","type":"post","link":"https:\/\/www.czechcyclingfederation.com\/en\/csc-hleda-poradatele-slavnostniho-vecera-vyhlaseni-ankety-kral-cyklistiky-2022\/","title":{"rendered":"\u010cSC hled\u00e1 po\u0159adatele slavnostn\u00edho ve\u010dera vyhl\u00e1\u0161en\u00ed ankety KR\u00c1L CYKLISTIKY 2022"},"content":{"rendered":"\n<p><strong>V\u00fdzva pro z\u00e1jemce o po\u0159\u00e1d\u00e1n\u00ed slavnostn\u00edho ve\u010dera a vyhl\u00e1\u0161en\u00ed ankety Kr\u00e1l cyklistiky 2022.<\/strong><\/p>\n\n\n\n<p>Prez\u00eddium \u010cesk\u00e9ho svazu cyklistiky vyhla\u0161uje v\u00fdzvu pro z\u00e1jemce o po\u0159\u00e1d\u00e1n\u00ed slavnostn\u00edho ve\u010dera a vyhl\u00e1\u0161en\u00ed ankety Kr\u00e1l cyklistiky 2022.<\/p>\n\n\n\n<p>Krit\u00e9ria zad\u00e1n\u00ed:<\/p>\n\n\n\n<ul class=\"wp-block-list\"><li>term\u00edn slavnostn\u00edho ve\u010dera: \u00fater\u00fd 14.2.2023;<\/li><li>po\u0159ad nasn\u00edm\u00e1 a \u017eiv\u011b odvys\u00edl\u00e1 \u010cesk\u00e1 televize na kan\u00e1le \u010cT sport 14.2.2023 od 20:15, tato n\u00e1kladov\u00e1 polo\u017eka bude uhrazena ze strany \u010cSC. Zbytek produkce zaji\u0161\u0165uje dodavatel na sv\u00e9 n\u00e1klady;<\/li><li>moder\u00e1tor slavnostn\u00edho ve\u010dera bude vybr\u00e1n ze strany \u010cesk\u00e9 televize;<\/li><li>dodavatel m\u00e1 v&nbsp;r\u00e1mci slavnostn\u00edho ve\u010dera mo\u017enost propagovat sv\u00e9 partnery. Z\u00e1rove\u0148 m\u00e1 mo\u017enost vyu\u017e\u00edt v&nbsp;n\u00e1zvu slavnostn\u00edho ve\u010dera titul\u00e1rn\u00edho partnera ( mimo segment osobn\u00edch vozidel );<\/li><li>p\u0159edlo\u017een\u00ed dramaturgie ve\u010dera v d\u00e9lce 80 min. a n\u00e1vrhu sc\u00e9nografie;<\/li><li>p\u0159edlo\u017een\u00ed polo\u017ekov\u00e9ho rozpo\u010dtu, kter\u00fd bude zahrnovat ve\u0161ker\u00e9 n\u00e1kladov\u00e9 polo\u017eky;<\/li><li>kapacita host\u016f slavnostn\u00edho ve\u010dera je 200 osob;<\/li><li>coffee break p\u0159ed zah\u00e1jen\u00edm a z\u00e1v\u011bre\u010dn\u00fd raut po vyhl\u00e1\u0161en\u00ed;<\/li><li>mezi mandatories je prezence Partner\u016f \u010cSC ( v\u010d. gener\u00e1ln\u00edho partnera \u0160KODA AUTO a dal\u0161\u00edch partner\u016f ). Tato prezentace prob\u011bhne n\u00e1sleduj\u00edc\u00ed formou:<\/li><li>2x samostatn\u00fd sponzorsk\u00fd vzkaz Partnera o stop\u00e1\u017ei ka\u017ed\u00fd 10s, um\u00edst\u011bn\u00fd bezprost\u0159edn\u011b p\u0159ed a bezprost\u0159edn\u011b po samotn\u00e9m po\u0159adu;<\/li><li>5x injekt\u00e1\u017e loga Partnera v&nbsp;d\u00e9lce zobrazen\u00ed min. 5s;<\/li><li>vystaven\u00ed osobn\u00edho vozidla \u0160KODA p\u0159ed m\u00edstem kon\u00e1n\u00ed akce dle standard\u016f pro prezentaci vozidel;<\/li><li>prezentace Partner\u016f v&nbsp;r\u00e1mci v\u0161ech propaga\u010dn\u00edch materi\u00e1l\u016f;<\/li><li>prezentace Partner\u016f um\u00edst\u011bn\u00edm loga na moder\u00e1torsk\u00e9m stolku, logo st\u011bn\u011b, rozhovorov\u00e9 st\u011bn\u011b, apod., pokud v&nbsp;r\u00e1mci akce obdobn\u00e9 pln\u011bn\u00ed bude realizov\u00e1no pro jin\u00e9 partnery akce;<\/li><\/ul>\n\n\n\n<p>Term\u00edn p\u0159edlo\u017een\u00ed p\u00edsemn\u00e9 nab\u00eddky k&nbsp;organizaci slavnostn\u00edho ve\u010dera Kr\u00e1l cyklistiky 2022 je&nbsp;<strong><u>31.10.2022 do 18:00.<\/u><\/strong><\/p>\n\n\n\n<p><strong>Nab\u00eddky a p\u0159\u00edpadn\u00e9 dotazy<\/strong> pos\u00edlejte pros\u00edm e-mailem na adresu:&nbsp;<a href=\"applewebdata:\/\/7AC1E6CE-9D45-45D9-AE82-EBE9F122F1FC\/dvorak@ceskysvazcyklistiky.cz\">dvorak@ceskysvazcyklistiky.cz<\/a><\/p>\n\n\n<div class=\"wp-block-file\">\r\n                <a target=\"_blank\" rel=\"noopener\" href=\"https:\/\/www.czechcyclingfederation.com\/wp-content\/uploads\/2022\/10\/vyzva-pro-zajemce-o-KC2022.pdf\" class=\"wp-block-file__button wp-element-button\">\r\n                    <span class=\"wp-block-file__icon\"><\/span>\r\n                    V\u00fdzva pro z\u00e1jemce o po\u0159\u00e1d\u00e1n\u00ed KC2022\r\n                <\/a>\r\n            <\/div>\n\n\n<figure class=\"wp-block-image size-large\"><img loading=\"lazy\" decoding=\"async\" width=\"1024\" height=\"658\" src=\"https:\/\/www.czechcyclingfederation.com\/wp-content\/uploads\/2022\/10\/DSC_0749-_CEZ-KRAL-CYKLISTIKY-2021-1024x658.jpg\" alt=\"\" class=\"wp-image-14043\" srcset=\"https:\/\/www.czechcyclingfederation.com\/wp-content\/uploads\/2022\/10\/DSC_0749-_CEZ-KRAL-CYKLISTIKY-2021-1024x658.jpg 1024w, https:\/\/www.czechcyclingfederation.com\/wp-content\/uploads\/2022\/10\/DSC_0749-_CEZ-KRAL-CYKLISTIKY-2021-300x193.jpg 300w, https:\/\/www.czechcyclingfederation.com\/wp-content\/uploads\/2022\/10\/DSC_0749-_CEZ-KRAL-CYKLISTIKY-2021-768x494.jpg 768w, https:\/\/www.czechcyclingfederation.com\/wp-content\/uploads\/2022\/10\/DSC_0749-_CEZ-KRAL-CYKLISTIKY-2021-1536x987.jpg 1536w, https:\/\/www.czechcyclingfederation.com\/wp-content\/uploads\/2022\/10\/DSC_0749-_CEZ-KRAL-CYKLISTIKY-2021-2048x1317.jpg 2048w, https:\/\/www.czechcyclingfederation.com\/wp-content\/uploads\/2022\/10\/DSC_0749-_CEZ-KRAL-CYKLISTIKY-2021-1320x849.jpg 1320w\" sizes=\"auto, (max-width: 1024px) 100vw, 1024px\" \/><\/figure>\n\n\n\n<figure class=\"wp-block-image size-large\"><img loading=\"lazy\" decoding=\"async\" width=\"1024\" height=\"940\" src=\"http:\/\/www.czechcyclingfederation.com\/wp-content\/uploads\/2022\/02\/SOU_6019-CEZ-KRAL-CYKLISTIKY-2021_Ondra-Cink-1024x940.jpg\" alt=\"\" class=\"wp-image-11061\" srcset=\"https:\/\/www.czechcyclingfederation.com\/wp-content\/uploads\/2022\/02\/SOU_6019-CEZ-KRAL-CYKLISTIKY-2021_Ondra-Cink-1024x940.jpg 1024w, https:\/\/www.czechcyclingfederation.com\/wp-content\/uploads\/2022\/02\/SOU_6019-CEZ-KRAL-CYKLISTIKY-2021_Ondra-Cink-218x200.jpg 218w, https:\/\/www.czechcyclingfederation.com\/wp-content\/uploads\/2022\/02\/SOU_6019-CEZ-KRAL-CYKLISTIKY-2021_Ondra-Cink-768x705.jpg 768w, https:\/\/www.czechcyclingfederation.com\/wp-content\/uploads\/2022\/02\/SOU_6019-CEZ-KRAL-CYKLISTIKY-2021_Ondra-Cink-1536x1409.jpg 1536w, https:\/\/www.czechcyclingfederation.com\/wp-content\/uploads\/2022\/02\/SOU_6019-CEZ-KRAL-CYKLISTIKY-2021_Ondra-Cink-2048x1879.jpg 2048w, https:\/\/www.czechcyclingfederation.com\/wp-content\/uploads\/2022\/02\/SOU_6019-CEZ-KRAL-CYKLISTIKY-2021_Ondra-Cink-1320x1211.jpg 1320w\" sizes=\"auto, (max-width: 1024px) 100vw, 1024px\" \/><\/figure>\n\n\n\n<figure class=\"wp-block-image size-large\"><img loading=\"lazy\" decoding=\"async\" width=\"1024\" height=\"683\" src=\"https:\/\/www.czechcyclingfederation.com\/wp-content\/uploads\/2022\/10\/VOT05365_DxO-kopie-1024x683.jpg\" alt=\"\" class=\"wp-image-14044\" srcset=\"https:\/\/www.czechcyclingfederation.com\/wp-content\/uploads\/2022\/10\/VOT05365_DxO-kopie-1024x683.jpg 1024w, https:\/\/www.czechcyclingfederation.com\/wp-content\/uploads\/2022\/10\/VOT05365_DxO-kopie-300x200.jpg 300w, https:\/\/www.czechcyclingfederation.com\/wp-content\/uploads\/2022\/10\/VOT05365_DxO-kopie-768x512.jpg 768w, https:\/\/www.czechcyclingfederation.com\/wp-content\/uploads\/2022\/10\/VOT05365_DxO-kopie-1536x1024.jpg 1536w, https:\/\/www.czechcyclingfederation.com\/wp-content\/uploads\/2022\/10\/VOT05365_DxO-kopie-2048x1366.jpg 2048w, https:\/\/www.czechcyclingfederation.com\/wp-content\/uploads\/2022\/10\/VOT05365_DxO-kopie-1320x880.jpg 1320w\" sizes=\"auto, (max-width: 1024px) 100vw, 1024px\" \/><\/figure>\n","protected":false},"excerpt":{"rendered":"<p>V\u00fdzva pro z\u00e1jemce o po\u0159\u00e1d\u00e1n\u00ed slavnostn\u00edho ve\u010dera a vyhl\u00e1\u0161en\u00ed ankety Kr\u00e1l cyklistiky 2022. Prez\u00eddium \u010cesk\u00e9ho svazu cyklistiky vyhla\u0161uje v\u00fdzvu pro z\u00e1jemce o po\u0159\u00e1d\u00e1n\u00ed slavnostn\u00edho ve\u010dera a vyhl\u00e1\u0161en\u00ed ankety Kr\u00e1l cyklistiky 2022. Krit\u00e9ria zad\u00e1n\u00ed: term\u00edn slavnostn\u00edho ve\u010dera: \u00fater\u00fd 14.2.2023; po\u0159ad nasn\u00edm\u00e1 a \u017eiv\u011b odvys\u00edl\u00e1 \u010cesk\u00e1 televize na kan\u00e1le \u010cT sport 14.2.2023 od 20:15, tato n\u00e1kladov\u00e1 polo\u017eka [&hellip;]<\/p>\n","protected":false},"author":1,"featured_media":14047,"comment_status":"closed","ping_status":"open","sticky":false,"template":"","format":"standard","meta":{"footnotes":""},"categories":[28,2],"tags":[119],"class_list":["post-14040","post","type-post","status-publish","format-standard","has-post-thumbnail","hentry","category-cesky-svaz-cyklistiky","category-novinky","tag-csc"],"_links":{"self":[{"href":"https:\/\/www.czechcyclingfederation.com\/en\/wp-json\/wp\/v2\/posts\/14040","targetHints":{"allow":["GET"]}}],"collection":[{"href":"https:\/\/www.czechcyclingfederation.com\/en\/wp-json\/wp\/v2\/posts"}],"about":[{"href":"https:\/\/www.czechcyclingfederation.com\/en\/wp-json\/wp\/v2\/types\/post"}],"author":[{"embeddable":true,"href":"https:\/\/www.czechcyclingfederation.com\/en\/wp-json\/wp\/v2\/users\/1"}],"replies":[{"embeddable":true,"href":"https:\/\/www.czechcyclingfederation.com\/en\/wp-json\/wp\/v2\/comments?post=14040"}],"version-history":[{"count":3,"href":"https:\/\/www.czechcyclingfederation.com\/en\/wp-json\/wp\/v2\/posts\/14040\/revisions"}],"predecessor-version":[{"id":14127,"href":"https:\/\/www.czechcyclingfederation.com\/en\/wp-json\/wp\/v2\/posts\/14040\/revisions\/14127"}],"wp:featuredmedia":[{"embeddable":true,"href":"https:\/\/www.czechcyclingfederation.com\/en\/wp-json\/wp\/v2\/media\/14047"}],"wp:attachment":[{"href":"https:\/\/www.czechcyclingfederation.com\/en\/wp-json\/wp\/v2\/media?parent=14040"}],"wp:term":[{"taxonomy":"category","embeddable":true,"href":"https:\/\/www.czechcyclingfederation.com\/en\/wp-json\/wp\/v2\/categories?post=14040"},{"taxonomy":"post_tag","embeddable":true,"href":"https:\/\/www.czechcyclingfederation.com\/en\/wp-json\/wp\/v2\/tags?post=14040"}],"curies":[{"name":"wp","href":"https:\/\/api.w.org\/{rel}","templated":true}]}}