{"id":14011,"date":"2022-10-12T17:56:56","date_gmt":"2022-10-12T15:56:56","guid":{"rendered":"https:\/\/www.czechcyclingfederation.com\/?p=14011"},"modified":"2022-10-12T17:59:36","modified_gmt":"2022-10-12T15:59:36","slug":"mcr-salovka-kolovou-ovladl-favorit-brno-nejlepsimi-krasojezdci-masek-a-m-vosickova","status":"publish","type":"post","link":"https:\/\/www.czechcyclingfederation.com\/en\/mcr-salovka-kolovou-ovladl-favorit-brno-nejlepsimi-krasojezdci-masek-a-m-vosickova\/","title":{"rendered":"M\u010cR v kolov\u00e9 ovl\u00e1dl Favorit Brno, nejlep\u0161\u00edmi krasojezdci Ma\u0161ek a M. Vosi\u010dkov\u00e1"},"content":{"rendered":"\n<p>V ned\u011bli&nbsp;9.&nbsp;\u0159\u00edjna se ve Svit\u00e1vce uskute\u010dnilo Mistrovstv\u00ed \u010cesk\u00e9 republiky, tedy fin\u00e1lov\u00fd turnaj v&nbsp;kolov\u00e9 a&nbsp;krasoj\u00edzd\u011b. Bojovalo se o&nbsp;titul Mistra \u010cesk\u00e9 republiky a&nbsp;taky cenn\u00e9 nomina\u010dn\u00ed body na Mistrovstv\u00ed sv\u011bta. V&nbsp;r\u00e1mci kolov\u00e9 nastoupily 4 nejlep\u0161\u00ed tuzemsk\u00e9 t\u00fdmy, kter\u00e9 se v&nbsp;z\u00e1kladn\u00ed \u010d\u00e1sti utkaly syst\u00e9mem ka\u017ed\u00fd s&nbsp;ka\u017ed\u00fdm.&nbsp;<\/p>\n\n\n\n<p>Tabulka nomina\u010dn\u00edch bod\u016f na Mistrovstv\u00ed \u010cR a&nbsp;mistrovstv\u00ed sv\u011bta byla letos velmi vyrovnan\u00e1. D\u00edky velmi podobn\u00e9mu bodov\u00e9mu po\u010dtu prvn\u00edch t\u0159\u00ed t\u00fdm\u016f platilo, \u017ee na Mistrovstv\u00ed sv\u011bta pojede ten, kdo se stane Mistrem \u010desk\u00e9 republiky.<\/p>\n\n\n\n<p>Z \u010dela tabulky sou\u010dasn\u00e9 sez\u00f3ny s&nbsp;t\u011bsn\u00fdm n\u00e1skokem na mistrovstv\u00ed \u010desk\u00e9 republiky postoupil Favorit Brno ve slo\u017een\u00ed Jan Havl\u00ed\u010dek a&nbsp;Robert Zvol\u00e1nek. Pro t\u00fdm kter\u00fd v&nbsp;minul\u00e9m roce \u00fasp\u011b\u0161n\u011b reprezentoval na\u0161i zemi na mistrovstv\u00ed sv\u011bta bylo hlavn\u00edm c\u00edlem turnaje tyto ambice potvrdit a&nbsp;zopakovat.<br>Dal\u0161\u00edm \u00fa\u010dastn\u00edkem byl t\u00fdm Startu Plze\u0148, za kter\u00fd nastoupil Ond\u0159ej Kydl\u00ed\u010dek a&nbsp;Josef Reindl. Plze\u0148 se na mistrovstv\u00ed kvalifikovala po&nbsp;\u00fasp\u011b\u0161n\u00e9m posledn\u00edm kole Extraligy a&nbsp;jej\u00edm c\u00edlem bylo tedy bojovat o&nbsp;medailov\u00e9 pozice.&nbsp;<\/p>\n\n\n\n<p>Obh\u00e1jcem titulu mistra \u010cR z&nbsp;minul\u00e9ho roku byl t\u00fdm Ze Zl\u00edna ve slo\u017een\u00ed Ludv\u00edk P\u00edsek a&nbsp;Miroslav Gottfried. A&nbsp;kone\u010dn\u011b dom\u00e1c\u00edm t\u00fdm Svit\u00e1vky na&nbsp;&nbsp;turnaji za velk\u00e9 podpory dom\u00e1c\u00edch fanou\u0161k\u016f reprezentovala dvojice nejstar\u0161\u00edho a&nbsp;nejmlad\u0161\u00edho hr\u00e1\u010de na startovn\u00edm poli. Zku\u0161en\u00fd Ji\u0159\u00ed Hrdli\u010dka star\u0161\u00ed nastoupil po&nbsp;boku nov\u00e1\u010dka extraligy Jana Kripnera.&nbsp;<\/p>\n\n\n\n<p>V \u00favodn\u00ed \u010d\u00e1sti turnaje, kde t\u00fdmy hr\u00e1ly syst\u00e9m ka\u017ed\u00fd s&nbsp;ka\u017ed\u00fdm, si nejl\u00e9pe vedl t\u00fdm Favoritu Brno.&nbsp;<br>Bohu\u017eel si jeho \u00fato\u010dn\u00edk Honza Havl\u00ed\u010dek v&nbsp;posledn\u00edm z\u00e1pase v\u00e1\u017en\u011b zranil koleno a&nbsp;z&nbsp;turnaje musel odstoupit.&nbsp;<br>Po boku Zvol\u00e1nka ho pak nahradil ve zbyl\u00fdch z\u00e1pasech hr\u00e1\u010d prvn\u00ed ligy Patrik Krej\u010d\u00ed. Do fin\u00e1le se spole\u010dn\u011b s&nbsp;Brnem probojovala dom\u00e1c\u00ed Svit\u00e1vka.<\/p>\n\n\n\n<p>V z\u00e1pase o\u00a0t\u0159et\u00ed m\u00edsto byl lep\u0161\u00edm t\u00fdmem Zl\u00edn, kter\u00fd si nakonec ze Svit\u00e1vky odv\u00e1\u017eel bronzov\u00e9 medaile za kone\u010dn\u00e9 3.\u00a0m\u00edsto. V\u00a0z\u00e1pase o\u00a0bronz porazil dvojici z\u00e1pado\u010desk\u00e9 Plzn\u011b v\u00a0pom\u011bru 6:3.<\/p>\n\n\n\n<p>Fin\u00e1le nab\u00eddlo velmi vyrovnan\u00fd souboj. Bylo jasn\u00e9, \u017ee v\u00edt\u011bz se stane mistrem republiky a&nbsp;z\u00e1rove\u0148 se nominuje na mistrovstv\u00ed sv\u011bta. V&nbsp;z\u00e1kladn\u00ed hrac\u00ed dob\u011b skon\u010dilo utk\u00e1n\u00ed rem\u00edzou 3:3. Podle sm\u011brnic kolov\u00e9 m\u011blo tedy n\u00e1sledovat sedmiminutov\u00e9 prodlou\u017een\u00ed.&nbsp;<\/p>\n\n\n\n<p>V\u00edt\u011bz turnaje nakonec nevze\u0161el ani z&nbsp;prodlou\u017een\u00ed, kter\u00e9 skon\u010dilo rem\u00edzou v&nbsp;pom\u011bru 4:4. Rozhodovat tedy musel a\u017e penaltov\u00fd rozst\u0159el.<\/p>\n\n\n\n<p>V penaltov\u00e9m rozst\u0159elu bylo nakonec \u0161\u0165astn\u011bj\u0161\u00ed Brno, kter\u00e9 fin\u00e1lov\u00fd z\u00e1pas v\u00a0n\u00e1hradn\u00edm slo\u017een\u00ed zvl\u00e1dlo na jedni\u010dku, z\u00edskalo titul Mistra \u010desk\u00e9 republiky a\u00a0z\u00e1rove\u0148 se kvalifikovalo na Mistrovstv\u00ed sv\u011bta, kter\u00e9 se letos uskute\u010dn\u00ed na za\u010d\u00e1tku listopadu v\u00a0belgick\u00e9m Gentu. N\u00e1hradn\u00edm t\u00fdmem bude t\u00fdm Svit\u00e1vky.<\/p>\n\n\n\n<figure class=\"wp-block-embed is-type-video is-provider-youtube wp-block-embed-youtube wp-embed-aspect-16-9 wp-has-aspect-ratio\"><div class=\"wp-block-embed__wrapper\">\n<iframe loading=\"lazy\" title=\"Mistrovstv\u00ed \u010cR v kolov\u00e9 2022\" width=\"500\" height=\"281\" src=\"https:\/\/www.youtube.com\/embed\/zWVnHRVBrQI?feature=oembed\" frameborder=\"0\" allow=\"accelerometer; autoplay; clipboard-write; encrypted-media; gyroscope; picture-in-picture; web-share\" referrerpolicy=\"strict-origin-when-cross-origin\" allowfullscreen><\/iframe>\n<\/div><\/figure>\n\n\n\n<p>Spole\u010dn\u011b s\u00a0nejlep\u0161\u00edmi t\u00fdmy kolov\u00e9 se p\u0159edstavili tak\u00e9 nejlep\u0161\u00ed z\u00e1vodn\u00edci a\u00a0z\u00e1vodnice krasoj\u00edzdy. Ti bojovali o\u00a0titul mistra republiky v\u00a0kategori\u00edch jednotlivci mu\u017ei, jednotlivci \u017eeny a\u00a0dvojice open.\u00a0<br><br>Z\u00e1vod krasoj\u00edzdy byl bohu\u017eel zna\u010dn\u011b ovlivn\u011bn nemocemi a\u00a0zran\u011bn\u00edm. N\u011bkolik z\u00e1vodn\u00edku se tak muselo z\u00a0vrcholu sez\u00f3ny odhl\u00e1sit.<br><br>V posledn\u00ed jmenovan\u00e9 kategorii open startovala tak pouze dvojice brn\u011bnsk\u00e9ho Sokola \u0158e\u010dkovice Jakub Ma\u0161ek s\u00a0Tom\u00e1\u0161em Grunou. Ti zajeli ze sv\u00e9 p\u016fvodn\u00ed napsan\u00e9 hodnoty, kter\u00e1 \u010dinila 112,9 bod\u016f kone\u010dn\u00fdch 98,01 bod\u016f.\u00a0<br><br>V kategorii \u017een jednotlivky\u0148 rozhodly mezi mlad\u00fdmi z\u00e1vodnicemi o\u00a0titulu pouh\u00e9 desetiny bodu. Novou mistryn\u00ed \u010cR se stala Michaela Vosi\u010dkov\u00e1 z\u00a0odd\u00edlu TJ Stavebn\u00ed stroje N\u011bm\u010dice nad Hanou s\u00a0bodovou hodnotou 93,52 bod\u016f. T\u011bsn\u011b za n\u00ed, na druh\u00e9m m\u00edst\u011b, se um\u00edstila \u0160t\u011bp\u00e1nka \u0158asov\u00e1 z\u00a0pra\u017esk\u00e9ho odd\u00edlu TJ Pankr\u00e1c s\u00a0hodnotou 93,24 bodu a\u00a0z\u00edskala tak st\u0159\u00edbrnou medaili. Po\u0159ad\u00ed na stupn\u00edch v\u00edt\u011bz\u016f uzav\u0159ela mlad\u0161\u00ed sestra Michaely Vosi\u010dkov\u00e9. Kate\u0159ina Vosi\u010dkov\u00e1 z\u00edskala za svoji j\u00edzdu 85,01 bodu a\u00a0sestry se tak mohly radovat z\u00a0velk\u00e9ho rodinn\u00e9ho \u00fasp\u011bchu a\u00a0zlat\u00e9 a\u00a0bronzov\u00e9 medaile pro sv\u016fj odd\u00edl.\u00a0<br><br>Kategorie mu\u017e\u016f jednotlivc\u016f byla bohu\u017eel ovlivn\u011bna absenc\u00ed n\u011bkter\u00fdch z\u00e1vodn\u00edk\u016f. Favorit na st\u0159\u00edbrnou medaili Radek Jan\u010d\u00edk z\u00a0odd\u00edlu TJ Sokol Horn\u00ed \u2013 Her\u0161pice se nemohl z\u00e1vodu z\u00fa\u010dastnit. Stejn\u011b tak se nemohl p\u0159edv\u00e9st mlad\u00fd Kry\u0161tof Ne\u010das z\u00a0brn\u011bnsk\u00e9ho Favoritu, kter\u00fd si na kvalifika\u010dn\u00edm z\u00e1vod\u011b na \u0161ampion\u00e1t p\u0159ivodil zlomeninu ruky.\u00a0<br>V\u00edt\u011bzem t\u00e9to kategorie se tak dle o\u010dek\u00e1v\u00e1n\u00ed stal Jakub Ma\u0161ek z\u00a0odd\u00edlu TJ Sokol \u0158e\u010dkovice, kter\u00fd zajel j\u00edzdu ohodnocenou 125,86 body.\u00a0<br>St\u0159\u00edbrnou medaili z\u00edskal za sv\u016fj v\u00fdkon 111,08 bod\u016f tak\u00e9 \u0159e\u010dkovick\u00fd reprezentant Tom\u00e1\u0161 Gruna.\u00a0<br>Stupn\u011b v\u00edt\u011bz\u016f uzav\u0159el Ond\u0159ej Hanzl\u00ed\u010dek z\u00a0odd\u00edlu SKP Kometa Brno, kter\u00fd zajel 85,17 bod\u016f a\u00a0z\u00edskal tak bronzovou medaili.\u00a0\u00a0<br><\/p>\n\n\n\n<figure class=\"wp-block-image size-large\"><img loading=\"lazy\" decoding=\"async\" width=\"1024\" height=\"681\" src=\"https:\/\/www.czechcyclingfederation.com\/wp-content\/uploads\/2022\/10\/572CAAB9-CD71-43FD-9E67-0A0B17A97CC1-1024x681.jpg\" alt=\"\" class=\"wp-image-14013\" srcset=\"https:\/\/www.czechcyclingfederation.com\/wp-content\/uploads\/2022\/10\/572CAAB9-CD71-43FD-9E67-0A0B17A97CC1-1024x681.jpg 1024w, https:\/\/www.czechcyclingfederation.com\/wp-content\/uploads\/2022\/10\/572CAAB9-CD71-43FD-9E67-0A0B17A97CC1-300x200.jpg 300w, https:\/\/www.czechcyclingfederation.com\/wp-content\/uploads\/2022\/10\/572CAAB9-CD71-43FD-9E67-0A0B17A97CC1-768x511.jpg 768w, https:\/\/www.czechcyclingfederation.com\/wp-content\/uploads\/2022\/10\/572CAAB9-CD71-43FD-9E67-0A0B17A97CC1-1320x878.jpg 1320w, https:\/\/www.czechcyclingfederation.com\/wp-content\/uploads\/2022\/10\/572CAAB9-CD71-43FD-9E67-0A0B17A97CC1.jpg 1330w\" sizes=\"auto, (max-width: 1024px) 100vw, 1024px\" \/><\/figure>\n\n\n\n<figure class=\"wp-block-image size-large\"><img loading=\"lazy\" decoding=\"async\" width=\"1024\" height=\"681\" src=\"https:\/\/www.czechcyclingfederation.com\/wp-content\/uploads\/2022\/10\/BD31C6B4-C1E7-4374-AE63-06C72F3C9834-1024x681.jpg\" alt=\"\" class=\"wp-image-14014\" srcset=\"https:\/\/www.czechcyclingfederation.com\/wp-content\/uploads\/2022\/10\/BD31C6B4-C1E7-4374-AE63-06C72F3C9834-1024x681.jpg 1024w, https:\/\/www.czechcyclingfederation.com\/wp-content\/uploads\/2022\/10\/BD31C6B4-C1E7-4374-AE63-06C72F3C9834-300x200.jpg 300w, https:\/\/www.czechcyclingfederation.com\/wp-content\/uploads\/2022\/10\/BD31C6B4-C1E7-4374-AE63-06C72F3C9834-768x511.jpg 768w, https:\/\/www.czechcyclingfederation.com\/wp-content\/uploads\/2022\/10\/BD31C6B4-C1E7-4374-AE63-06C72F3C9834-1320x878.jpg 1320w, https:\/\/www.czechcyclingfederation.com\/wp-content\/uploads\/2022\/10\/BD31C6B4-C1E7-4374-AE63-06C72F3C9834.jpg 1330w\" sizes=\"auto, (max-width: 1024px) 100vw, 1024px\" \/><\/figure>\n\n\n\n<p><br>Cel\u00fd sout\u011b\u017en\u00ed den prov\u00e1zela v\u00fdjime\u010dn\u00e1 atmosf\u00e9ra, kter\u00e1 v\u00a0tuzemsk\u00e9 kolov\u00e9 nem\u00e1 obdoby.\u00a0<br>Pln\u00e1 tribuna v\u00a0nov\u00e9 sportovn\u00ed hale ve Svit\u00e1vce tak nab\u00eddla opravdu skv\u011bl\u00e9 podm\u00ednky pro uspo\u0159\u00e1d\u00e1n\u00ed vrcholu cel\u00e9 tuzemsk\u00e9 sez\u00f3ny.\u00a0<\/p>\n\n\n\n<p><br><br>FOTO : Petr Hru\u0161eck\u00fd<\/p>\n\n\n\n<p>AUTOR: Ji\u0159\u00ed Hrdli\u010dka<\/p>\n","protected":false},"excerpt":{"rendered":"<p>V ned\u011bli&nbsp;9.&nbsp;\u0159\u00edjna se ve Svit\u00e1vce uskute\u010dnilo Mistrovstv\u00ed \u010cesk\u00e9 republiky, tedy fin\u00e1lov\u00fd turnaj v&nbsp;kolov\u00e9 a&nbsp;krasoj\u00edzd\u011b. Bojovalo se o&nbsp;titul Mistra \u010cesk\u00e9 republiky a&nbsp;taky cenn\u00e9 nomina\u010dn\u00ed body na Mistrovstv\u00ed sv\u011bta. V&nbsp;r\u00e1mci kolov\u00e9 nastoupily 4 nejlep\u0161\u00ed tuzemsk\u00e9 t\u00fdmy, kter\u00e9 se v&nbsp;z\u00e1kladn\u00ed \u010d\u00e1sti utkaly syst\u00e9mem ka\u017ed\u00fd s&nbsp;ka\u017ed\u00fdm.&nbsp; Tabulka nomina\u010dn\u00edch bod\u016f na Mistrovstv\u00ed \u010cR a&nbsp;mistrovstv\u00ed sv\u011bta byla letos velmi vyrovnan\u00e1. D\u00edky [&hellip;]<\/p>\n","protected":false},"author":1,"featured_media":14017,"comment_status":"closed","ping_status":"open","sticky":false,"template":"","format":"standard","meta":{"footnotes":""},"categories":[17,2,60],"tags":[61],"class_list":["post-14011","post","type-post","status-publish","format-standard","has-post-thumbnail","hentry","category-discipliny","category-novinky","category-salovka","tag-salovka"],"_links":{"self":[{"href":"https:\/\/www.czechcyclingfederation.com\/en\/wp-json\/wp\/v2\/posts\/14011","targetHints":{"allow":["GET"]}}],"collection":[{"href":"https:\/\/www.czechcyclingfederation.com\/en\/wp-json\/wp\/v2\/posts"}],"about":[{"href":"https:\/\/www.czechcyclingfederation.com\/en\/wp-json\/wp\/v2\/types\/post"}],"author":[{"embeddable":true,"href":"https:\/\/www.czechcyclingfederation.com\/en\/wp-json\/wp\/v2\/users\/1"}],"replies":[{"embeddable":true,"href":"https:\/\/www.czechcyclingfederation.com\/en\/wp-json\/wp\/v2\/comments?post=14011"}],"version-history":[{"count":2,"href":"https:\/\/www.czechcyclingfederation.com\/en\/wp-json\/wp\/v2\/posts\/14011\/revisions"}],"predecessor-version":[{"id":14016,"href":"https:\/\/www.czechcyclingfederation.com\/en\/wp-json\/wp\/v2\/posts\/14011\/revisions\/14016"}],"wp:featuredmedia":[{"embeddable":true,"href":"https:\/\/www.czechcyclingfederation.com\/en\/wp-json\/wp\/v2\/media\/14017"}],"wp:attachment":[{"href":"https:\/\/www.czechcyclingfederation.com\/en\/wp-json\/wp\/v2\/media?parent=14011"}],"wp:term":[{"taxonomy":"category","embeddable":true,"href":"https:\/\/www.czechcyclingfederation.com\/en\/wp-json\/wp\/v2\/categories?post=14011"},{"taxonomy":"post_tag","embeddable":true,"href":"https:\/\/www.czechcyclingfederation.com\/en\/wp-json\/wp\/v2\/tags?post=14011"}],"curies":[{"name":"wp","href":"https:\/\/api.w.org\/{rel}","templated":true}]}}