{"id":13990,"date":"2022-10-10T09:11:02","date_gmt":"2022-10-10T07:11:02","guid":{"rendered":"https:\/\/www.czechcyclingfederation.com\/?p=13990"},"modified":"2022-11-11T11:23:06","modified_gmt":"2022-11-11T10:23:06","slug":"zdenek-stybar-8-na-premierovem-ms-v-gravelu","status":"publish","type":"post","link":"https:\/\/www.czechcyclingfederation.com\/en\/zdenek-stybar-8-na-premierovem-ms-v-gravelu\/","title":{"rendered":"Zden\u011bk \u0160tybar 8. na premi\u00e9rov\u00e9m MS v Gravelu"},"content":{"rendered":"\n<p>O v\u00edkendu 8. a 9.10. 2022 se v okol\u00ed italsk\u00e9ho Veneta konal prvn\u00ed sv\u011btov\u00fd \u0161ampion\u00e1t v discipl\u00edn\u011b Gravel. Jedn\u00e1 se o modifikaci silni\u010dn\u00ed cyklistiky, kde z\u00e1vodn\u00edci jedou zejm\u00e9na po \u0161otolin\u011b.<\/p>\n\n\n\n<p>V sobotu jeli sv\u016fj z\u00e1vod na 140 km \u017eeny, p\u0159i\u010dem\u017e tou nejlep\u0161\u00ed se stala Pauline F\u00e9rrand Pr\u00e9vot z Francie. Ta si letos dojela pro duhov\u00fd trikot ji\u017e po \u010dtvrt\u00e9. V leto\u0161n\u00ed sez\u00f3n\u011b toti\u017e ovl\u00e1dla sv\u011btov\u00e9 \u0161ampion\u00e1ty v kategorii XCO, XCM i XCC. Druhou \u017eenou byla Sinou Frei ze \u0160v\u00fdcarska. Pro bronz si dojela italsk\u00e1 bikerka Chiara Teocchi.<\/p>\n\n\n\n<figure class=\"wp-block-image size-large\"><img loading=\"lazy\" decoding=\"async\" width=\"1024\" height=\"682\" src=\"https:\/\/www.czechcyclingfederation.com\/wp-content\/uploads\/2022\/10\/310742417_124788243689299_3982375200484404040_n-1024x682.jpeg\" alt=\"\" class=\"wp-image-13996\" srcset=\"https:\/\/www.czechcyclingfederation.com\/wp-content\/uploads\/2022\/10\/310742417_124788243689299_3982375200484404040_n-1024x682.jpeg 1024w, https:\/\/www.czechcyclingfederation.com\/wp-content\/uploads\/2022\/10\/310742417_124788243689299_3982375200484404040_n-300x200.jpeg 300w, https:\/\/www.czechcyclingfederation.com\/wp-content\/uploads\/2022\/10\/310742417_124788243689299_3982375200484404040_n-768x512.jpeg 768w, https:\/\/www.czechcyclingfederation.com\/wp-content\/uploads\/2022\/10\/310742417_124788243689299_3982375200484404040_n-1536x1024.jpeg 1536w, https:\/\/www.czechcyclingfederation.com\/wp-content\/uploads\/2022\/10\/310742417_124788243689299_3982375200484404040_n-1320x880.jpeg 1320w, https:\/\/www.czechcyclingfederation.com\/wp-content\/uploads\/2022\/10\/310742417_124788243689299_3982375200484404040_n.jpeg 2000w\" sizes=\"auto, (max-width: 1024px) 100vw, 1024px\" \/><\/figure>\n\n\n\n<p>Ned\u011ble pak pat\u0159ila mu\u017e\u016fm. S trat\u00ed dlouhou 194 km si nejl\u00e9pe poradil Belgi\u010dan Gianni Vermeersch. Ten spolu s Italem Danielem Ossem str\u00e1vil v\u00edce ne\u017e 100 km v \u00faniku. Vermeesch m\u011bl ov\u0161em na posledn\u00edch 10 km v\u00edce sil a Ossovi ujel. O t\u0159et\u00ed m\u00edsto si to rozdali z\u00e1vodn\u00edci z WorldTour a ProTour t\u00fdm\u016f. V z\u00e1v\u011bre\u010dn\u00e9m spurtu byl nejlep\u0161\u00edm Mathieu van der Poel a dojel si tak pro bronz. \u010cesk\u00fd z\u00e1vodn\u00edk Zden\u011bk \u0160tybar skon\u010dil osm\u00fd se ztr\u00e1tou 1:46 min.&nbsp;Druh\u00fd \u010desk\u00fd reprezentant Lubo\u0161 Pel\u00e1nek skon\u010dil na 92. m\u00edst\u011b. <\/p>\n\n\n\n<p>V kategorii Masters 40-44 se Karel Vlk um\u00edstil na 24. pozici, v kategorii 45-49 pak Jakub Bl\u00e1ha na 34. pozici.<\/p>\n\n\n\n<p>V\u00fdsledky:<\/p>\n\n\n\n<p>\u017deny: 1. Pauline F\u00e9rrand-Pr\u00e9vot (FRA) 4:09:07 hod., 2. Sina Frei (SUI) +0:00, 3 .Chiara Teocchi (ITA) +0:11<\/p>\n\n\n\n<p>Mu\u017ei: 1. Gianni Vermeersch (Belgium) 5:10:40 hod., 2. Daniel Oss (Italy) +0:43 min., 3. Mathieu Van der Poel (Netherlands) +1:29,..8.Zden\u011bk \u0160tybar +1:46,..92. Lubo\u0161 Pel\u00e1nek +39:44 min.<\/p>\n\n\n\n<p>FOTO: FB <a href=\"https:\/\/www.facebook.com\/tornanti.cc?__tn__=-UC*F\">Tornanti.cc<\/a> \/ <a href=\"https:\/\/www.facebook.com\/gravelwchveneto2022?__tn__=-UC*F\">UCI Gravel World Championships 2022 &#8211; Veneto<\/a><\/p>\n","protected":false},"excerpt":{"rendered":"<p>O v\u00edkendu 8. a 9.10. 2022 se v okol\u00ed italsk\u00e9ho Veneta konal prvn\u00ed sv\u011btov\u00fd \u0161ampion\u00e1t v discipl\u00edn\u011b Gravel. Jedn\u00e1 se o modifikaci silni\u010dn\u00ed cyklistiky, kde z\u00e1vodn\u00edci jedou zejm\u00e9na po \u0161otolin\u011b. V sobotu jeli sv\u016fj z\u00e1vod na 140 km \u017eeny, p\u0159i\u010dem\u017e tou nejlep\u0161\u00ed se stala Pauline F\u00e9rrand Pr\u00e9vot z Francie. Ta si letos dojela pro duhov\u00fd [&hellip;]<\/p>\n","protected":false},"author":1,"featured_media":13995,"comment_status":"closed","ping_status":"open","sticky":false,"template":"","format":"standard","meta":{"footnotes":""},"categories":[201,17,2,103,18,106],"tags":[196],"class_list":["post-13990","post","type-post","status-publish","format-standard","has-post-thumbnail","hentry","category-cyklistika-pro-vsechny","category-discipliny","category-novinky","category-reprezentace","category-silnice","category-silnice-reprezentace","tag-gravel"],"_links":{"self":[{"href":"https:\/\/www.czechcyclingfederation.com\/en\/wp-json\/wp\/v2\/posts\/13990","targetHints":{"allow":["GET"]}}],"collection":[{"href":"https:\/\/www.czechcyclingfederation.com\/en\/wp-json\/wp\/v2\/posts"}],"about":[{"href":"https:\/\/www.czechcyclingfederation.com\/en\/wp-json\/wp\/v2\/types\/post"}],"author":[{"embeddable":true,"href":"https:\/\/www.czechcyclingfederation.com\/en\/wp-json\/wp\/v2\/users\/1"}],"replies":[{"embeddable":true,"href":"https:\/\/www.czechcyclingfederation.com\/en\/wp-json\/wp\/v2\/comments?post=13990"}],"version-history":[{"count":2,"href":"https:\/\/www.czechcyclingfederation.com\/en\/wp-json\/wp\/v2\/posts\/13990\/revisions"}],"predecessor-version":[{"id":14353,"href":"https:\/\/www.czechcyclingfederation.com\/en\/wp-json\/wp\/v2\/posts\/13990\/revisions\/14353"}],"wp:featuredmedia":[{"embeddable":true,"href":"https:\/\/www.czechcyclingfederation.com\/en\/wp-json\/wp\/v2\/media\/13995"}],"wp:attachment":[{"href":"https:\/\/www.czechcyclingfederation.com\/en\/wp-json\/wp\/v2\/media?parent=13990"}],"wp:term":[{"taxonomy":"category","embeddable":true,"href":"https:\/\/www.czechcyclingfederation.com\/en\/wp-json\/wp\/v2\/categories?post=13990"},{"taxonomy":"post_tag","embeddable":true,"href":"https:\/\/www.czechcyclingfederation.com\/en\/wp-json\/wp\/v2\/tags?post=13990"}],"curies":[{"name":"wp","href":"https:\/\/api.w.org\/{rel}","templated":true}]}}