{"id":1398,"date":"2020-07-15T23:16:08","date_gmt":"2020-07-15T21:16:08","guid":{"rendered":"http:\/\/www.czechcyclingfederation.com\/?p=1398"},"modified":"2020-07-23T09:31:33","modified_gmt":"2020-07-23T07:31:33","slug":"turne-ctyr-drah-v-praze-a-plzni","status":"publish","type":"post","link":"https:\/\/www.czechcyclingfederation.com\/en\/turne-ctyr-drah-v-praze-a-plzni\/","title":{"rendered":"Turn\u00e9 \u010dty\u0159 drah v Praze a Plzni"},"content":{"rendered":"\n<p><\/p>\n\n\n\n<p>V&nbsp;Praze na T\u0159ebe\u0161\u00edn\u011b v&nbsp;\u00fater\u00fd a v&nbsp;Plzni ve st\u0159edu absolvovali mlad\u00ed dr\u00e1ha\u0159i \u00favodn\u00ed dva z\u00e1vody seri\u00e1lu Turn\u00e9 \u010dty\u0159 drah. Zbyl\u00e9 dva z\u00e1vody se uskute\u010dn\u00ed v srpnu na velodromech v Prost\u011bjov\u011b a Brn\u011b. Oba podniky byly z\u00e1rove\u0148 z\u00e1vody \u010cesk\u00e9ho poh\u00e1ru ml\u00e1de\u017ee.<\/p>\n\n\n\n<p>V&nbsp;Praze jeli z\u00e1vodn\u00edci omnium a madison, kter\u00fd se zapo\u010d\u00edt\u00e1val ka\u017ed\u00e9mu jezdci do omnia, v&nbsp;Plzni bylo na programu pouze omnium v&nbsp;n\u011bm\u017e se p\u0159edstavili i mu\u017ei a \u017eeny. V&nbsp;Praze byl nejlep\u0161\u00ed mezi Petr V\u00e1vra z&nbsp;Dukly Praha. V&nbsp;Plzni ve spole\u010dn\u00e9 kategorii mu\u017e\u016f, junior\u016f a \u017een byl nejlep\u0161\u00ed Martin Voltr (U23) z&nbsp;Dukly Praha p\u0159ed dvojic\u00ed elitn\u00edch jezdc\u016f Denis Rugovac (AC Sparta Praha) a Jan Kraus (Dukla Praha).<\/p>\n\n\n\n<p>Nejlep\u0161\u00ed \u017eenou byla Jarmila Macha\u010dov\u00e1 (Dukla Praha), z&nbsp;junior\u016f si vedl nejl\u00e9pe, celkov\u011b \u010dtvrt\u00fd Petr V\u00e1vra a z\u00e1vodu juniorek v\u00e9vodila Krist\u00fdna Burlov\u00e1 z&nbsp;Dukly Praha.<\/p>\n\n\n<div class=\"wp-block-file\">\r\n                <a target=\"_blank\" rel=\"noopener\" href=\"https:\/\/www.czechcyclingfederation.com\/wp-content\/uploads\/2020\/07\/Turne-4-drah-praha.xlsx\" class=\"wp-block-file__button wp-element-button\">\r\n                    <span class=\"wp-block-file__icon\"><\/span>\r\n                    Turne-4-drah-praha\r\n                <\/a>\r\n            <\/div>\n\n<div class=\"wp-block-file\">\r\n                <a target=\"_blank\" rel=\"noopener\" href=\"https:\/\/www.czechcyclingfederation.com\/wp-content\/uploads\/2020\/07\/Turne_4_drah_Plze\u0148.pdf\" class=\"wp-block-file__button wp-element-button\">\r\n                    <span class=\"wp-block-file__icon\"><\/span>\r\n                    Turne_4_drah_Plze\u0148\r\n                <\/a>\r\n            <\/div>\n\n\n<figure class=\"wp-block-gallery columns-1 is-cropped wp-block-gallery-1 is-layout-flex wp-block-gallery-is-layout-flex\"><ul class=\"blocks-gallery-grid\"><li class=\"blocks-gallery-item\"><figure><img loading=\"lazy\" decoding=\"async\" width=\"714\" height=\"960\" src=\"https:\/\/www.czechcyclingfederation.com\/wp-content\/uploads\/2020\/07\/trebesin-1.jpg\" alt=\"\" data-id=\"1403\" data-full-url=\"https:\/\/www.czechcyclingfederation.com\/wp-content\/uploads\/2020\/07\/trebesin-1.jpg\" data-link=\"https:\/\/www.czechcyclingfederation.com\/turne-ctyr-drah-v-praze-a-plzni\/trebesin-1\/\" class=\"wp-image-1403\" srcset=\"https:\/\/www.czechcyclingfederation.com\/wp-content\/uploads\/2020\/07\/trebesin-1.jpg 714w, https:\/\/www.czechcyclingfederation.com\/wp-content\/uploads\/2020\/07\/trebesin-1-149x200.jpg 149w\" sizes=\"auto, (max-width: 714px) 100vw, 714px\" \/><\/figure><\/li><\/ul><\/figure>\n","protected":false},"excerpt":{"rendered":"<p>V&nbsp;Praze na T\u0159ebe\u0161\u00edn\u011b v&nbsp;\u00fater\u00fd a v&nbsp;Plzni ve st\u0159edu absolvovali mlad\u00ed dr\u00e1ha\u0159i \u00favodn\u00ed dva z\u00e1vody seri\u00e1lu Turn\u00e9 \u010dty\u0159 drah. Zbyl\u00e9 dva z\u00e1vody se uskute\u010dn\u00ed v srpnu na velodromech v Prost\u011bjov\u011b a Brn\u011b. Oba podniky byly z\u00e1rove\u0148 z\u00e1vody \u010cesk\u00e9ho poh\u00e1ru ml\u00e1de\u017ee. V&nbsp;Praze jeli z\u00e1vodn\u00edci omnium a madison, kter\u00fd se zapo\u010d\u00edt\u00e1val ka\u017ed\u00e9mu jezdci do omnia, v&nbsp;Plzni bylo na [&hellip;]<\/p>\n","protected":false},"author":8,"featured_media":1399,"comment_status":"closed","ping_status":"open","sticky":false,"template":"","format":"standard","meta":{"footnotes":""},"categories":[54,2],"tags":[9],"class_list":["post-1398","post","type-post","status-publish","format-standard","has-post-thumbnail","hentry","category-draha","category-novinky","tag-draha"],"_links":{"self":[{"href":"https:\/\/www.czechcyclingfederation.com\/en\/wp-json\/wp\/v2\/posts\/1398","targetHints":{"allow":["GET"]}}],"collection":[{"href":"https:\/\/www.czechcyclingfederation.com\/en\/wp-json\/wp\/v2\/posts"}],"about":[{"href":"https:\/\/www.czechcyclingfederation.com\/en\/wp-json\/wp\/v2\/types\/post"}],"author":[{"embeddable":true,"href":"https:\/\/www.czechcyclingfederation.com\/en\/wp-json\/wp\/v2\/users\/8"}],"replies":[{"embeddable":true,"href":"https:\/\/www.czechcyclingfederation.com\/en\/wp-json\/wp\/v2\/comments?post=1398"}],"version-history":[{"count":2,"href":"https:\/\/www.czechcyclingfederation.com\/en\/wp-json\/wp\/v2\/posts\/1398\/revisions"}],"predecessor-version":[{"id":1404,"href":"https:\/\/www.czechcyclingfederation.com\/en\/wp-json\/wp\/v2\/posts\/1398\/revisions\/1404"}],"wp:featuredmedia":[{"embeddable":true,"href":"https:\/\/www.czechcyclingfederation.com\/en\/wp-json\/wp\/v2\/media\/1399"}],"wp:attachment":[{"href":"https:\/\/www.czechcyclingfederation.com\/en\/wp-json\/wp\/v2\/media?parent=1398"}],"wp:term":[{"taxonomy":"category","embeddable":true,"href":"https:\/\/www.czechcyclingfederation.com\/en\/wp-json\/wp\/v2\/categories?post=1398"},{"taxonomy":"post_tag","embeddable":true,"href":"https:\/\/www.czechcyclingfederation.com\/en\/wp-json\/wp\/v2\/tags?post=1398"}],"curies":[{"name":"wp","href":"https:\/\/api.w.org\/{rel}","templated":true}]}}