{"id":13962,"date":"2022-10-05T15:44:11","date_gmt":"2022-10-05T13:44:11","guid":{"rendered":"https:\/\/www.czechcyclingfederation.com\/?p=13962"},"modified":"2022-10-05T15:49:29","modified_gmt":"2022-10-05T13:49:29","slug":"mcr-v-salove-cyklistice-jiz-tento-vikend","status":"publish","type":"post","link":"https:\/\/www.czechcyclingfederation.com\/en\/mcr-v-salove-cyklistice-jiz-tento-vikend\/","title":{"rendered":"M\u010cR v s\u00e1lov\u00e9 cyklistice ji\u017e tento v\u00edkend"},"content":{"rendered":"\n<p>V ned\u011bli 9.10. se ve Svit\u00e1vce utkaj\u00ed ti nejlep\u0161\u00ed z kolov\u00e9 a krasoj\u00edzdy. Dora\u017ete je podpo\u0159it, p\u0159\u00edpadn\u011b si zapn\u011bte \u017eiv\u00fd stream, kter\u00fd pob\u011b\u017e\u00ed od 10 hod i na webov\u00e9m vys\u00edl\u00e1n\u00ed \u010cT Sport. V\u00edce informac\u00ed o akci se dozv\u00edte na webu <a href=\"https:\/\/ceskakolova.cz\" data-type=\"URL\" data-id=\"https:\/\/ceskakolova.cz\">\u010cesk\u00e9 kolov\u00e9<\/a>.<\/p>\n\n\n\n<figure class=\"wp-block-image size-large\"><img loading=\"lazy\" decoding=\"async\" width=\"717\" height=\"1024\" src=\"https:\/\/www.czechcyclingfederation.com\/wp-content\/uploads\/2022\/10\/Snimek-obrazovky-2022-10-05-v-15.16.29-717x1024.png\" alt=\"\" class=\"wp-image-13963\"\/><\/figure>\n\n\n\n<figure class=\"wp-block-image size-large\"><img loading=\"lazy\" decoding=\"async\" width=\"719\" height=\"1024\" src=\"https:\/\/www.czechcyclingfederation.com\/wp-content\/uploads\/2022\/10\/Snimek-obrazovky-2022-10-05-v-15.40.02-719x1024.png\" alt=\"\" class=\"wp-image-13964\" srcset=\"https:\/\/www.czechcyclingfederation.com\/wp-content\/uploads\/2022\/10\/Snimek-obrazovky-2022-10-05-v-15.40.02-719x1024.png 719w, https:\/\/www.czechcyclingfederation.com\/wp-content\/uploads\/2022\/10\/Snimek-obrazovky-2022-10-05-v-15.40.02-140x200.png 140w, https:\/\/www.czechcyclingfederation.com\/wp-content\/uploads\/2022\/10\/Snimek-obrazovky-2022-10-05-v-15.40.02-768x1093.png 768w, https:\/\/www.czechcyclingfederation.com\/wp-content\/uploads\/2022\/10\/Snimek-obrazovky-2022-10-05-v-15.40.02.png 944w\" sizes=\"auto, (max-width: 719px) 100vw, 719px\" \/><\/figure>\n\n\n\n<figure class=\"wp-block-image size-large\"><img loading=\"lazy\" decoding=\"async\" width=\"761\" height=\"1024\" src=\"https:\/\/www.czechcyclingfederation.com\/wp-content\/uploads\/2022\/10\/Snimek-obrazovky-2022-10-05-v-15.40.26-761x1024.png\" alt=\"\" class=\"wp-image-13965\" srcset=\"https:\/\/www.czechcyclingfederation.com\/wp-content\/uploads\/2022\/10\/Snimek-obrazovky-2022-10-05-v-15.40.26-761x1024.png 761w, https:\/\/www.czechcyclingfederation.com\/wp-content\/uploads\/2022\/10\/Snimek-obrazovky-2022-10-05-v-15.40.26-149x200.png 149w, https:\/\/www.czechcyclingfederation.com\/wp-content\/uploads\/2022\/10\/Snimek-obrazovky-2022-10-05-v-15.40.26-768x1034.png 768w, https:\/\/www.czechcyclingfederation.com\/wp-content\/uploads\/2022\/10\/Snimek-obrazovky-2022-10-05-v-15.40.26.png 942w\" sizes=\"auto, (max-width: 761px) 100vw, 761px\" \/><\/figure>\n","protected":false},"excerpt":{"rendered":"<p>V ned\u011bli 9.10. se ve Svit\u00e1vce utkaj\u00ed ti nejlep\u0161\u00ed z kolov\u00e9 a krasoj\u00edzdy. Dora\u017ete je podpo\u0159it, p\u0159\u00edpadn\u011b si zapn\u011bte \u017eiv\u00fd stream, kter\u00fd pob\u011b\u017e\u00ed od 10 hod i na webov\u00e9m vys\u00edl\u00e1n\u00ed \u010cT Sport. V\u00edce informac\u00ed o akci se dozv\u00edte na webu \u010cesk\u00e9 kolov\u00e9.<\/p>\n","protected":false},"author":1,"featured_media":13968,"comment_status":"closed","ping_status":"open","sticky":false,"template":"","format":"standard","meta":{"footnotes":""},"categories":[17,2,60],"tags":[61],"class_list":["post-13962","post","type-post","status-publish","format-standard","has-post-thumbnail","hentry","category-discipliny","category-novinky","category-salovka","tag-salovka"],"_links":{"self":[{"href":"https:\/\/www.czechcyclingfederation.com\/en\/wp-json\/wp\/v2\/posts\/13962","targetHints":{"allow":["GET"]}}],"collection":[{"href":"https:\/\/www.czechcyclingfederation.com\/en\/wp-json\/wp\/v2\/posts"}],"about":[{"href":"https:\/\/www.czechcyclingfederation.com\/en\/wp-json\/wp\/v2\/types\/post"}],"author":[{"embeddable":true,"href":"https:\/\/www.czechcyclingfederation.com\/en\/wp-json\/wp\/v2\/users\/1"}],"replies":[{"embeddable":true,"href":"https:\/\/www.czechcyclingfederation.com\/en\/wp-json\/wp\/v2\/comments?post=13962"}],"version-history":[{"count":1,"href":"https:\/\/www.czechcyclingfederation.com\/en\/wp-json\/wp\/v2\/posts\/13962\/revisions"}],"predecessor-version":[{"id":13966,"href":"https:\/\/www.czechcyclingfederation.com\/en\/wp-json\/wp\/v2\/posts\/13962\/revisions\/13966"}],"wp:featuredmedia":[{"embeddable":true,"href":"https:\/\/www.czechcyclingfederation.com\/en\/wp-json\/wp\/v2\/media\/13968"}],"wp:attachment":[{"href":"https:\/\/www.czechcyclingfederation.com\/en\/wp-json\/wp\/v2\/media?parent=13962"}],"wp:term":[{"taxonomy":"category","embeddable":true,"href":"https:\/\/www.czechcyclingfederation.com\/en\/wp-json\/wp\/v2\/categories?post=13962"},{"taxonomy":"post_tag","embeddable":true,"href":"https:\/\/www.czechcyclingfederation.com\/en\/wp-json\/wp\/v2\/tags?post=13962"}],"curies":[{"name":"wp","href":"https:\/\/api.w.org\/{rel}","templated":true}]}}