{"id":13960,"date":"2022-10-05T14:43:44","date_gmt":"2022-10-05T12:43:44","guid":{"rendered":"https:\/\/www.czechcyclingfederation.com\/?p=13960"},"modified":"2022-10-05T14:43:47","modified_gmt":"2022-10-05T12:43:47","slug":"zmena-provoznich-hodin-sekretariatu-csc","status":"publish","type":"post","link":"https:\/\/www.czechcyclingfederation.com\/en\/zmena-provoznich-hodin-sekretariatu-csc\/","title":{"rendered":"Zm\u011bna provozn\u00edch hodin sekretari\u00e1tu \u010cSC"},"content":{"rendered":"\n<p>Na z\u00e1klad\u011b rozhodnut\u00ed prezidia \u010cSC se m\u011bn\u00ed provozn\u00ed doba sekretari\u00e1tu \u010cSC v obdob\u00ed topn\u00e9 sez\u00f3ny <strong>od 1.10.2022 do 31.3.2022<\/strong> a to n\u00e1sledovn\u011b:<\/p>\n\n\n\n<p><strong>PO &#8211; \u010cT 8:00 &#8211; 15:30<\/strong><\/p>\n\n\n\n<p><strong>P\u00c1 Zav\u0159eno<\/strong><\/p>\n\n\n\n<p>Zam\u011bstnanci sekretari\u00e1tu \u010cSC budou v p\u00e1tek pracovat z domova a k dosti\u017een\u00ed budou na telefonn\u00edch nebo emailov\u00fdch kontaktech. Ty naleznete na str\u00e1nk\u00e1ch \u010cSC v sekci <a href=\"https:\/\/www.czechcyclingfederation.com\/kontakt\/\" data-type=\"URL\" data-id=\"https:\/\/www.czechcyclingfederation.com\/kontakt\/\" target=\"_blank\" rel=\"noreferrer noopener\">Kontakt<\/a>.<\/p>\n","protected":false},"excerpt":{"rendered":"<p>Na z\u00e1klad\u011b rozhodnut\u00ed prezidia \u010cSC se m\u011bn\u00ed provozn\u00ed doba sekretari\u00e1tu \u010cSC v obdob\u00ed topn\u00e9 sez\u00f3ny od 1.10.2022 do 31.3.2022 a to n\u00e1sledovn\u011b: PO &#8211; \u010cT 8:00 &#8211; 15:30 P\u00c1 Zav\u0159eno Zam\u011bstnanci sekretari\u00e1tu \u010cSC budou v p\u00e1tek pracovat z domova a k dosti\u017een\u00ed budou na telefonn\u00edch nebo emailov\u00fdch kontaktech. Ty naleznete na str\u00e1nk\u00e1ch \u010cSC v sekci [&hellip;]<\/p>\n","protected":false},"author":1,"featured_media":11215,"comment_status":"closed","ping_status":"open","sticky":true,"template":"","format":"standard","meta":{"footnotes":""},"categories":[28,2],"tags":[119],"class_list":["post-13960","post","type-post","status-publish","format-standard","has-post-thumbnail","hentry","category-cesky-svaz-cyklistiky","category-novinky","tag-csc"],"_links":{"self":[{"href":"https:\/\/www.czechcyclingfederation.com\/en\/wp-json\/wp\/v2\/posts\/13960","targetHints":{"allow":["GET"]}}],"collection":[{"href":"https:\/\/www.czechcyclingfederation.com\/en\/wp-json\/wp\/v2\/posts"}],"about":[{"href":"https:\/\/www.czechcyclingfederation.com\/en\/wp-json\/wp\/v2\/types\/post"}],"author":[{"embeddable":true,"href":"https:\/\/www.czechcyclingfederation.com\/en\/wp-json\/wp\/v2\/users\/1"}],"replies":[{"embeddable":true,"href":"https:\/\/www.czechcyclingfederation.com\/en\/wp-json\/wp\/v2\/comments?post=13960"}],"version-history":[{"count":1,"href":"https:\/\/www.czechcyclingfederation.com\/en\/wp-json\/wp\/v2\/posts\/13960\/revisions"}],"predecessor-version":[{"id":13961,"href":"https:\/\/www.czechcyclingfederation.com\/en\/wp-json\/wp\/v2\/posts\/13960\/revisions\/13961"}],"wp:featuredmedia":[{"embeddable":true,"href":"https:\/\/www.czechcyclingfederation.com\/en\/wp-json\/wp\/v2\/media\/11215"}],"wp:attachment":[{"href":"https:\/\/www.czechcyclingfederation.com\/en\/wp-json\/wp\/v2\/media?parent=13960"}],"wp:term":[{"taxonomy":"category","embeddable":true,"href":"https:\/\/www.czechcyclingfederation.com\/en\/wp-json\/wp\/v2\/categories?post=13960"},{"taxonomy":"post_tag","embeddable":true,"href":"https:\/\/www.czechcyclingfederation.com\/en\/wp-json\/wp\/v2\/tags?post=13960"}],"curies":[{"name":"wp","href":"https:\/\/api.w.org\/{rel}","templated":true}]}}