{"id":13858,"date":"2022-09-29T08:59:19","date_gmt":"2022-09-29T06:59:19","guid":{"rendered":"https:\/\/www.czechcyclingfederation.com\/?p=13858"},"modified":"2022-09-29T09:02:55","modified_gmt":"2022-09-29T07:02:55","slug":"uci-kongres-vytycil-cestu-do-roku-2030-a-predstavil-dalsiho-poradatele-multi-sampionatu","status":"publish","type":"post","link":"https:\/\/www.czechcyclingfederation.com\/en\/uci-kongres-vytycil-cestu-do-roku-2030-a-predstavil-dalsiho-poradatele-multi-sampionatu\/","title":{"rendered":"UCI kongres vyty\u010dil cestu do roku 2030,  p\u0159edstavil i dal\u0161\u00edho po\u0159adatele \u201emulti\u201c \u0161ampion\u00e1tu"},"content":{"rendered":"\n<p>V\u00a0r\u00e1mci kon\u00e1n\u00ed mistrovstv\u00ed sv\u011bta v\u00a0silni\u010dn\u00ed cyklistice 2022\u00a0v\u00a0australsk\u00e9m\u00a0Wollongongu prob\u011bhl tradi\u010dn\u011b i kongres UCI, kter\u00fd je nejvy\u0161\u0161\u00edm schvalovac\u00edm org\u00e1nem Mezin\u00e1rodn\u00ed cyklistick\u00e9 unie UCI. \u010ceskou republiku na kongresu zastupovala gener\u00e1ln\u00ed sekret\u00e1\u0159ka \u010cSC Jaroslava\u00a0Krakovi\u010dov\u00e1.<\/p>\n\n\n\n<h4 class=\"wp-block-heading\">Na programu\u00a0191. UCI\u00a0kongresu byly mezi hlavn\u00edmi body kongresu:<\/h4>\n\n\n\n<p>\u2022\u00a0schv\u00e1len\u00ed v\u00fdro\u010dn\u00ed zpr\u00e1vy za rok 2021, zpr\u00e1vy o \u010dinnosti jednotliv\u00fdch komis\u00ed UCI, schv\u00e1len\u00ed rozpo\u010dtu 2023\u00a0a dal\u0161\u00ed\u00a0nezbytn\u00e9\u00a0agendy,<\/p>\n\n\n\n<p>\u2022\u00a0p\u0159ijet\u00ed nov\u00e9ho \u010dlena\u00a0UCI\u00a0a to Bh\u00fat\u00e1nskou cyklistickou federaci, kter\u00e1 je ji\u017e 202 \u010dlenem UCI,<\/p>\n\n\n\n<h5 class=\"wp-block-heading\">\u2022\u00a0p\u0159edstaven\u00ed jednotliv\u00fdch m\u011bst, kter\u00fdm bylo\u00a0nov\u011b p\u0159id\u011bleno\u00a0po\u0159\u00e1d\u00e1n\u00ed mistrovstv\u00ed sv\u011bta:<\/h5>\n\n\n\n<p>o\u00a02023 a 2024\u00a0Mistrovstv\u00ed sv\u011bta UCI\u00a0Masters\u00a0v cyklokrosu: Hamburk (N\u011bmecko)<\/p>\n\n\n\n<p>o\u00a02024 UCI\u00a0Gravel\u00a0World\u00a0Championships: Vl\u00e1msk\u00fd\u00a0Brabant\u00a0(Belgie)<\/p>\n\n\n\n<p>o\u00a02024\u00a0Mistrovstv\u00ed sv\u011bta junior\u016f na dr\u00e1ze UCI: \u010c\u00edna (m\u00edsto bude potvrzeno)<\/p>\n\n\n\n<p>o\u00a02025\u00a0Mistrovstv\u00ed sv\u011bta junior\u016f na dr\u00e1ze UCI:\u00a0Apeldoorn\u00a0(Nizozemsko)<\/p>\n\n\n\n<p>o\u00a02025\u00a0Mistrovstv\u00ed sv\u011bta v silni\u010dn\u00ed\u00a0para\u00a0cyklistice UCI:\u00a0Ronse\u00a0(Belgie)<\/p>\n\n\n\n<p>o\u00a02025\u00a0Mistrovstv\u00ed sv\u011bta na dr\u00e1ze UCI: San Juan (Argentina)<\/p>\n\n\n\n<p>o\u00a02025 UCI\u00a0Gravel\u00a0World\u00a0Championships: Nice (Francie)<\/p>\n\n\n\n<p>o\u00a02026 UCI\u00a0Gravel\u00a0World\u00a0Championships:\u00a0Nannup\u00a0(Austr\u00e1lie)<\/p>\n\n\n\n<p>o\u00a02026\u00a0Mistrovstv\u00ed sv\u011bta na dr\u00e1ze UCI: \u0160anghaj (\u010c\u00edna)<\/p>\n\n\n\n<p>o\u00a02026\u00a0Mistrovstv\u00ed sv\u011bta UCI\u00a0v\u00a0silni\u010dn\u00ed cyklistice:\u00a0Montreal (Kanada)<\/p>\n\n\n\n<p>o\u00a02026\u00a0Mistrovstv\u00ed sv\u011bta UCI v maratonu horsk\u00fdch kol:\u00a0Primiero\u00a0San Martino di\u00a0Castrozza\u00a0(It\u00e1lie)<\/p>\n\n\n\n<p>o<strong>\u00a02027\u00a0Mistrovstv\u00ed sv\u011bta UCI v cyklistice: Haute-Savoie\u00a0(Francie)<\/strong><\/p>\n\n\n\n<p>o\u00a02028\u00a0Mistrovstv\u00ed sv\u011bta horsk\u00fdch kol UCI:\u00a0Leogang\u00a0(Rakousko).<\/p>\n\n\n\n<p>Francouzsk\u00fd departement Haute-Savoie&nbsp;bude druh\u00fdm hostitelem&nbsp;<strong>mistrovstv\u00ed sv\u011bta v cyklistice UCI<\/strong>. To&nbsp;prvn\u00ed se bude konat&nbsp;p\u0159\u00ed\u0161t\u00ed rok&nbsp;v Glasgow a nap\u0159\u00ed\u010d Skotskem od 3. do 13. srpna 2023. Haute-Savoie&nbsp;m\u00e1 dlouhou historii po\u0159\u00e1d\u00e1n\u00ed velk\u00fdch mezin\u00e1rodn\u00edch sportovn\u00ed akc\u00ed.&nbsp;V&nbsp;regionu&nbsp;se ka\u017edoro\u010dn\u011b&nbsp;po\u0159\u00e1d\u00e1 v\u00edce ne\u017e sto cyklistick\u00fdch akc\u00ed v\u0161ech discipl\u00edn.&nbsp;&nbsp;Haute-Savoie&nbsp;bylo d\u011bji\u0161t\u011bm n\u011bkolika legend\u00e1rn\u00edch mistrovstv\u00ed sv\u011bta UCI, zejm\u00e9na mistrovstv\u00ed sv\u011bta UCI v silni\u010dn\u00edm provozu v roce 1980, kter\u00e9 vyhr\u00e1l Bernard&nbsp;Hinault, ale ned\u00e1vno tak\u00e9 mistrovstv\u00ed sv\u011bta horsk\u00fdch kol UCI v letech 2004 a 2022, kter\u00e9 se ob\u011b organizovaly v Les&nbsp;Gets.&nbsp;Bernard&nbsp;Hinault, kter\u00fd bude hlavn\u00edm ambasadorem MS, na podiu kongresu pak p\u0159edstavil cel\u00fd organiza\u010dn\u00ed v\u00fdbor a p\u0159ednesl i zdravici prezidenta Francie Macrona.<\/p>\n\n\n\n<p>Multi&nbsp;discipl\u00ednov\u00fd&nbsp;\u0161ampion\u00e1t v&nbsp;roce 2027 bude zahrnovat 19 MS, co\u017e je je\u0161t\u011b o 6 v\u00edce ne\u017e v&nbsp;roce 2023 v&nbsp;Glasgow.<\/p>\n\n\n\n<p>UCI kongres schv\u00e1lil tak\u00e9 strategick\u00fd pl\u00e1n&nbsp;<a href=\"https:\/\/www.uci.org\/2030-cyclings-agenda\/6IvT7HIQybfVcb2kZczQAQ\">Agenda 2030 UCI<\/a>, jeho\u017e hlavn\u00edm c\u00edlem je&nbsp;u\u010dinit cyklistiku sportem 21. stolet\u00ed, u\u010dinit ji inkluzivn\u011bj\u0161\u00ed a rozv\u00edjet \u017eivotn\u00ed styl kolem cyklistiky.<\/p>\n\n\n\n<p><strong>Prezident UCI David\u00a0Lappartient<\/strong>\u00a0\u0159ekl: &#8220;R\u00e1d bych pod\u011bkoval n\u00e1rodn\u00edm federac\u00edm UCI za jejich podporu Agend\u011b 2030. Dokument, kter\u00fd dnes jednomysln\u011b schv\u00e1lili, bude\u00a0na\u0161\u00ed \u201ecestovn\u00ed\u00a0mapou\u201c\u00a0pro nadch\u00e1zej\u00edc\u00ed roky.&#8221;<\/p>\n\n\n\n<p>Agenda 2030 klade zvl\u00e1\u0161tn\u00ed d\u016fraz na pos\u00edlen\u00ed p\u0159isp\u011bn\u00ed&nbsp;cyklistiky k inkluzivn\u011bj\u0161\u00edmu a udr\u017eiteln\u011bj\u0161\u00edmu sv\u011btu. T\u011b\u0161\u00edm se na spolupr\u00e1ci se v\u0161emi z\u00fa\u010dastn\u011bn\u00fdmi stranami ve sv\u011bt\u011b cyklistiky na dosa\u017een\u00ed t\u011bchto c\u00edl\u016f.<\/p>\n\n\n\n<p>&#8220;Kongres UCI ve\u00a0Wollongongu\u00a0ud\u011blil rekordn\u00ed po\u010det UCI mistrovstv\u00ed sv\u011bta na obdob\u00ed 2023-2028. To je nejen d\u016fkazem atraktivity velk\u00fdch UCI akc\u00ed, ale tak\u00e9 nab\u00edz\u00ed v\u00edtan\u00e9 zviditeln\u011bn\u00ed, zejm\u00e9na pro n\u00e1rodn\u00ed federace, v\u00fdznamn\u00fdch sportovn\u00edch akc\u00ed pro p\u0159\u00ed\u0161t\u00ed roky. Nakonec bych cht\u011bl poblahop\u0159\u00e1t Haute-Savoie\u00a0k tomu, \u017ee z\u00edskalo po\u0159adatelstv\u00ed druh\u00e9ho mistrovstv\u00ed sv\u011bta v cyklistice UCI, \u010dty\u0159i roky po prvn\u00edm ro\u010dn\u00edku, kter\u00fd se bude konat p\u0159\u00ed\u0161t\u00ed rok v Glasgow a nap\u0159\u00ed\u010d Skotskem. S jeho obrovsk\u00fdmi zku\u0161enostmi a ide\u00e1ln\u00edm prost\u0159ed\u00edm Haute-Savoie, ve Francii, nab\u00eddne r\u016fzn\u00fdm a rozmanit\u00fdm cyklistick\u00fdm discipl\u00edn\u00e1m optim\u00e1ln\u00ed podm\u00ednky pro \u00fasp\u011b\u0161nou akci,&#8221; dodal je\u0161t\u011b UCI prezident David\u00a0Lappartient.<\/p>\n","protected":false},"excerpt":{"rendered":"<p>V\u00a0r\u00e1mci kon\u00e1n\u00ed mistrovstv\u00ed sv\u011bta v\u00a0silni\u010dn\u00ed cyklistice 2022\u00a0v\u00a0australsk\u00e9m\u00a0Wollongongu prob\u011bhl tradi\u010dn\u011b i kongres UCI, kter\u00fd je nejvy\u0161\u0161\u00edm schvalovac\u00edm org\u00e1nem Mezin\u00e1rodn\u00ed cyklistick\u00e9 unie UCI. \u010ceskou republiku na kongresu zastupovala gener\u00e1ln\u00ed sekret\u00e1\u0159ka \u010cSC Jaroslava\u00a0Krakovi\u010dov\u00e1. Na programu\u00a0191. UCI\u00a0kongresu byly mezi hlavn\u00edmi body kongresu: \u2022\u00a0schv\u00e1len\u00ed v\u00fdro\u010dn\u00ed zpr\u00e1vy za rok 2021, zpr\u00e1vy o \u010dinnosti jednotliv\u00fdch komis\u00ed UCI, schv\u00e1len\u00ed rozpo\u010dtu 2023\u00a0a dal\u0161\u00ed\u00a0nezbytn\u00e9\u00a0agendy, \u2022\u00a0p\u0159ijet\u00ed [&hellip;]<\/p>\n","protected":false},"author":1,"featured_media":13861,"comment_status":"closed","ping_status":"open","sticky":false,"template":"","format":"standard","meta":{"footnotes":""},"categories":[28,17,2,103],"tags":[56],"class_list":["post-13858","post","type-post","status-publish","format-standard","has-post-thumbnail","hentry","category-cesky-svaz-cyklistiky","category-discipliny","category-novinky","category-reprezentace","tag-uci"],"_links":{"self":[{"href":"https:\/\/www.czechcyclingfederation.com\/en\/wp-json\/wp\/v2\/posts\/13858","targetHints":{"allow":["GET"]}}],"collection":[{"href":"https:\/\/www.czechcyclingfederation.com\/en\/wp-json\/wp\/v2\/posts"}],"about":[{"href":"https:\/\/www.czechcyclingfederation.com\/en\/wp-json\/wp\/v2\/types\/post"}],"author":[{"embeddable":true,"href":"https:\/\/www.czechcyclingfederation.com\/en\/wp-json\/wp\/v2\/users\/1"}],"replies":[{"embeddable":true,"href":"https:\/\/www.czechcyclingfederation.com\/en\/wp-json\/wp\/v2\/comments?post=13858"}],"version-history":[{"count":2,"href":"https:\/\/www.czechcyclingfederation.com\/en\/wp-json\/wp\/v2\/posts\/13858\/revisions"}],"predecessor-version":[{"id":13863,"href":"https:\/\/www.czechcyclingfederation.com\/en\/wp-json\/wp\/v2\/posts\/13858\/revisions\/13863"}],"wp:featuredmedia":[{"embeddable":true,"href":"https:\/\/www.czechcyclingfederation.com\/en\/wp-json\/wp\/v2\/media\/13861"}],"wp:attachment":[{"href":"https:\/\/www.czechcyclingfederation.com\/en\/wp-json\/wp\/v2\/media?parent=13858"}],"wp:term":[{"taxonomy":"category","embeddable":true,"href":"https:\/\/www.czechcyclingfederation.com\/en\/wp-json\/wp\/v2\/categories?post=13858"},{"taxonomy":"post_tag","embeddable":true,"href":"https:\/\/www.czechcyclingfederation.com\/en\/wp-json\/wp\/v2\/tags?post=13858"}],"curies":[{"name":"wp","href":"https:\/\/api.w.org\/{rel}","templated":true}]}}