{"id":1385,"date":"2020-07-15T10:24:08","date_gmt":"2020-07-15T08:24:08","guid":{"rendered":"http:\/\/www.czechcyclingfederation.com\/?p=1385"},"modified":"2020-07-16T13:39:40","modified_gmt":"2020-07-16T11:39:40","slug":"bikeri-z-scm-kolin-meli-medailove-zne-na-mcr","status":"publish","type":"post","link":"https:\/\/www.czechcyclingfederation.com\/en\/bikeri-z-scm-kolin-meli-medailove-zne-na-mcr\/","title":{"rendered":"Bike\u0159i z SCM Kol\u00edn m\u011bli medailov\u00e9 \u017en\u011b na M\u010cR"},"content":{"rendered":"\n<p><br>B\u011bhem prodlou\u017een\u00e9ho v\u00edkendu 10. &#8211; 12. \u010dervence se uskute\u010dnilo mistrovstv\u00ed \u010cesk\u00e9 republiky v cross Country v Peci pod Sn\u011b\u017ekou. Z\u00e1vodn\u00edci z SCM Kol\u00edn p\u0159ijeli na vrcholn\u00fd z\u00e1vod sez\u00f3ny perfektn\u011b p\u0159ipraveni. Z pohledu po\u010dtu z\u00edskan\u00fdch medail\u00ed se do prvn\u00ed \u010dtve\u0159ice ve\u0161ly hned t\u0159i t\u00fdmy ze st\u0159edo\u010desk\u00e9ho st\u0159ediska.<br>Team EXPRES CZ &#8211; TUFO Team Kol\u00edn z\u00edskal \u00factyhodn\u00fd po\u010det 12 medail\u00ed, IVAR CS &#8211; Author Team vybojoval osm medail\u00ed a ADASTRA Cycling Team si odvezl sedmmedail\u00ed.<br>Dal\u0161\u00ed medailist\u00e9 byli z t\u00fdm\u016f CK LOKO Rakovn\u00edk a LIV Mistral Cycling, kte\u0159\u00ed z\u00edskali po dvou medail\u00edch, t\u00fdmy TJ AUTO \u0160koda Mlad\u00e1 Boleslav, Velo Akademie Kladno, BIKE puzzle team a FUTURE Cycling &#8211; Northwave si z Pece odvezly po jedn\u00e9 medaili. V tabulce jsou i zapo\u010d\u00edt\u00e1ny i medaile z mistrovstv\u00ed \u010cR minime.<br>Tyto dosa\u017een\u00e9 v\u00fdsledky jenom potvrzuj\u00ed kvalitn\u00ed pr\u00e1ci a perfektn\u00ed fungov\u00e1n\u00ed st\u0159ediska. Pod\u011bkov\u00e1n\u00ed za to pat\u0159\u00ed z\u00e1vodn\u00edk\u016fm a realiza\u010dn\u00edm t\u00fdm\u016fm za skv\u011blou reprezentaci na mistrovstv\u00ed.<\/p>\n\n\n<div class=\"wp-block-file\">\r\n                <a target=\"_blank\" rel=\"noopener\" href=\"https:\/\/www.czechcyclingfederation.com\/wp-content\/uploads\/2020\/07\/seznam-medail\u00ed-2020.jpg\" class=\"wp-block-file__button wp-element-button\">\r\n                    <span class=\"wp-block-file__icon\"><\/span>\r\n                    seznam-medail\u00ed-2020\r\n                <\/a>\r\n            <\/div>\n\n<div class=\"wp-block-file\">\r\n                <a target=\"_blank\" rel=\"noopener\" href=\"https:\/\/www.czechcyclingfederation.com\/wp-content\/uploads\/2020\/07\/seznam-medail\u00ed-2020.pdf\" class=\"wp-block-file__button wp-element-button\">\r\n                    <span class=\"wp-block-file__icon\"><\/span>\r\n                    seznam-medail\u00ed-2020\r\n                <\/a>\r\n            <\/div>","protected":false},"excerpt":{"rendered":"<p>B\u011bhem prodlou\u017een\u00e9ho v\u00edkendu 10. &#8211; 12. \u010dervence se uskute\u010dnilo mistrovstv\u00ed \u010cesk\u00e9 republiky v cross Country v Peci pod Sn\u011b\u017ekou. Z\u00e1vodn\u00edci z SCM Kol\u00edn p\u0159ijeli na vrcholn\u00fd z\u00e1vod sez\u00f3ny perfektn\u011b p\u0159ipraveni. Z pohledu po\u010dtu z\u00edskan\u00fdch medail\u00ed se do prvn\u00ed \u010dtve\u0159ice ve\u0161ly hned t\u0159i t\u00fdmy ze st\u0159edo\u010desk\u00e9ho st\u0159ediska.Team EXPRES CZ &#8211; TUFO Team Kol\u00edn z\u00edskal \u00factyhodn\u00fd po\u010det [&hellip;]<\/p>\n","protected":false},"author":8,"featured_media":1386,"comment_status":"closed","ping_status":"open","sticky":false,"template":"","format":"standard","meta":{"footnotes":""},"categories":[6,2],"tags":[10],"class_list":["post-1385","post","type-post","status-publish","format-standard","has-post-thumbnail","hentry","category-mtb","category-novinky","tag-mtb"],"_links":{"self":[{"href":"https:\/\/www.czechcyclingfederation.com\/en\/wp-json\/wp\/v2\/posts\/1385","targetHints":{"allow":["GET"]}}],"collection":[{"href":"https:\/\/www.czechcyclingfederation.com\/en\/wp-json\/wp\/v2\/posts"}],"about":[{"href":"https:\/\/www.czechcyclingfederation.com\/en\/wp-json\/wp\/v2\/types\/post"}],"author":[{"embeddable":true,"href":"https:\/\/www.czechcyclingfederation.com\/en\/wp-json\/wp\/v2\/users\/8"}],"replies":[{"embeddable":true,"href":"https:\/\/www.czechcyclingfederation.com\/en\/wp-json\/wp\/v2\/comments?post=1385"}],"version-history":[{"count":2,"href":"https:\/\/www.czechcyclingfederation.com\/en\/wp-json\/wp\/v2\/posts\/1385\/revisions"}],"predecessor-version":[{"id":1390,"href":"https:\/\/www.czechcyclingfederation.com\/en\/wp-json\/wp\/v2\/posts\/1385\/revisions\/1390"}],"wp:featuredmedia":[{"embeddable":true,"href":"https:\/\/www.czechcyclingfederation.com\/en\/wp-json\/wp\/v2\/media\/1386"}],"wp:attachment":[{"href":"https:\/\/www.czechcyclingfederation.com\/en\/wp-json\/wp\/v2\/media?parent=1385"}],"wp:term":[{"taxonomy":"category","embeddable":true,"href":"https:\/\/www.czechcyclingfederation.com\/en\/wp-json\/wp\/v2\/categories?post=1385"},{"taxonomy":"post_tag","embeddable":true,"href":"https:\/\/www.czechcyclingfederation.com\/en\/wp-json\/wp\/v2\/tags?post=1385"}],"curies":[{"name":"wp","href":"https:\/\/api.w.org\/{rel}","templated":true}]}}