{"id":13803,"date":"2022-09-24T16:37:22","date_gmt":"2022-09-24T14:37:22","guid":{"rendered":"https:\/\/www.czechcyclingfederation.com\/?p=13803"},"modified":"2022-09-24T16:37:25","modified_gmt":"2022-09-24T14:37:25","slug":"adam-toupalik-vyhral-v-mlade-boleslavi-i-celkove-skoda-cup-2022","status":"publish","type":"post","link":"https:\/\/www.czechcyclingfederation.com\/en\/adam-toupalik-vyhral-v-mlade-boleslavi-i-celkove-skoda-cup-2022\/","title":{"rendered":"Adam \u0164oupal\u00edk vyhr\u00e1l v Mlad\u00e9 Boleslavi i celkov\u011b \u0160KODA CUP 2022"},"content":{"rendered":"\n<p>V z\u00e1v\u011bre\u010dn\u00e9m z\u00e1vodu seri\u00e1lu \u0160KODA Cup, kter\u00fdm bylo krit\u00e9rium v Mlad\u00e9 Boleslavi, vyhr\u00e1l Adam \u0164oupal\u00edk z celku Elkov Kasper a zisk \u0161edes\u00e1ti bod\u016f mu zajistil i celkov\u00e9 prvenstv\u00ed v presti\u017en\u00edm seri\u00e1lu. O to p\u0159i\u0161el dosud vedouc\u00ed Jan Ka\u0161par z ATT Investment, kter\u00fd dnes skon\u010dil a\u017e patn\u00e1ct\u00fd. Triumf st\u00e1je Elkov Kasper zv\u00fdraznil Michael Boro\u0161, je\u017e dnes byl t\u0159et\u00ed a celkov\u011b obsadil druhou p\u0159\u00ed\u010dku. Ka\u0161par alespo\u0148 uh\u00e1jil v\u00edt\u011bzstv\u00ed mezi jezdci kategorie U23.<\/p>\n\n\n\n<p>V \u00favodu se nejv\u00edce prosazoval v bodovan\u00fdch spurtech Boro\u0161, ale pot\u00e9 odjela trojice Adam \u0164oupal\u00edk, Jan Otruba (Elkov Kasper) a Daniel Turek (Team Felbermayr Simplon Wels). Uprchl\u00edci udr\u017eeli n\u00e1skok a\u017e do c\u00edle a v z\u00e1v\u011bre\u010dn\u00e9m spurtu potvrdil sv\u00e9 v\u00edt\u011bzstv\u00ed A. \u0164oupal\u00edk, kter\u00e9ho na stupn\u011b v\u00edt\u011bz\u016f doprovodili Turek a Boro\u0161.<\/p>\n\n\n\n<p>\u201eP\u0159ed z\u00e1vodem jsme moc nev\u011bd\u011bli, na koho p\u0159esn\u011b pojedeme, ve h\u0159e jsem byl j\u00e1 a Michael Boro\u0161, p\u0159ed koncem se n\u00e1m ale poda\u0159il \u00fanik ve t\u0159ech, a nakonec to dopadlo na m\u011b, tak\u017ee super,\u201c uvedl v\u00edt\u011bz poh\u00e1ru i z\u00e1vodu Adam \u0164oupal\u00edk. \u201eBeru to ale jako v\u00edt\u011bzstv\u00ed cel\u00e9ho t\u00fdmu, \u017ee se n\u00e1m to poda\u0159ilo takto obr\u00e1tit a znovu jsme vyhr\u00e1li cel\u00fd poh\u00e1r,\u201c doplnil je\u0161t\u011b \u0164oupal\u00edk.<\/p>\n\n\n\n<p>&#8220;Jeli jsme do Boleslavi s c\u00edlem pokusit se t\u00edmto z\u00e1vodem zvr\u00e1tit celkov\u00e9 po\u0159ad\u00ed na na\u0161\u00ed stranu, a nakonec to dopadlo l\u00e9pe ne\u017e jsme \u010dekali. Byl to n\u00e1\u0161 posledn\u00ed z\u00e1vod a kon\u010d\u00edme sezonu s dobrou n\u00e1ladou. Ale ji\u017e ve st\u0159edu na Hol\u00fdch Vr\u0161\u00edch nastoup\u00ed trio Boro\u0161, A. \u0164oupal\u00edk a Dominik Neuman do t\u00e9 cyklokrosov\u00e9,&#8221; \u0159ekl \u0161\u00e9f hradeck\u00e9 st\u00e1je Vladim\u00edr V\u00e1vra.<\/p>\n\n\n\n<p>V\u00fdsledky (108 km):<\/p>\n\n\n\n<p>1. A. \u0164oupal\u00edk (Elkov Kasper) 46, 2. Turek (Team Felbermayr Simplon Wels) 23, 3. Boro\u0161 (Elkov Kasper) 21, 3. T. B\u00e1rta (ATT Investments) 14, 5. Babor (Elkov Kasper) 12, 6. Heming (N\u011bm.\/ATT Investments) 11.<\/p>\n\n\n\n<p>Kone\u010dn\u00e9 po\u0159ad\u00ed \u0160KODA Cupu:<\/p>\n\n\n\n<p>1. A. Toupal\u00edk 120, 2. Boro\u0161 116, 3. Ka\u0161par (ATT Investments) 109, 4. M. Vacek (CK P\u0159\u00edbram &#8211; Fany GASTRO) 81, 5. T. B\u00e1rta 56, 6. Van\u00ed\u010dek (\u010cEZ Cyklo Team T\u00e1bor) 55.<\/p>\n\n\n\n<p>Kategorie U23:<\/p>\n\n\n\n<p>1. Ka\u0161par 109, 2. M. Vacek 81, 3. K. Vacek (Tirol Ktm Cycling Team) 48.<\/p>\n\n\n\n<p>Nov\u00e1\u010dek sout\u011b\u017ee:<\/p>\n\n\n\n<p>1.Daniel Sporysch<\/p>\n\n\n\n<p>FOTO Jan Brychta<\/p>\n","protected":false},"excerpt":{"rendered":"<p>V z\u00e1v\u011bre\u010dn\u00e9m z\u00e1vodu seri\u00e1lu \u0160KODA Cup, kter\u00fdm bylo krit\u00e9rium v Mlad\u00e9 Boleslavi, vyhr\u00e1l Adam \u0164oupal\u00edk z celku Elkov Kasper a zisk \u0161edes\u00e1ti bod\u016f mu zajistil i celkov\u00e9 prvenstv\u00ed v presti\u017en\u00edm seri\u00e1lu. O to p\u0159i\u0161el dosud vedouc\u00ed Jan Ka\u0161par z ATT Investment, kter\u00fd dnes skon\u010dil a\u017e patn\u00e1ct\u00fd. Triumf st\u00e1je Elkov Kasper zv\u00fdraznil Michael Boro\u0161, je\u017e dnes [&hellip;]<\/p>\n","protected":false},"author":8,"featured_media":13805,"comment_status":"closed","ping_status":"open","sticky":false,"template":"","format":"standard","meta":{"footnotes":""},"categories":[17,2,18],"tags":[11],"class_list":["post-13803","post","type-post","status-publish","format-standard","has-post-thumbnail","hentry","category-discipliny","category-novinky","category-silnice","tag-silnice"],"_links":{"self":[{"href":"https:\/\/www.czechcyclingfederation.com\/en\/wp-json\/wp\/v2\/posts\/13803","targetHints":{"allow":["GET"]}}],"collection":[{"href":"https:\/\/www.czechcyclingfederation.com\/en\/wp-json\/wp\/v2\/posts"}],"about":[{"href":"https:\/\/www.czechcyclingfederation.com\/en\/wp-json\/wp\/v2\/types\/post"}],"author":[{"embeddable":true,"href":"https:\/\/www.czechcyclingfederation.com\/en\/wp-json\/wp\/v2\/users\/8"}],"replies":[{"embeddable":true,"href":"https:\/\/www.czechcyclingfederation.com\/en\/wp-json\/wp\/v2\/comments?post=13803"}],"version-history":[{"count":2,"href":"https:\/\/www.czechcyclingfederation.com\/en\/wp-json\/wp\/v2\/posts\/13803\/revisions"}],"predecessor-version":[{"id":13807,"href":"https:\/\/www.czechcyclingfederation.com\/en\/wp-json\/wp\/v2\/posts\/13803\/revisions\/13807"}],"wp:featuredmedia":[{"embeddable":true,"href":"https:\/\/www.czechcyclingfederation.com\/en\/wp-json\/wp\/v2\/media\/13805"}],"wp:attachment":[{"href":"https:\/\/www.czechcyclingfederation.com\/en\/wp-json\/wp\/v2\/media?parent=13803"}],"wp:term":[{"taxonomy":"category","embeddable":true,"href":"https:\/\/www.czechcyclingfederation.com\/en\/wp-json\/wp\/v2\/categories?post=13803"},{"taxonomy":"post_tag","embeddable":true,"href":"https:\/\/www.czechcyclingfederation.com\/en\/wp-json\/wp\/v2\/tags?post=13803"}],"curies":[{"name":"wp","href":"https:\/\/api.w.org\/{rel}","templated":true}]}}