{"id":1378,"date":"2020-07-14T20:10:53","date_gmt":"2020-07-14T18:10:53","guid":{"rendered":"http:\/\/www.czechcyclingfederation.com\/?p=1378"},"modified":"2020-07-16T13:39:40","modified_gmt":"2020-07-16T11:39:40","slug":"26-mistrovstvi-evropy-v-silnicni-cyklistice-se-v-roce-2020-uskutecni-ve-francouzskem-plouay-od-24-do-28-srpna","status":"publish","type":"post","link":"https:\/\/www.czechcyclingfederation.com\/en\/26-mistrovstvi-evropy-v-silnicni-cyklistice-se-v-roce-2020-uskutecni-ve-francouzskem-plouay-od-24-do-28-srpna\/","title":{"rendered":"Mistrovstv\u00ed Evropy v silni\u010dn\u00ed cyklistice se uskute\u010dn\u00ed ve francouzsk\u00e9m Plouay, od 24. do 28. srpna."},"content":{"rendered":"\n<p><strong>P\u016fvodn\u011b pl\u00e1novan\u00e9 mistrovstv\u00ed v&nbsp;italsk\u00e9m Trentu bylo kv\u016fli dopadu pandemie zru\u0161eno, ale Evropsk\u00e1 cyklistick\u00e1 unie (UEC) ve spolupr\u00e1ci s Francouzskou cyklistickou federac\u00ed se rozhodli leto\u0161n\u00ed ro\u010dn\u00edk obnovit ve&nbsp;m\u011bst\u011b Plouay.<\/strong><\/p>\n\n\n\n<p><strong>Programu kontinent\u00e1ln\u00edho mistrovstv\u00ed budou p\u0159edch\u00e1zet n\u00e1rodn\u00ed mistrovstv\u00ed v&nbsp;silni\u010dn\u00edch z\u00e1vodech po cel\u00e9 Evrop\u011b a individu\u00e1ln\u00ed \u010dasovky mu\u017e\u016f i \u017een se budou konat hned v&nbsp;pond\u011bl\u00ed 24.srpna. Elitn\u00ed mu\u017esk\u00fd silni\u010dn\u00ed z\u00e1vod prob\u011bhne ve st\u0159edu 26. srpna, elitn\u00ed \u017eensk\u00fd z\u00e1vod ve \u010dtvrtek 27. srpna. \u0160ampion\u00e1t se zakon\u010d\u00ed v p\u00e1tek silni\u010dn\u00edmi z\u00e1vody v\u011bkov\u00e9 kategorie junior\u016f a sm\u00ed\u0161en\u00fdm z\u00e1vodem dru\u017estev.&nbsp;&nbsp;<\/strong><\/p>\n\n\n\n<p><strong>V\u00edce informac\u00ed najdete v&nbsp;odkaze<\/strong><\/p>\n\n\n\n<p><a href=\"http:\/\/www.uec.ch\/en\/actu\/145\/euroroad20-will-be-held-in-plouay\">http:\/\/www.uec.ch\/en\/actu\/145\/euroroad20-will-be-held-in-plouay<\/a><\/p>\n","protected":false},"excerpt":{"rendered":"<p>P\u016fvodn\u011b pl\u00e1novan\u00e9 mistrovstv\u00ed v&nbsp;italsk\u00e9m Trentu bylo kv\u016fli dopadu pandemie zru\u0161eno, ale Evropsk\u00e1 cyklistick\u00e1 unie (UEC) ve spolupr\u00e1ci s Francouzskou cyklistickou federac\u00ed se rozhodli leto\u0161n\u00ed ro\u010dn\u00edk obnovit ve&nbsp;m\u011bst\u011b Plouay. Programu kontinent\u00e1ln\u00edho mistrovstv\u00ed budou p\u0159edch\u00e1zet n\u00e1rodn\u00ed mistrovstv\u00ed v&nbsp;silni\u010dn\u00edch z\u00e1vodech po cel\u00e9 Evrop\u011b a individu\u00e1ln\u00ed \u010dasovky mu\u017e\u016f i \u017een se budou konat hned v&nbsp;pond\u011bl\u00ed 24.srpna. Elitn\u00ed mu\u017esk\u00fd silni\u010dn\u00ed [&hellip;]<\/p>\n","protected":false},"author":2,"featured_media":439,"comment_status":"closed","ping_status":"open","sticky":false,"template":"","format":"standard","meta":{"footnotes":""},"categories":[28,2,18],"tags":[119],"class_list":["post-1378","post","type-post","status-publish","format-standard","has-post-thumbnail","hentry","category-cesky-svaz-cyklistiky","category-novinky","category-silnice","tag-csc"],"_links":{"self":[{"href":"https:\/\/www.czechcyclingfederation.com\/en\/wp-json\/wp\/v2\/posts\/1378","targetHints":{"allow":["GET"]}}],"collection":[{"href":"https:\/\/www.czechcyclingfederation.com\/en\/wp-json\/wp\/v2\/posts"}],"about":[{"href":"https:\/\/www.czechcyclingfederation.com\/en\/wp-json\/wp\/v2\/types\/post"}],"author":[{"embeddable":true,"href":"https:\/\/www.czechcyclingfederation.com\/en\/wp-json\/wp\/v2\/users\/2"}],"replies":[{"embeddable":true,"href":"https:\/\/www.czechcyclingfederation.com\/en\/wp-json\/wp\/v2\/comments?post=1378"}],"version-history":[{"count":2,"href":"https:\/\/www.czechcyclingfederation.com\/en\/wp-json\/wp\/v2\/posts\/1378\/revisions"}],"predecessor-version":[{"id":1380,"href":"https:\/\/www.czechcyclingfederation.com\/en\/wp-json\/wp\/v2\/posts\/1378\/revisions\/1380"}],"wp:featuredmedia":[{"embeddable":true,"href":"https:\/\/www.czechcyclingfederation.com\/en\/wp-json\/wp\/v2\/media\/439"}],"wp:attachment":[{"href":"https:\/\/www.czechcyclingfederation.com\/en\/wp-json\/wp\/v2\/media?parent=1378"}],"wp:term":[{"taxonomy":"category","embeddable":true,"href":"https:\/\/www.czechcyclingfederation.com\/en\/wp-json\/wp\/v2\/categories?post=1378"},{"taxonomy":"post_tag","embeddable":true,"href":"https:\/\/www.czechcyclingfederation.com\/en\/wp-json\/wp\/v2\/tags?post=1378"}],"curies":[{"name":"wp","href":"https:\/\/api.w.org\/{rel}","templated":true}]}}