{"id":13604,"date":"2022-09-07T15:42:55","date_gmt":"2022-09-07T13:42:55","guid":{"rendered":"https:\/\/www.czechcyclingfederation.com\/?p=13604"},"modified":"2022-09-07T17:19:30","modified_gmt":"2022-09-07T15:19:30","slug":"cesky-pohar-mladeze-a-zen-techniserv-cup-2022-v-silnicni-cyklistice-finisuje-na-pardubicku","status":"publish","type":"post","link":"https:\/\/www.czechcyclingfederation.com\/en\/cesky-pohar-mladeze-a-zen-techniserv-cup-2022-v-silnicni-cyklistice-finisuje-na-pardubicku\/","title":{"rendered":"\u010cesk\u00fd poh\u00e1r ml\u00e1de\u017ee a \u017een Techniserv cup 2022 v silni\u010dn\u00ed cyklistice fini\u0161uje na Pardubicku"},"content":{"rendered":"\n<p>Koncem b\u0159ezna uspo\u0159\u00e1dali po\u0159adatel\u00e9 z CK Pardubice dvojkombinaci krit\u00e9ria a ned\u011bln\u00edho Techniserv cupu v r\u00e1mci \u010cesk\u00e9ho poh\u00e1ru ml\u00e1de\u017ee a \u017een. Nyn\u00ed se chystaj\u00ed na dal\u0161\u00ed v\u00fdzvu &#8211; \u010dasovku na \u00faseku d\u00e1lnice D35, kter\u00fd bude otev\u0159en ji\u017e v prosinci 2022.  Po\u0159adatel\u016fm se poda\u0159ilo domluvit s \u0158SD a zhotoviteli stavby zastoupen\u00fdmi spole\u010dnost\u00ed Eurovia a z\u00e1vodn\u00edky tak \u010dek\u00e1 9 km \u00faseku od kruhov\u00e9ho objezdu u \u010cas\u016f a\u017e po Uhersko.<br><br>D\u00e1lnice bude prov\u011b\u0159ena v obou pruz\u00edch. V jednom pruhu prob\u011bhne zmi\u0148ovan\u00fd posledn\u00ed z\u00e1vod Techniserv cupu a v druh\u00e9m pruhu se bude konat dal\u0161\u00ed z\u00e1vod amat\u00e9rsk\u00e9 s\u00e9rie Extraliga Masters. Oba z\u00e1vody budou ve v\u0161ech kategori\u00edch velmi zaj\u00edmav\u00e9, proto\u017ee se bude bojovat o kone\u010dn\u00e9 um\u00edst\u011bn\u00ed v Techniserv cupu ml\u00e1de\u017ee a v \u010dasovce Extraligy Masters p\u0159ijedou v\u0161ichni nominovan\u00ed vyladit formu na bl\u00ed\u017e\u00edc\u00ed se amat\u00e9rsk\u00e9 MS v Trentu. Vrcholem cel\u00e9ho dne bude kategorie Junior\u016f, kter\u00e1 pojede \u010dasovku na letos rekordn\u00edch 30 km. Div\u00e1ci tak uvid\u00ed \u0161pi\u010dkov\u00e9 \u010dasovk\u00e1\u0159sk\u00e9 speci\u00e1ly a par\u00e1dn\u00ed v\u00fdkony v\u0161ech z\u00fa\u010dastn\u011bn\u00fdch. Div\u00e1ci mohou \u010dasovku sledovat nejen v prostoru startu, ale tak\u00e9 u Da\u0161ic na nadjezdu, kde uvid\u00edte z\u00e1vodn\u00edky 2x, kdy\u017e pojedou na oto\u010dku a zp\u011bt.<\/p>\n\n\n\n<p>Po kon\u010den\u00ed z\u00e1vodu se uskute\u010dn\u00ed vyhl\u00e1\u0161en\u00ed celkov\u00e9ho po\u0159ad\u00ed jak jednotlivc\u016f tak t\u00fdm\u016f.<\/p>\n\n\n\n<p>Po\u0159ad\u00ed \u017een, junior\u016f a juniorek:<\/p>\n\n\n\n<p>\u017deny:<\/p>\n\n\n\n<ol class=\"wp-block-list\"><li>Bajgerov\u00e1 (FORCE KCK Zl\u00edn) 693, 2. Zemanov\u00e1 (Brilon Racing Team MB) 425, 3. Hartychov\u00e1 (Dukla Praha) 395, 4. Noskov\u00e1 390, 5. Drbohlavov\u00e1 (ob\u011b Lawi junior team) 367, 6. Sl\u00e1mov\u00e1 (Cyklotr\u00e9nbink) 325.<br>Junio\u0159i:<\/li><li>P\u0159idal (Mapei Merida Ka\u0148kovsk\u00fd) 688, 2. Milan Kadlec (Dukla Praha) 569, 3. \u0160ejstal (SportRaces Cycling Team) 379, 4. Luke\u0161 (Willebrord Wil Vooruit) 351, 5. Teleck\u00fd (TJ Favorit Brno) 342, 6. Richard Kobr (Roman Kreuziger Cycling Academy) 335.<br>Juniorky:<\/li><li>Kvasni\u010dkov\u00e1 (SportRaces Cycling Team) 845, 2. Slan\u00edkov\u00e1 (Roman Kreuziger Cycling Academy) 620, 3. N\u011bmcov\u00e1 (Sportcomplex B\u0159eclav) 528, 4. M\u00fcllerov\u00e1 (TUFO Pardus Prost\u011bjov) 400, 5. Runtov\u00e1 (Dukla Praha) 358, 6. Grulichov\u00e1 (TUFO Pardus Prost\u011bjov) 334.<\/li><li>Bli\u017e\u0161\u00ed informace a propozice naleznete zde:<a rel=\"noreferrer noopener\" href=\"https:\/\/bit.ly\/3TQEi1o\" target=\"_blank\">https:\/\/bit.ly\/3TQEi1o<\/a><\/li><\/ol>\n","protected":false},"excerpt":{"rendered":"<p>Koncem b\u0159ezna uspo\u0159\u00e1dali po\u0159adatel\u00e9 z CK Pardubice dvojkombinaci krit\u00e9ria a ned\u011bln\u00edho Techniserv cupu v r\u00e1mci \u010cesk\u00e9ho poh\u00e1ru ml\u00e1de\u017ee a \u017een. Nyn\u00ed se chystaj\u00ed na dal\u0161\u00ed v\u00fdzvu &#8211; \u010dasovku na \u00faseku d\u00e1lnice D35, kter\u00fd bude otev\u0159en ji\u017e v prosinci 2022. Po\u0159adatel\u016fm se poda\u0159ilo domluvit s \u0158SD a zhotoviteli stavby zastoupen\u00fdmi spole\u010dnost\u00ed Eurovia a z\u00e1vodn\u00edky tak \u010dek\u00e1 [&hellip;]<\/p>\n","protected":false},"author":1,"featured_media":13605,"comment_status":"closed","ping_status":"open","sticky":false,"template":"","format":"standard","meta":{"footnotes":""},"categories":[17,2,18],"tags":[11],"class_list":["post-13604","post","type-post","status-publish","format-standard","has-post-thumbnail","hentry","category-discipliny","category-novinky","category-silnice","tag-silnice"],"_links":{"self":[{"href":"https:\/\/www.czechcyclingfederation.com\/en\/wp-json\/wp\/v2\/posts\/13604","targetHints":{"allow":["GET"]}}],"collection":[{"href":"https:\/\/www.czechcyclingfederation.com\/en\/wp-json\/wp\/v2\/posts"}],"about":[{"href":"https:\/\/www.czechcyclingfederation.com\/en\/wp-json\/wp\/v2\/types\/post"}],"author":[{"embeddable":true,"href":"https:\/\/www.czechcyclingfederation.com\/en\/wp-json\/wp\/v2\/users\/1"}],"replies":[{"embeddable":true,"href":"https:\/\/www.czechcyclingfederation.com\/en\/wp-json\/wp\/v2\/comments?post=13604"}],"version-history":[{"count":2,"href":"https:\/\/www.czechcyclingfederation.com\/en\/wp-json\/wp\/v2\/posts\/13604\/revisions"}],"predecessor-version":[{"id":13616,"href":"https:\/\/www.czechcyclingfederation.com\/en\/wp-json\/wp\/v2\/posts\/13604\/revisions\/13616"}],"wp:featuredmedia":[{"embeddable":true,"href":"https:\/\/www.czechcyclingfederation.com\/en\/wp-json\/wp\/v2\/media\/13605"}],"wp:attachment":[{"href":"https:\/\/www.czechcyclingfederation.com\/en\/wp-json\/wp\/v2\/media?parent=13604"}],"wp:term":[{"taxonomy":"category","embeddable":true,"href":"https:\/\/www.czechcyclingfederation.com\/en\/wp-json\/wp\/v2\/categories?post=13604"},{"taxonomy":"post_tag","embeddable":true,"href":"https:\/\/www.czechcyclingfederation.com\/en\/wp-json\/wp\/v2\/tags?post=13604"}],"curies":[{"name":"wp","href":"https:\/\/api.w.org\/{rel}","templated":true}]}}