{"id":13581,"date":"2022-09-04T17:32:57","date_gmt":"2022-09-04T15:32:57","guid":{"rendered":"https:\/\/www.czechcyclingfederation.com\/?p=13581"},"modified":"2022-09-04T17:32:59","modified_gmt":"2022-09-04T15:32:59","slug":"cink-na-svetovem-poharu-ve-val-di-sole-14-zatloukal-13","status":"publish","type":"post","link":"https:\/\/www.czechcyclingfederation.com\/en\/cink-na-svetovem-poharu-ve-val-di-sole-14-zatloukal-13\/","title":{"rendered":"Cink na Sv\u011btov\u00e9m poh\u00e1ru ve Val di Sole 14., Zatloukal 13.\u00a0"},"content":{"rendered":"\n<p><strong>Posledn\u00ed d\u00edl Sv\u011btov\u00e9ho poh\u00e1ru horsk\u00fdch kol v cross country v italsk\u00e9m Val di Sole uzav\u0159el bikovou sv\u011btovou sc\u00e9nu. V elitn\u00edch mu\u017e\u00edch skon\u010dil z \u010desk\u00fdch reprezentant\u016f na 14. m\u00edst\u011b Ond\u0159ej Cink a mezi \u017eenami 29. m\u00edst\u011b Jitka \u010c\u00e1belick\u00e1. Da\u0159ilo se tak\u00e9 t\u0159iadvac\u00edtk\u00e1\u0159i Janu Zatloukalovi, kter\u00fd obsadil ve sv\u011btov\u00e9 konkurenci skv\u011bl\u00e9 13. m\u00edsto.<\/strong><\/p>\n\n\n\n<p>Z\u00e1vod mu\u017e\u016f jasn\u011b ovl\u00e1dl francouzsk\u00fd reprezentant Titouan Carod p\u0159ed \u0160v\u00fdcarem Nino Schurterem o 35 vte\u0159in. Na stupn\u00edch je doplnil Jordan Sarrou z Francie, kter\u00fd zaostal o v\u00edce jak minutu. Ond\u0159ej Cink se dr\u017eel cel\u00fd z\u00e1vod v pop\u0159ed\u00ed a ve fini\u0161i mu pat\u0159\u00ed 14. m\u00edsto se ztr\u00e1tou p\u0159es t\u0159i minuty. V celkov\u00e9m hodnocen\u00ed Sv\u011btov\u00e9ho poh\u00e1ru slavil desetin\u00e1sobn\u00fd mistr sv\u011bta Nino Schurter. \u010cesk\u00fd \u0161ampion Ond\u0159ej Cink skon\u010dil na 29. m\u00edst\u011b. Luk\u00e1\u0161 Kobes skon\u010dil jako 45. a 83. m\u00edsto pat\u0159\u00ed Mat\u011bji Pr\u016fdkovi a 102. Janu \u0160karnitzlovi.<\/p>\n\n\n\n<p>V z\u00e1vod\u011b elitn\u00edch \u017een suver\u00e9nn\u011b zv\u00edt\u011bzila Pauline F\u00e9rand Pr\u00e9vot z Francie. Z \u010desk\u00fdch reprezentantek se p\u0159edstavila pouze \u010desk\u00e1 \u0161ampionka Jitka \u010c\u00e1belick\u00e1 a Tereza Tvar\u016f\u017ekov\u00e1. Jitka \u010c\u00e1belick\u00e1 dokon\u010dila z\u00e1vod na 29. m\u00edst\u011b s mankem p\u0159es 11 minut a o t\u0159i kola m\u00e9n\u011b absolvovala Tereza Tvar\u016f\u017ekov\u00e1. Celkov\u00e9 po\u0159ad\u00ed Sv\u011btov\u00e9ho poh\u00e1ru ovl\u00e1dla \u0160v\u00fdcarka Alessandra Keller, kdy\u017e z \u010ce\u0161ek skon\u010dila nejv\u00fd\u0161e v po\u0159ad\u00ed 48. Jitka \u010c\u00e1belick\u00e1, 55. Jana Czeczinkarov\u00e1 a 57. Tereza Tvar\u016f\u017ekov\u00e1.<\/p>\n\n\n\n<p>V z\u00e1vod\u011b mu\u017e\u016f U23 potvrdil svoj\u00ed v\u00fdkonnost a dominanci Martin Vidaurre Kossmann z Chile. T\u0159in\u00e1ct\u00e9 m\u00edsto obsadil Jan Zatloukal, kter\u00fd ztratil na v\u00edt\u011bze p\u0159es t\u0159i minuty. Jan S\u00e1ska fini\u0161oval jako 49. a Filip Kone\u010dn\u00fd 54. V celkov\u00e9m hodnocen\u00ed Sv\u011btov\u00e9ho poh\u00e1ru skon\u010dil nejv\u00fd\u0161e 19. Jan S\u00e1ska, 29. Jan Zatloukal a 88. m\u00edsto obsadil Jan Zatloukal.<\/p>\n\n\n\n<p>Z \u010desk\u00fdch reprezentantek do t\u0159iadvaceti let se v It\u00e1lii nikdo nep\u0159edstavil. V celkov\u00e9m hodnocen\u00ed skon\u010dily nejl\u00e9pe na 23. m\u00edst\u011b Zuzana \u0160af\u00e1\u0159ov\u00e1, 43. Ad\u00e9la Holubov\u00e1 a 74. Karol\u00edna Bedrn\u00edkov\u00e1.&nbsp;<\/p>\n\n\n\n<p><strong>V\u00fdsledky:\u00a0<\/strong><\/p>\n\n\n\n<p>\u017deny U23: 1. Line Burquier (Fr., Canyon CLLCTV) 1:08:36, 2. Ronja Bl\u00f6chlinger (\u0160v\u00fdc.) +0:44 3. Noemie Garnier (Fr., Massi) +1:29.<\/p>\n\n\n\n<p>Mu\u017ei U23: 1. Martin Vidaurre Kossmann (Chi., Lexware MTB) 1:10:29, 2. David Domingo Campos Motos (\u0160p., BH Templo Caf\u00e9s) +0:45, 3. Gustavo Xavier de Oliveira Pereira (Bra., Specialized) +0:50 &#8230; 1<strong>3. Jan Zatloukal (Nutrend Specialized) +3:18, 49. Jan S\u00e1ska (Rouvy Specialized), +7:28, 54. Filip Kone\u010dn\u00fd (Nutrend Specialized) +7:51<\/strong>.<\/p>\n\n\n\n<p>\u017deny Elite: 1. Pauline F\u00e9rand Pr\u00e9vot (Fr., BMC) 1:20:23 2. Loana Lecomte (Fr., Canyon CLLCTV) +1:27 3. Jolanda Neff (\u0160v\u00fdc., Trek Factory) +2:29&#8230; <strong>29. Jitka \u010c\u00e1belick\u00e1 (Gapp System Kolofix) +11:12, 69. Tereza Tvar\u016f\u017ekov\u00e1 &#8211; 3 kola<\/strong>.<\/p>\n\n\n\n<p>Mu\u017ei Elite: 1. Titouan Carod (Fr., BMC) 1:22:02, 2. Nino Schurter (\u0160v\u00fdc., Scott Sram) +0:35, 3. Jordan Sarrou (Fr., Specialized Factory) +1:08 &#8230; <strong>14. Ond\u0159ej Cink (Kross Orlen) +3:06<\/strong>.<\/p>\n","protected":false},"excerpt":{"rendered":"<p>Posledn\u00ed d\u00edl Sv\u011btov\u00e9ho poh\u00e1ru horsk\u00fdch kol v cross country v italsk\u00e9m Val di Sole uzav\u0159el bikovou sv\u011btovou sc\u00e9nu. V elitn\u00edch mu\u017e\u00edch skon\u010dil z \u010desk\u00fdch reprezentant\u016f na 14. m\u00edst\u011b Ond\u0159ej Cink a mezi \u017eenami 29. m\u00edst\u011b Jitka \u010c\u00e1belick\u00e1. Da\u0159ilo se tak\u00e9 t\u0159iadvac\u00edtk\u00e1\u0159i Janu Zatloukalovi, kter\u00fd obsadil ve sv\u011btov\u00e9 konkurenci skv\u011bl\u00e9 13. m\u00edsto. Z\u00e1vod mu\u017e\u016f jasn\u011b ovl\u00e1dl [&hellip;]<\/p>\n","protected":false},"author":9,"featured_media":13565,"comment_status":"closed","ping_status":"open","sticky":false,"template":"","format":"standard","meta":{"footnotes":""},"categories":[6,2],"tags":[10],"class_list":["post-13581","post","type-post","status-publish","format-standard","has-post-thumbnail","hentry","category-mtb","category-novinky","tag-mtb"],"_links":{"self":[{"href":"https:\/\/www.czechcyclingfederation.com\/en\/wp-json\/wp\/v2\/posts\/13581","targetHints":{"allow":["GET"]}}],"collection":[{"href":"https:\/\/www.czechcyclingfederation.com\/en\/wp-json\/wp\/v2\/posts"}],"about":[{"href":"https:\/\/www.czechcyclingfederation.com\/en\/wp-json\/wp\/v2\/types\/post"}],"author":[{"embeddable":true,"href":"https:\/\/www.czechcyclingfederation.com\/en\/wp-json\/wp\/v2\/users\/9"}],"replies":[{"embeddable":true,"href":"https:\/\/www.czechcyclingfederation.com\/en\/wp-json\/wp\/v2\/comments?post=13581"}],"version-history":[{"count":1,"href":"https:\/\/www.czechcyclingfederation.com\/en\/wp-json\/wp\/v2\/posts\/13581\/revisions"}],"predecessor-version":[{"id":13582,"href":"https:\/\/www.czechcyclingfederation.com\/en\/wp-json\/wp\/v2\/posts\/13581\/revisions\/13582"}],"wp:featuredmedia":[{"embeddable":true,"href":"https:\/\/www.czechcyclingfederation.com\/en\/wp-json\/wp\/v2\/media\/13565"}],"wp:attachment":[{"href":"https:\/\/www.czechcyclingfederation.com\/en\/wp-json\/wp\/v2\/media?parent=13581"}],"wp:term":[{"taxonomy":"category","embeddable":true,"href":"https:\/\/www.czechcyclingfederation.com\/en\/wp-json\/wp\/v2\/categories?post=13581"},{"taxonomy":"post_tag","embeddable":true,"href":"https:\/\/www.czechcyclingfederation.com\/en\/wp-json\/wp\/v2\/tags?post=13581"}],"curies":[{"name":"wp","href":"https:\/\/api.w.org\/{rel}","templated":true}]}}