{"id":13573,"date":"2022-09-04T15:59:27","date_gmt":"2022-09-04T13:59:27","guid":{"rendered":"https:\/\/www.czechcyclingfederation.com\/?p=13573"},"modified":"2022-09-04T15:59:53","modified_gmt":"2022-09-04T13:59:53","slug":"zaverecny-maratonsky-pohar-vyhrali-adel-a-kalasova","status":"publish","type":"post","link":"https:\/\/www.czechcyclingfederation.com\/en\/zaverecny-maratonsky-pohar-vyhrali-adel-a-kalasova\/","title":{"rendered":"Z\u00e1v\u011bre\u010dn\u00fd maratonsk\u00fd poh\u00e1r vyhr\u00e1li Adel a Kala\u0161ov\u00e1"},"content":{"rendered":"\n<p><strong>Kross Harrachov, des\u00e1t\u00fd z\u00e1vod seri\u00e1lu <a href=\"http:\/\/www.iprimacup.cz\" target=\"_blank\" rel=\"noreferrer noopener\">Prima CUP<\/a>, za\u0159azen\u00fd do nejvy\u0161\u0161\u00ed dom\u00e1c\u00ed bikov\u00e9 sout\u011b\u017ee \u0160KODA AUTO \u010cesk\u00fd poh\u00e1r v maratonu, ovl\u00e1dli Filip Adel a Milena Kala\u0161ov\u00e1.<\/strong><\/p>\n\n\n\n<p>Harrachovsk\u00fd podnik s ide\u00e1ln\u00edmi podm\u00ednkami, slune\u010dn\u00fdm po\u010das\u00edm a p\u0159\u00edjemn\u00fdmi dvaceti stupni, nab\u00eddl \u00fa\u010dastn\u00edk\u016fm t\u0159i trasy o d\u00e9lk\u00e1ch 22, 48 a 115 kilometr\u016f.<\/p>\n\n\n\n<div class=\"wp-block-image\"><figure class=\"aligncenter size-large\"><img loading=\"lazy\" decoding=\"async\" width=\"1024\" height=\"684\" src=\"https:\/\/www.czechcyclingfederation.com\/wp-content\/uploads\/2022\/09\/Kross-Harrachov-start-zavodu-1024x684.jpg\" alt=\"\" class=\"wp-image-13575\" srcset=\"https:\/\/www.czechcyclingfederation.com\/wp-content\/uploads\/2022\/09\/Kross-Harrachov-start-zavodu-1024x684.jpg 1024w, https:\/\/www.czechcyclingfederation.com\/wp-content\/uploads\/2022\/09\/Kross-Harrachov-start-zavodu-300x200.jpg 300w, https:\/\/www.czechcyclingfederation.com\/wp-content\/uploads\/2022\/09\/Kross-Harrachov-start-zavodu-768x513.jpg 768w, https:\/\/www.czechcyclingfederation.com\/wp-content\/uploads\/2022\/09\/Kross-Harrachov-start-zavodu-1536x1025.jpg 1536w, https:\/\/www.czechcyclingfederation.com\/wp-content\/uploads\/2022\/09\/Kross-Harrachov-start-zavodu-1320x881.jpg 1320w, https:\/\/www.czechcyclingfederation.com\/wp-content\/uploads\/2022\/09\/Kross-Harrachov-start-zavodu.jpg 2048w\" sizes=\"auto, (max-width: 1024px) 100vw, 1024px\" \/><\/figure><\/div>\n\n\n\n<p>Jako prvn\u00ed, se v brzk\u00fdch rann\u00edch hodin\u00e1ch a p\u011bti stupn\u00edch Celsia, vydala na \u0161taci po Krkono\u0161\u00edch nejdel\u0161\u00ed trasa A. Na startu se se\u0161li jak tuzem\u0161t\u00ed, tak zahrani\u010dn\u00ed favorit\u00e9 nap\u0159\u00edklad z Polska a N\u011bmecka. Nechyb\u011bli ani \u00fa\u010dastn\u00edci nadch\u00e1zej\u00edc\u00edho mistrovstv\u00ed sv\u011bta v maratonu, kte\u0159\u00ed z\u00e1vod za\u0159adili do sv\u00e9 p\u0159\u00edpravy.<\/p>\n\n\n\n<div class=\"wp-block-image\"><figure class=\"aligncenter size-large\"><img loading=\"lazy\" decoding=\"async\" width=\"1024\" height=\"682\" src=\"https:\/\/www.czechcyclingfederation.com\/wp-content\/uploads\/2022\/09\/Kross-Harrachov-Filip-Adel-1024x682.jpg\" alt=\"\" class=\"wp-image-13576\" srcset=\"https:\/\/www.czechcyclingfederation.com\/wp-content\/uploads\/2022\/09\/Kross-Harrachov-Filip-Adel-1024x682.jpg 1024w, https:\/\/www.czechcyclingfederation.com\/wp-content\/uploads\/2022\/09\/Kross-Harrachov-Filip-Adel-300x200.jpg 300w, https:\/\/www.czechcyclingfederation.com\/wp-content\/uploads\/2022\/09\/Kross-Harrachov-Filip-Adel-768x511.jpg 768w, https:\/\/www.czechcyclingfederation.com\/wp-content\/uploads\/2022\/09\/Kross-Harrachov-Filip-Adel-1536x1022.jpg 1536w, https:\/\/www.czechcyclingfederation.com\/wp-content\/uploads\/2022\/09\/Kross-Harrachov-Filip-Adel-1320x878.jpg 1320w, https:\/\/www.czechcyclingfederation.com\/wp-content\/uploads\/2022\/09\/Kross-Harrachov-Filip-Adel.jpg 2048w\" sizes=\"auto, (max-width: 1024px) 100vw, 1024px\" \/><\/figure><\/div>\n\n\n\n<p>Nejzku\u0161en\u011bj\u0161\u00ed a hork\u00fd favorit Filip Adel, kter\u00fd na toto\u017en\u00e9 trase, na n\u00ed\u017e se loni uskute\u010dnil dom\u00e1c\u00ed \u0161ampion\u00e1t, ji\u017e od startu potvrzoval svoj\u00ed skv\u011blou formu. \u010cesk\u00fd reprezentant a jezdec t\u00fdmu Superior se stal jedin\u00fdm mu\u017eem, kter\u00fd trasu o d\u00e9lce 115 kilometr\u016f zvl\u00e1dl pod \u0161est hodin (5:55) a slavil v harrachovsk\u00e9m biatlonov\u00e9m are\u00e1lu v\u00edt\u011bzstv\u00ed. Druh\u00fdm nejrychlej\u0161\u00edm mu\u017eem s \u010dasem \u0161est\u00a0 hodin a t\u0159i minuty se stal Michal Bub\u00edlek z celku Kross Bikeranch Team. T\u0159et\u00ed m\u00edsto bral v \u010dervenob\u00edl\u00fdch barv\u00e1ch Michal Kan\u011bra, ten dojel v t\u011bsn\u00edm z\u00e1v\u011bsu se ztr\u00e1tou deset vte\u0159in za Bub\u00edlkem.<\/p>\n\n\n\n<div class=\"wp-block-image\"><figure class=\"aligncenter size-large\"><img loading=\"lazy\" decoding=\"async\" width=\"1024\" height=\"682\" src=\"https:\/\/www.czechcyclingfederation.com\/wp-content\/uploads\/2022\/09\/Kross-Harrachov-Milena-Kalasova-1-1024x682.jpg\" alt=\"\" class=\"wp-image-13577\" srcset=\"https:\/\/www.czechcyclingfederation.com\/wp-content\/uploads\/2022\/09\/Kross-Harrachov-Milena-Kalasova-1-1024x682.jpg 1024w, https:\/\/www.czechcyclingfederation.com\/wp-content\/uploads\/2022\/09\/Kross-Harrachov-Milena-Kalasova-1-300x200.jpg 300w, https:\/\/www.czechcyclingfederation.com\/wp-content\/uploads\/2022\/09\/Kross-Harrachov-Milena-Kalasova-1-768x511.jpg 768w, https:\/\/www.czechcyclingfederation.com\/wp-content\/uploads\/2022\/09\/Kross-Harrachov-Milena-Kalasova-1-1536x1022.jpg 1536w, https:\/\/www.czechcyclingfederation.com\/wp-content\/uploads\/2022\/09\/Kross-Harrachov-Milena-Kalasova-1-1320x878.jpg 1320w, https:\/\/www.czechcyclingfederation.com\/wp-content\/uploads\/2022\/09\/Kross-Harrachov-Milena-Kalasova-1.jpg 2048w\" sizes=\"auto, (max-width: 1024px) 100vw, 1024px\" \/><\/figure><\/div>\n\n\n\n<p>Mezi \u017eenami nechyb\u011bla na startu favoritka a dom\u00e1c\u00ed \u0161ampionka Milena Kala\u0161ov\u00e1. \u010clenka t\u00fdmu K3 Performance dokon\u010dila z\u00e1vod na skv\u011bl\u00e9m osmn\u00e1ct\u00e9m m\u00edst\u011b v celkov\u00e9m po\u0159ad\u00ed mu\u017e\u016f a \u017een a jasn\u011b zv\u00edt\u011bzila s \u010dasem 7 hodin a 15 minut. Druhou nejrychlej\u0161\u00ed \u017eenou se stala Kate\u0159ina Krut\u00edkov\u00e1 (Bike Pro Racing) s \u010dasem p\u0159es osm a p\u016fl hodiny. Na stupn\u00edch je doplnila Veronika \u0160varcov\u00e1 z t\u00fdmu Jezdinakole Rideczech, kter\u00e1 trasu zdolala t\u011bsn\u011b pod 11 hodin.<\/p>\n\n\n\n<div class=\"wp-block-image\"><figure class=\"aligncenter size-large\"><img loading=\"lazy\" decoding=\"async\" width=\"1024\" height=\"683\" src=\"https:\/\/www.czechcyclingfederation.com\/wp-content\/uploads\/2022\/09\/Kross-Harrachov-start-trasy-B-1024x683.jpg\" alt=\"\" class=\"wp-image-13579\" srcset=\"https:\/\/www.czechcyclingfederation.com\/wp-content\/uploads\/2022\/09\/Kross-Harrachov-start-trasy-B-1024x683.jpg 1024w, https:\/\/www.czechcyclingfederation.com\/wp-content\/uploads\/2022\/09\/Kross-Harrachov-start-trasy-B-300x200.jpg 300w, https:\/\/www.czechcyclingfederation.com\/wp-content\/uploads\/2022\/09\/Kross-Harrachov-start-trasy-B-768x512.jpg 768w, https:\/\/www.czechcyclingfederation.com\/wp-content\/uploads\/2022\/09\/Kross-Harrachov-start-trasy-B-1536x1024.jpg 1536w, https:\/\/www.czechcyclingfederation.com\/wp-content\/uploads\/2022\/09\/Kross-Harrachov-start-trasy-B-1320x880.jpg 1320w, https:\/\/www.czechcyclingfederation.com\/wp-content\/uploads\/2022\/09\/Kross-Harrachov-start-trasy-B.jpg 2048w\" sizes=\"auto, (max-width: 1024px) 100vw, 1024px\" \/><\/figure><\/div>\n\n\n\n<p>S trasou B o d\u00e9lce 48 kilometr\u016f se nejl\u00e9pe popasovali Adam Lavi\u010dka z Kross Bikeranch Team a Andrea Bruncl\u00edkov\u00e1 v barv\u00e1ch Head Eleven CST Cyklolive. Na 22 kilometrov\u00e9 trase dominovali Patrik Pokorn\u00fd (Bike 8144) a Anna Kr\u00e1\u010dmarov\u00e1 (Levit Loko Trutnov).<\/p>\n\n\n\n<p>Seri\u00e1l Prima CUP nyn\u00ed \u010dek\u00e1 v tradi\u010dn\u00ed term\u00edn 28. z\u00e1\u0159\u00ed v Hradci Kr\u00e1lov\u00e9 exhibi\u010dn\u00ed z\u00e1vod <a href=\"http:\/\/www.iprimacup.cz\/22-gocarovyschody\/\">\u0160KODA AUTO Go\u010d\u00e1rovy schody<\/a>. Na 1. \u0159\u00edjna p\u0159ipad\u00e1 z\u00e1v\u011bre\u010dn\u00fd podnik <a href=\"http:\/\/www.iprimacup.cz\/22-mikulov\/\">Decathlon Mikulov<\/a>, kde se rozlou\u010d\u00edme s cyklistickou sez\u00f3nou za doprovodu kvalitn\u00edho moravsk\u00e9ho v\u00edna a cimb\u00e1lov\u00e9 muziky.&nbsp;<\/p>\n","protected":false},"excerpt":{"rendered":"<p>Kross Harrachov, des\u00e1t\u00fd z\u00e1vod seri\u00e1lu Prima CUP, za\u0159azen\u00fd do nejvy\u0161\u0161\u00ed dom\u00e1c\u00ed bikov\u00e9 sout\u011b\u017ee \u0160KODA AUTO \u010cesk\u00fd poh\u00e1r v maratonu, ovl\u00e1dli Filip Adel a Milena Kala\u0161ov\u00e1. Harrachovsk\u00fd podnik s ide\u00e1ln\u00edmi podm\u00ednkami, slune\u010dn\u00fdm po\u010das\u00edm a p\u0159\u00edjemn\u00fdmi dvaceti stupni, nab\u00eddl \u00fa\u010dastn\u00edk\u016fm t\u0159i trasy o d\u00e9lk\u00e1ch 22, 48 a 115 kilometr\u016f. Jako prvn\u00ed, se v brzk\u00fdch rann\u00edch hodin\u00e1ch a [&hellip;]<\/p>\n","protected":false},"author":9,"featured_media":13574,"comment_status":"closed","ping_status":"open","sticky":false,"template":"","format":"standard","meta":{"footnotes":""},"categories":[6,2],"tags":[10],"class_list":["post-13573","post","type-post","status-publish","format-standard","has-post-thumbnail","hentry","category-mtb","category-novinky","tag-mtb"],"_links":{"self":[{"href":"https:\/\/www.czechcyclingfederation.com\/en\/wp-json\/wp\/v2\/posts\/13573","targetHints":{"allow":["GET"]}}],"collection":[{"href":"https:\/\/www.czechcyclingfederation.com\/en\/wp-json\/wp\/v2\/posts"}],"about":[{"href":"https:\/\/www.czechcyclingfederation.com\/en\/wp-json\/wp\/v2\/types\/post"}],"author":[{"embeddable":true,"href":"https:\/\/www.czechcyclingfederation.com\/en\/wp-json\/wp\/v2\/users\/9"}],"replies":[{"embeddable":true,"href":"https:\/\/www.czechcyclingfederation.com\/en\/wp-json\/wp\/v2\/comments?post=13573"}],"version-history":[{"count":1,"href":"https:\/\/www.czechcyclingfederation.com\/en\/wp-json\/wp\/v2\/posts\/13573\/revisions"}],"predecessor-version":[{"id":13580,"href":"https:\/\/www.czechcyclingfederation.com\/en\/wp-json\/wp\/v2\/posts\/13573\/revisions\/13580"}],"wp:featuredmedia":[{"embeddable":true,"href":"https:\/\/www.czechcyclingfederation.com\/en\/wp-json\/wp\/v2\/media\/13574"}],"wp:attachment":[{"href":"https:\/\/www.czechcyclingfederation.com\/en\/wp-json\/wp\/v2\/media?parent=13573"}],"wp:term":[{"taxonomy":"category","embeddable":true,"href":"https:\/\/www.czechcyclingfederation.com\/en\/wp-json\/wp\/v2\/categories?post=13573"},{"taxonomy":"post_tag","embeddable":true,"href":"https:\/\/www.czechcyclingfederation.com\/en\/wp-json\/wp\/v2\/tags?post=13573"}],"curies":[{"name":"wp","href":"https:\/\/api.w.org\/{rel}","templated":true}]}}