{"id":1357,"date":"2020-07-14T09:33:14","date_gmt":"2020-07-14T07:33:14","guid":{"rendered":"http:\/\/www.czechcyclingfederation.com\/?p=1357"},"modified":"2020-07-18T18:38:38","modified_gmt":"2020-07-18T16:38:38","slug":"ostry-start-silnicni-sezony-v-zabori","status":"publish","type":"post","link":"https:\/\/www.czechcyclingfederation.com\/en\/ostry-start-silnicni-sezony-v-zabori\/","title":{"rendered":"\u0160KODA CUP startuje ji\u017e tuto sobotu"},"content":{"rendered":"\n<p><\/p>\n\n\n\n<p>Silni\u010dn\u00ed sezona m\u011bla b\u00fdt ji\u017e v&nbsp;pln\u00e9m proudu, ale vzhledem ke koronavirov\u00e9 epidemii za\u010dne prakticky a\u017e t\u0159et\u00ed \u010dervencov\u00fd v\u00edkend. V&nbsp;Z\u00e1bo\u0159\u00ed, nedaleko Blatn\u00e9, odstartuje v sobotu 18. \u010dervence ve 13:00 \u0160KODA CUP 2020 &#8211; \u010cesk\u00fd poh\u00e1r. Ten je z\u00e1rove\u0148 i prvn\u00ed etapou 55. ro\u010dn\u00edku z\u00e1vodu Lidice 2020.<\/p>\n\n\n\n<p>Okruh v&nbsp;Z\u00e1bo\u0159\u00ed po trase Z\u00e1bo\u0159\u00ed \u2013 La\u017e\u00e1nky \u2013 Jind\u0159ichovice \u2013 Bratronice \u2013 \u010ce\u010delovice m\u011b\u0159\u00ed 12 kilometr\u016f, celkem jej jezdci absolvuj\u00ed, celkem tedy v&nbsp;z\u00e1vod\u011b absolvuj\u00ed 156 kilometr\u016f. P\u0159ed rokem na n\u011bm slavil v\u00edt\u011bzstv\u00ed Ji\u0159\u00ed Petru\u0161 (Topforex -Lapierre Pro Cycling) p\u0159ed Michalem Kukrlem (Elkov Author cycling team) a Martinem Boubalem (CK P\u0159\u00edbram &#8211; Fany GASTRO). Prvn\u00ed dva by m\u011bli v\u00fdt na startu i tentokr\u00e1t, Boubal ukon\u010dil z\u00e1vodn\u00ed kari\u00e9ru.<\/p>\n\n\n\n<p>\u201eV&nbsp;Z\u00e1bo\u0159\u00ed o\u010dek\u00e1v\u00e1me silnou konkurenci. Krom\u011b prakticky cel\u00e9 dom\u00e1c\u00ed \u0161pi\u010dky m\u00e1me p\u0159ihl\u00e1\u0161ky t\u00fdm\u016f z Rakousko a N\u011bmecka. Tra\u0165 z\u016fstala stejn\u00e1. Loni si to v\u0161ichni chv\u00e1lili a v\u011b\u0159\u00edme, \u017ee se bude z\u00e1vodit stejn\u011b jako p\u0159ed rokem. Maximum je 176 startuj\u00edc\u00edch a tomu \u010d\u00edslu se budeme minim\u00e1ln\u011b bl\u00ed\u017eit,\u201c \u0159ekl za organiz\u00e1tory ze spole\u010dnosti Cyklo \u2013 Lidice Marek Volf.<\/p>\n\n\n\n<p>Reprezenta\u010dn\u00ed kou\u010d Tom\u00e1\u0161 Kone\u010dn\u00fd p\u0159edpokl\u00e1dal, \u017ee na start se postav\u00ed i \u010desk\u00fd v\u00fdb\u011br, ale z&nbsp;toho nakonec se\u0161lo. \u201eT\u0159eba Karel Vacek, Jan \u010cern\u00fd, Jan Hirt, Zden\u011bk \u0160tybar \u010di Roman Kreuziger s&nbsp;t\u00edm po\u010d\u00edtali, ale za\u010dala \u010di za\u010d\u00ednaj\u00ed jim t\u00fdmov\u00e1 soust\u0159ed\u011bn\u00ed, tak\u017ee z&nbsp;toho se\u0161lo. UCI ale povolila v \u010dervenci a srpnu start jezdc\u016f na podobn\u00fdch z\u00e1vodech ve sv\u00fdch dresech, tak\u017ee j\u00e1 tam zabezpe\u010d\u00edm dvojici Vojt\u011bch Sedl\u00e1\u010dek a &nbsp;Richard Holec,\u201c \u0159ekl Kone\u010dn\u00fd.<\/p>\n\n\n\n<p>Z\u00e1vod \u0160KODA CUPu 2020 v&nbsp;Z\u00e1bo\u0159\u00ed je z\u00e1rove\u0148 prvn\u00ed etapou z\u00e1vodu Lidice 2020. \u201ePo roce se s&nbsp;druhou etapou vrac\u00edme zp\u011bt do Lidic. Je to vlastn\u011b takov\u00e9 krit\u00e9rium na kr\u00e1tk\u00fdch okruz\u00edch a startovat by tam m\u011bli i zahrani\u010dn\u00ed jezdci, kte\u0159\u00ed pojedou v&nbsp;Z\u00e1bo\u0159\u00ed a douf\u00e1me, \u017ee i ty \u010desk\u00e9 t\u00fdmy,\u201c dodal Marek Volf.<\/p>\n\n\n\n<p>Term\u00edny z\u00e1vod\u016f \u0160koda Cupu:<\/p>\n\n\n\n<p>18. \u010dervence: Z\u00e1bo\u0159\u00ed<\/p>\n\n\n\n<p>30. srpna: Ostrava<\/p>\n\n\n\n<p>27. z\u00e1\u0159\u00ed: Kyjov<\/p>\n\n\n\n<p>3. \u0159\u00edjna: Rokycany<\/p>\n\n\n\n<p>4. \u0159\u00edjna: Mlad\u00e1 Boleslav<\/p>\n\n\n\n<p>11. \u0159\u00edjna: Brno &#8211; Mikulov\/Visegr\u00e1dsk\u00e1 \u010dty\u0159ka<\/p>\n\n\n<div class=\"wp-block-file\">\r\n                <a target=\"_blank\" rel=\"noopener\" href=\"https:\/\/www.czechcyclingfederation.com\/wp-content\/uploads\/2020\/07\/proposition-37.pdf\" class=\"wp-block-file__button wp-element-button\">\r\n                    <span class=\"wp-block-file__icon\"><\/span>\r\n                    proposition-37\r\n                <\/a>\r\n            <\/div>\n\n\n<figure class=\"wp-block-image size-large\"><img loading=\"lazy\" decoding=\"async\" width=\"1024\" height=\"768\" src=\"https:\/\/www.czechcyclingfederation.com\/wp-content\/uploads\/2020\/07\/CBA88852-0EDC-4D49-B871-8461F7F2FBD0-1024x768.jpeg\" alt=\"\" class=\"wp-image-1366\" srcset=\"https:\/\/www.czechcyclingfederation.com\/wp-content\/uploads\/2020\/07\/CBA88852-0EDC-4D49-B871-8461F7F2FBD0-1024x768.jpeg 1024w, https:\/\/www.czechcyclingfederation.com\/wp-content\/uploads\/2020\/07\/CBA88852-0EDC-4D49-B871-8461F7F2FBD0-267x200.jpeg 267w, https:\/\/www.czechcyclingfederation.com\/wp-content\/uploads\/2020\/07\/CBA88852-0EDC-4D49-B871-8461F7F2FBD0-768x576.jpeg 768w, https:\/\/www.czechcyclingfederation.com\/wp-content\/uploads\/2020\/07\/CBA88852-0EDC-4D49-B871-8461F7F2FBD0-1536x1151.jpeg 1536w, https:\/\/www.czechcyclingfederation.com\/wp-content\/uploads\/2020\/07\/CBA88852-0EDC-4D49-B871-8461F7F2FBD0-2048x1535.jpeg 2048w, https:\/\/www.czechcyclingfederation.com\/wp-content\/uploads\/2020\/07\/CBA88852-0EDC-4D49-B871-8461F7F2FBD0-1320x990.jpeg 1320w\" sizes=\"auto, (max-width: 1024px) 100vw, 1024px\" \/><\/figure>\n","protected":false},"excerpt":{"rendered":"<p>Silni\u010dn\u00ed sezona m\u011bla b\u00fdt ji\u017e v&nbsp;pln\u00e9m proudu, ale vzhledem ke koronavirov\u00e9 epidemii za\u010dne prakticky a\u017e t\u0159et\u00ed \u010dervencov\u00fd v\u00edkend. V&nbsp;Z\u00e1bo\u0159\u00ed, nedaleko Blatn\u00e9, odstartuje v sobotu 18. \u010dervence ve 13:00 \u0160KODA CUP 2020 &#8211; \u010cesk\u00fd poh\u00e1r. Ten je z\u00e1rove\u0148 i prvn\u00ed etapou 55. ro\u010dn\u00edku z\u00e1vodu Lidice 2020. Okruh v&nbsp;Z\u00e1bo\u0159\u00ed po trase Z\u00e1bo\u0159\u00ed \u2013 La\u017e\u00e1nky \u2013 Jind\u0159ichovice \u2013 [&hellip;]<\/p>\n","protected":false},"author":8,"featured_media":1366,"comment_status":"closed","ping_status":"open","sticky":false,"template":"","format":"standard","meta":{"footnotes":""},"categories":[2,18],"tags":[11],"class_list":["post-1357","post","type-post","status-publish","format-standard","has-post-thumbnail","hentry","category-novinky","category-silnice","tag-silnice"],"_links":{"self":[{"href":"https:\/\/www.czechcyclingfederation.com\/en\/wp-json\/wp\/v2\/posts\/1357","targetHints":{"allow":["GET"]}}],"collection":[{"href":"https:\/\/www.czechcyclingfederation.com\/en\/wp-json\/wp\/v2\/posts"}],"about":[{"href":"https:\/\/www.czechcyclingfederation.com\/en\/wp-json\/wp\/v2\/types\/post"}],"author":[{"embeddable":true,"href":"https:\/\/www.czechcyclingfederation.com\/en\/wp-json\/wp\/v2\/users\/8"}],"replies":[{"embeddable":true,"href":"https:\/\/www.czechcyclingfederation.com\/en\/wp-json\/wp\/v2\/comments?post=1357"}],"version-history":[{"count":4,"href":"https:\/\/www.czechcyclingfederation.com\/en\/wp-json\/wp\/v2\/posts\/1357\/revisions"}],"predecessor-version":[{"id":1367,"href":"https:\/\/www.czechcyclingfederation.com\/en\/wp-json\/wp\/v2\/posts\/1357\/revisions\/1367"}],"wp:featuredmedia":[{"embeddable":true,"href":"https:\/\/www.czechcyclingfederation.com\/en\/wp-json\/wp\/v2\/media\/1366"}],"wp:attachment":[{"href":"https:\/\/www.czechcyclingfederation.com\/en\/wp-json\/wp\/v2\/media?parent=1357"}],"wp:term":[{"taxonomy":"category","embeddable":true,"href":"https:\/\/www.czechcyclingfederation.com\/en\/wp-json\/wp\/v2\/categories?post=1357"},{"taxonomy":"post_tag","embeddable":true,"href":"https:\/\/www.czechcyclingfederation.com\/en\/wp-json\/wp\/v2\/tags?post=1357"}],"curies":[{"name":"wp","href":"https:\/\/api.w.org\/{rel}","templated":true}]}}