{"id":13557,"date":"2022-08-31T09:20:20","date_gmt":"2022-08-31T07:20:20","guid":{"rendered":"https:\/\/www.czechcyclingfederation.com\/?p=13557"},"modified":"2022-08-31T09:20:22","modified_gmt":"2022-08-31T07:20:22","slug":"mcr-v-kolove-do-23-let","status":"publish","type":"post","link":"https:\/\/www.czechcyclingfederation.com\/en\/mcr-v-kolove-do-23-let\/","title":{"rendered":"M\u010cR v kolov\u00e9 do 23 let"},"content":{"rendered":"\n<p>Na sklonku srpna se v&nbsp;Brn\u011b uskute\u010dnilo Mistrovstv\u00ed \u010cesk\u00e9 republiky v&nbsp;kolov\u00e9 do 23 let. Z\u00e1v\u011bre\u010dn\u00e9ho turnaje se z\u00fa\u010dastnilo \u0161est nejlep\u0161\u00edch t\u00fdm\u016f. Jmenovit\u011b 3 dvojice ze zl\u00edna, dv\u011b ze Svit\u00e1vka a&nbsp;jedna z&nbsp;\u0160itbo\u0159ic. Motivac\u00ed byl pro v\u0161echny z\u00fa\u010dastn\u011bn\u00e9 zisk titulu Mistra \u010cR a&nbsp;p\u0159edev\u0161\u00edm n\u00e1sledn\u00e1 kvalifikace na nadch\u00e1zej\u00edc\u00ed mistrovstv\u00ed evropy v&nbsp;N\u011bmecku. I&nbsp;d\u00edky vidin\u011b reprezentace se turnaj odehr\u00e1val ve skv\u011bl\u00e9 atmosf\u00e9\u0159e s&nbsp;pln\u00fdm nasazen\u00edm v\u0161ech t\u00fdm\u016f.<\/p>\n\n\n\n<p>Leto\u0161n\u00ed kategorie do 23 let je pom\u011brn\u011b vyrovnan\u00e1 a&nbsp;na bedn\u011b mohl skon\u010dit prakticky kdokoliv ze z\u00fa\u010dastn\u011bn\u00fdch. Bodov\u00e9 rozd\u00edly nap\u0159\u00ed\u010d kone\u010dnou v\u00fdsledkovou tabulkou byly velmi t\u011bsn\u00e9. Nakonec se na t\u0159et\u00ed p\u0159\u00ed\u010dce um\u00edstila dvojice \u0160itbo\u0159ice ve slo\u017een\u00ed Martin Drab\u00e1lek a&nbsp;\u0160t\u011bp\u00e1n Urb\u00e1nek. St\u0159\u00edbrnou medaili pak vybojovali Honza Hrdli\u010dka a&nbsp;Honza Kripner z&nbsp;SC Svit\u00e1vky.<\/p>\n\n\n\n<figure class=\"wp-block-embed is-type-video is-provider-youtube wp-block-embed-youtube wp-embed-aspect-16-9 wp-has-aspect-ratio\"><div class=\"wp-block-embed__wrapper\">\n<iframe loading=\"lazy\" title=\"Mistrovstv\u00ed \u010cR v kolov\u00e9 do 23 let\" width=\"500\" height=\"281\" src=\"https:\/\/www.youtube.com\/embed\/Y4wyaJ05AHk?feature=oembed\" frameborder=\"0\" allow=\"accelerometer; autoplay; clipboard-write; encrypted-media; gyroscope; picture-in-picture; web-share\" referrerpolicy=\"strict-origin-when-cross-origin\" allowfullscreen><\/iframe>\n<\/div><\/figure>\n\n\n\n<p>Turnaji dle o\u010dek\u00e1v\u00e1n\u00ed dominoval prvn\u00ed zl\u00ednsk\u00fd t\u00fdm ve slo\u017een\u00ed Radek Adam a&nbsp;Tom\u00e1\u0161 Hor\u00e1k. Dvojice se stala Mistry republiky a&nbsp;pro\u0161la turnajem pom\u011brn\u011b jednozna\u010dn\u011b a&nbsp;bez ztr\u00e1ty bodu. Upevnila si tak\u00e9 pozici v&nbsp;nomina\u010dn\u00ed tabulce a&nbsp;u\u017e te\u010f je jist\u00e9 \u017ee oba jmenovan\u00ed budou reprezentovat \u010cR 17.&nbsp;z\u00e1\u0159\u00ed na Mistrovstv\u00ed Evropy.<\/p>\n\n\n\n<p><strong>T\u00edmto bychom v\u00e1s tak\u00e9 cht\u011bli pozvat na 3.&nbsp;kolo nejvy\u0161\u0161\u00ed \u010desk\u00e9 ligy elite Extraligy, kter\u00e9 se uskute\u010dn\u00ed v&nbsp;ned\u011bli 4.9.2022 ve Svit\u00e1vce.<\/strong><\/p>\n\n\n\n<h3 class=\"wp-block-heading\"><strong>V\u00fdsledkov\u00e1 tabulka<\/strong><\/h3>\n\n\n\n<figure class=\"wp-block-image\"><img decoding=\"async\" src=\"https:\/\/ceskakolova.cz\/wp-content\/uploads\/2022\/08\/tabulka-1024x288.png\" alt=\"\" class=\"wp-image-5934\"\/><\/figure>\n\n\n\n<p>AUTOR: Ji\u0159\u00ed Hrdli\u010dka<\/p>\n\n\n\n<p>FOTO: Marek Topol\u00e1\u0159<\/p>\n","protected":false},"excerpt":{"rendered":"<p>Na sklonku srpna se v&nbsp;Brn\u011b uskute\u010dnilo Mistrovstv\u00ed \u010cesk\u00e9 republiky v&nbsp;kolov\u00e9 do 23 let. Z\u00e1v\u011bre\u010dn\u00e9ho turnaje se z\u00fa\u010dastnilo \u0161est nejlep\u0161\u00edch t\u00fdm\u016f. Jmenovit\u011b 3 dvojice ze zl\u00edna, dv\u011b ze Svit\u00e1vka a&nbsp;jedna z&nbsp;\u0160itbo\u0159ic. Motivac\u00ed byl pro v\u0161echny z\u00fa\u010dastn\u011bn\u00e9 zisk titulu Mistra \u010cR a&nbsp;p\u0159edev\u0161\u00edm n\u00e1sledn\u00e1 kvalifikace na nadch\u00e1zej\u00edc\u00ed mistrovstv\u00ed evropy v&nbsp;N\u011bmecku. I&nbsp;d\u00edky vidin\u011b reprezentace se turnaj odehr\u00e1val ve skv\u011bl\u00e9 [&hellip;]<\/p>\n","protected":false},"author":1,"featured_media":13558,"comment_status":"closed","ping_status":"open","sticky":false,"template":"","format":"standard","meta":{"footnotes":""},"categories":[17,2,60],"tags":[61],"class_list":["post-13557","post","type-post","status-publish","format-standard","has-post-thumbnail","hentry","category-discipliny","category-novinky","category-salovka","tag-salovka"],"_links":{"self":[{"href":"https:\/\/www.czechcyclingfederation.com\/en\/wp-json\/wp\/v2\/posts\/13557","targetHints":{"allow":["GET"]}}],"collection":[{"href":"https:\/\/www.czechcyclingfederation.com\/en\/wp-json\/wp\/v2\/posts"}],"about":[{"href":"https:\/\/www.czechcyclingfederation.com\/en\/wp-json\/wp\/v2\/types\/post"}],"author":[{"embeddable":true,"href":"https:\/\/www.czechcyclingfederation.com\/en\/wp-json\/wp\/v2\/users\/1"}],"replies":[{"embeddable":true,"href":"https:\/\/www.czechcyclingfederation.com\/en\/wp-json\/wp\/v2\/comments?post=13557"}],"version-history":[{"count":1,"href":"https:\/\/www.czechcyclingfederation.com\/en\/wp-json\/wp\/v2\/posts\/13557\/revisions"}],"predecessor-version":[{"id":13559,"href":"https:\/\/www.czechcyclingfederation.com\/en\/wp-json\/wp\/v2\/posts\/13557\/revisions\/13559"}],"wp:featuredmedia":[{"embeddable":true,"href":"https:\/\/www.czechcyclingfederation.com\/en\/wp-json\/wp\/v2\/media\/13558"}],"wp:attachment":[{"href":"https:\/\/www.czechcyclingfederation.com\/en\/wp-json\/wp\/v2\/media?parent=13557"}],"wp:term":[{"taxonomy":"category","embeddable":true,"href":"https:\/\/www.czechcyclingfederation.com\/en\/wp-json\/wp\/v2\/categories?post=13557"},{"taxonomy":"post_tag","embeddable":true,"href":"https:\/\/www.czechcyclingfederation.com\/en\/wp-json\/wp\/v2\/tags?post=13557"}],"curies":[{"name":"wp","href":"https:\/\/api.w.org\/{rel}","templated":true}]}}